{"id":14063,"date":"2022-02-24T19:31:29","date_gmt":"2022-02-24T19:31:29","guid":{"rendered":"https:\/\/tintafresca.net\/?p=14063"},"modified":"2022-02-24T19:35:02","modified_gmt":"2022-02-24T19:35:02","slug":"cdu-congratula-se-com-a-marcacao-de-reunioes-em-todas-as-freguesias-sobre-o-pdm-de-alcobaca","status":"publish","type":"post","link":"https:\/\/tintafresca.net\/index.php\/2022\/02\/24\/cdu-congratula-se-com-a-marcacao-de-reunioes-em-todas-as-freguesias-sobre-o-pdm-de-alcobaca\/","title":{"rendered":"CDU congratula-se com a marca\u00e7\u00e3o de reuni\u00f5es em todas as freguesias sobre o PDM de Alcoba\u00e7a"},"content":{"rendered":"<div id=\"attachment_13828\" style=\"width: 510px\" class=\"wp-caption alignleft\"><img loading=\"lazy\" decoding=\"async\" aria-describedby=\"caption-attachment-13828\" class=\"wp-image-13828 size-full\" src=\"https:\/\/tintafresca.net\/wp-content\/uploads\/2022\/02\/Alcobaca_Mosteiro10.jpg\" alt=\"\" width=\"500\" height=\"281\" \/><p id=\"caption-attachment-13828\" class=\"wp-caption-text\">Cidade de Alcoba\u00e7a<\/p><\/div>\n<p>A CDU emitiu, no dia 21 de fevereiro, uma primeira nota ao processo de revis\u00e3o do PDM de Alcoba\u00e7a, come\u00e7ando por lembrar que o PSD prometeu rever o PDM, Plano Diretor Municipal, em 2001, em plena campanha eleitoral, editando um op\u00fasculo (folheto) justificando as raz\u00f5es e que a revis\u00e3o obrigat\u00f3ria devia ter acontecido aos 10 anos, 2007, e tamb\u00e9m n\u00e3o aconteceu.<\/p>\n<p>Por outro lado, sublinha que \u201cem 2011 houve uma boa mobiliza\u00e7\u00e3o de mun\u00edcipes descontentes com os obst\u00e1culos que o PDM em vigor, colocavam ao desenvolvimento de projetos concretos&#8221; e que, \u201cagora, com a amea\u00e7a de que os munic\u00edpios sem PDM revisto at\u00e9 31.12.2022, n\u00e3o teriam acesso a fundos europeus, finalmente podemos discutir, apresentar propostas, reclamar do que \u00e9 o conte\u00fado de revis\u00e3o, em discuss\u00e3o p\u00fablica.\u201d<\/p>\n<p>A CDU recomenda a participa\u00e7\u00e3o de todos, dos que conhecem bem a realidade global do PDM que esteve em vigor e do que consta na revis\u00e3o, mas tamb\u00e9m de cada mun\u00edcipe que v\u00ea obst\u00e1culos ao plano pessoal, ou de empresa, que pretende executar no futuro.<\/p>\n<p>A CDU sempre reclamou reuni\u00f5es regulares em cada freguesia, nomeadamente sobre o Plano Estrat\u00e9gico do concelho de Alcoba\u00e7a e recorda que s\u00f3 houve em 4 freguesias. Por isso, congratula-se com a marca\u00e7\u00e3o agora de reuni\u00f5es em todas as freguesias para este processo. No entanto, defende que o Plano Estrat\u00e9gico de 2016 n\u00e3o deve ser ignorado nos documentos que podem ser consultados em v\u00e1rios pontos do concelho e no site do munic\u00edpio.<\/p>\n<p>Considera tamb\u00e9m imprescind\u00edvel o trabalho dos t\u00e9cnicos da C\u00e2mara e da empresa contratada para esta revis\u00e3o do PDM, mas alerta para a import\u00e2ncia da participa\u00e7\u00e3o de todos os alcobacenses para assegurar o sucesso do documento, refor\u00e7ando mais uma vez o apelo \u00e0 participa\u00e7\u00e3o de todos.<\/p>\n<p>A CDU afirma que c\u00e1 estar\u00e1, ao seu lado todos os dias, para lutar pelas causas, pelos processos, pelos trabalhadores e pela popula\u00e7\u00e3o do Concelho de Alcoba\u00e7a.<\/p>\n","protected":false},"excerpt":{"rendered":"<p>A CDU emitiu, no dia 21 de fevereiro, uma primeira nota ao processo de revis\u00e3o do PDM de Alcoba\u00e7a, come\u00e7ando por lembrar que o PSD prometeu rever o PDM, Plano Diretor Municipal, em 2001, em plena campanha eleitoral, editando um op\u00fasculo (folheto) justificando as raz\u00f5es e que a revis\u00e3o obrigat\u00f3ria devia ter acontecido aos 10 [&hellip;]<\/p>\n","protected":false},"author":2,"featured_media":13829,"comment_status":"open","ping_status":"open","sticky":false,"template":"","format":"standard","meta":{"footnotes":""},"categories":[9],"tags":[],"class_list":["post-14063","post","type-post","status-publish","format-standard","has-post-thumbnail","hentry","category-ambiente"],"_links":{"self":[{"href":"https:\/\/tintafresca.net\/index.php\/wp-json\/wp\/v2\/posts\/14063","targetHints":{"allow":["GET"]}}],"collection":[{"href":"https:\/\/tintafresca.net\/index.php\/wp-json\/wp\/v2\/posts"}],"about":[{"href":"https:\/\/tintafresca.net\/index.php\/wp-json\/wp\/v2\/types\/post"}],"author":[{"embeddable":true,"href":"https:\/\/tintafresca.net\/index.php\/wp-json\/wp\/v2\/users\/2"}],"replies":[{"embeddable":true,"href":"https:\/\/tintafresca.net\/index.php\/wp-json\/wp\/v2\/comments?post=14063"}],"version-history":[{"count":2,"href":"https:\/\/tintafresca.net\/index.php\/wp-json\/wp\/v2\/posts\/14063\/revisions"}],"predecessor-version":[{"id":14065,"href":"https:\/\/tintafresca.net\/index.php\/wp-json\/wp\/v2\/posts\/14063\/revisions\/14065"}],"wp:featuredmedia":[{"embeddable":true,"href":"https:\/\/tintafresca.net\/index.php\/wp-json\/wp\/v2\/media\/13829"}],"wp:attachment":[{"href":"https:\/\/tintafresca.net\/index.php\/wp-json\/wp\/v2\/media?parent=14063"}],"wp:term":[{"taxonomy":"category","embeddable":true,"href":"https:\/\/tintafresca.net\/index.php\/wp-json\/wp\/v2\/categories?post=14063"},{"taxonomy":"post_tag","embeddable":true,"href":"https:\/\/tintafresca.net\/index.php\/wp-json\/wp\/v2\/tags?post=14063"}],"curies":[{"name":"wp","href":"https:\/\/api.w.org\/{rel}","templated":true}]}}