{"id":14094,"date":"2022-02-26T14:02:53","date_gmt":"2022-02-26T14:02:53","guid":{"rendered":"https:\/\/tintafresca.net\/?p=14094"},"modified":"2022-02-26T14:02:53","modified_gmt":"2022-02-26T14:02:53","slug":"nersant-oferece-colocacao-de-refugiados-ucranianos-nas-empresas-da-regiao-de-santarem","status":"publish","type":"post","link":"https:\/\/tintafresca.net\/index.php\/2022\/02\/26\/nersant-oferece-colocacao-de-refugiados-ucranianos-nas-empresas-da-regiao-de-santarem\/","title":{"rendered":"Nersant oferece coloca\u00e7\u00e3o de refugiados ucranianos nas empresas da regi\u00e3o de Santar\u00e9m"},"content":{"rendered":"<div id=\"attachment_14097\" style=\"width: 360px\" class=\"wp-caption alignleft\"><img loading=\"lazy\" decoding=\"async\" aria-describedby=\"caption-attachment-14097\" class=\"wp-image-14097\" src=\"https:\/\/tintafresca.net\/wp-content\/uploads\/2022\/02\/Artesanato10.jpg\" alt=\"\" width=\"350\" height=\"466\" \/><p id=\"caption-attachment-14097\" class=\"wp-caption-text\">Regi\u00e3o do M\u00e9dio-Tejo e Lez\u00edria carecem de m\u00e3o de obra qualificada<\/p><\/div>\n<p>A Nersant \u2013 Associa\u00e7\u00e3o Empresarial da Regi\u00e3o de Santar\u00e9m \u00a0disponibilizou-se esta sexta-feira, dia 25 de fevereiro, \u00a0a desenvolver contatos e d\u00e9marches junto dos seus associados para acolher e colocar nas empresas da regi\u00e3o os recursos humanos que carecem. A Nersant deu conhecimento desta sua disponibilidade junto do Governo de Portugal. O Tinta Fresca questionou tamb\u00e9m a associa\u00e7\u00e3o empresarial sobre os efeitos econ\u00f3micos que a invas\u00e3o da Ucr\u00e2nia pela R\u00fassia poder\u00e1 ter no tecido empresarial da regi\u00e3o e nas cadeias de abastecimento.<\/p>\n<p>Com o despoletar da guerra entre a R\u00fassia e a Ucr\u00e2nia, muitos foram os cidad\u00e3os Ucranianos que abandonaram e est\u00e3o a abandonar o pa\u00eds. N\u00e3o se perspetivando o abrandar da guerra, antes pelo contr\u00e1rio, muitos mais cidad\u00e3os ucranianos ir\u00e3o procurar asilo em pa\u00edses da U.E.\u00c9 neste sentido que importa real\u00e7ar a cultura do nosso povo em acolher refugiados de guerra, como tem ocorrido no \u00faltimo s\u00e9culo.<\/p>\n<p>O acolhimento dever\u00e1 ser feito garantindo as m\u00ednimas condi\u00e7\u00f5es de poderem refazer as suas vidas pessoais, familiares e profissionais.<\/p>\n<p>Como \u00e9 sabido, Portugal carece de m\u00e3o de obra, em especial qualificada, muitos \u00a0destes cidad\u00e3os s\u00e3o portadores do conhecimento e do saber fazer.<\/p>\n<p>O interior do nosso pa\u00eds e especialmente a nossa regi\u00e3o do M\u00e9dio-Tejo e Lez\u00edria, carece de m\u00e3o-de-obra qualificada, sendo este fator um forte entrave \u00e0 nossa competitividade.<\/p>\n<p>Deste modo, a Nersant, enquanto Associa\u00e7\u00e3o Empresarial, disponibiliza-se junto dos seus associados desenvolver contatos e d\u00e9marches para acolher e colocar nas empresas da regi\u00e3o os recursos humanos que carecem.<\/p>\n<p>A Nersant deu conhecimento desta sua disponibilidade junto do Governo de Portugal.<\/p>\n<p><strong>Nersant preocupada com repercuss\u00f5es da guerra na economia portuguesa, apesar da fraca rela\u00e7\u00e3o comercial da regi\u00e3o com a R\u00fassia<\/strong><\/p>\n<p><strong>Tinta Fresca &#8211; Est\u00e3o preocupados com esta situa\u00e7\u00e3o de guerra na Ucr\u00e2nia?<\/strong><\/p>\n<p><strong>Nersant<\/strong> \u2013 Muito preocupados, a presente rela\u00e7\u00e3o b\u00e9lica entre a R\u00fassia e Ucr\u00e2nia, despoletou san\u00e7\u00f5es econ\u00f3micas \u00e0 R\u00fassia as quais destabilizam os mercados financeiros, aumentam a infla\u00e7\u00e3o, pre\u00e7os energ\u00e9ticos e diminui o nosso poder concorrencial com outros mercados.<\/p>\n<p><strong>Tinta Fresca &#8211; \u00a0\u00c9 previs\u00edvel a escassez de produtos?<\/strong><br \/>\n<strong>Nersant<\/strong> \u2013 Tendo em considera\u00e7\u00e3o a nossa fraca rela\u00e7\u00e3o comercial com a R\u00fassia, n\u00e3o se prev\u00ea efeitos de escassez significativa de produtos.<\/p>\n<p><strong>Tinta Fresca &#8211; Os pre\u00e7os dos produtos v\u00e3o aumentar<\/strong> <strong>significativamente?<\/strong><br \/>\nInevitavelmente, a R\u00fassia \u00e9 um dos principais fornecedores de g\u00e1s \u00a0e petr\u00f3leo da Europa, com o bloqueio da abertura do gasoduto \u00a0Nord Stream2, que previa fornecer \u00e0 Alemanha 55 mil milh\u00f5es de m3 vindos da R\u00fassia, aumenta a press\u00e3o da procura do g\u00e1s na Europa, mesmo sendo Portugal preferencialmente fornecido pelo g\u00e1s vindo da Arg\u00e9lia, n\u00e3o vai fugir \u00e0 regra.<\/p>\n<p><strong>Tinta Fresca &#8211; <\/strong>Quais ser\u00e3o as principais dificuldades para o setor?<br \/>\n<strong>Nersant \u2013<\/strong> A depend\u00eancia energ\u00e9tica, mat\u00e9rias-primas e tecnologia de mercados muito flutuantes.<\/p>\n<p>&nbsp;<\/p>\n<p>&nbsp;<\/p>\n","protected":false},"excerpt":{"rendered":"<p>A Nersant \u2013 Associa\u00e7\u00e3o Empresarial da Regi\u00e3o de Santar\u00e9m \u00a0disponibilizou-se esta sexta-feira, dia 25 de fevereiro, \u00a0a desenvolver contatos e d\u00e9marches junto dos seus associados para acolher e colocar nas empresas da regi\u00e3o os recursos humanos que carecem. A Nersant deu conhecimento desta sua disponibilidade junto do Governo de Portugal. O Tinta Fresca questionou tamb\u00e9m [&hellip;]<\/p>\n","protected":false},"author":2,"featured_media":14098,"comment_status":"open","ping_status":"open","sticky":false,"template":"","format":"standard","meta":{"footnotes":""},"categories":[7],"tags":[],"class_list":["post-14094","post","type-post","status-publish","format-standard","has-post-thumbnail","hentry","category-economia"],"_links":{"self":[{"href":"https:\/\/tintafresca.net\/index.php\/wp-json\/wp\/v2\/posts\/14094","targetHints":{"allow":["GET"]}}],"collection":[{"href":"https:\/\/tintafresca.net\/index.php\/wp-json\/wp\/v2\/posts"}],"about":[{"href":"https:\/\/tintafresca.net\/index.php\/wp-json\/wp\/v2\/types\/post"}],"author":[{"embeddable":true,"href":"https:\/\/tintafresca.net\/index.php\/wp-json\/wp\/v2\/users\/2"}],"replies":[{"embeddable":true,"href":"https:\/\/tintafresca.net\/index.php\/wp-json\/wp\/v2\/comments?post=14094"}],"version-history":[{"count":3,"href":"https:\/\/tintafresca.net\/index.php\/wp-json\/wp\/v2\/posts\/14094\/revisions"}],"predecessor-version":[{"id":14099,"href":"https:\/\/tintafresca.net\/index.php\/wp-json\/wp\/v2\/posts\/14094\/revisions\/14099"}],"wp:featuredmedia":[{"embeddable":true,"href":"https:\/\/tintafresca.net\/index.php\/wp-json\/wp\/v2\/media\/14098"}],"wp:attachment":[{"href":"https:\/\/tintafresca.net\/index.php\/wp-json\/wp\/v2\/media?parent=14094"}],"wp:term":[{"taxonomy":"category","embeddable":true,"href":"https:\/\/tintafresca.net\/index.php\/wp-json\/wp\/v2\/categories?post=14094"},{"taxonomy":"post_tag","embeddable":true,"href":"https:\/\/tintafresca.net\/index.php\/wp-json\/wp\/v2\/tags?post=14094"}],"curies":[{"name":"wp","href":"https:\/\/api.w.org\/{rel}","templated":true}]}}