{"id":14131,"date":"2022-02-27T13:54:10","date_gmt":"2022-02-27T13:54:10","guid":{"rendered":"https:\/\/tintafresca.net\/?p=14131"},"modified":"2022-02-27T13:55:37","modified_gmt":"2022-02-27T13:55:37","slug":"leiria-partilhou-com-calvia-espanha-estrategias-adotadas-no-combate-as-alteracoes-climaticas","status":"publish","type":"post","link":"https:\/\/tintafresca.net\/index.php\/2022\/02\/27\/leiria-partilhou-com-calvia-espanha-estrategias-adotadas-no-combate-as-alteracoes-climaticas\/","title":{"rendered":"Leiria partilhou com Calvia (Espanha) estrat\u00e9gias adotadas no combate \u00e0s altera\u00e7\u00f5es clim\u00e1ticas"},"content":{"rendered":"<div id=\"attachment_14133\" style=\"width: 510px\" class=\"wp-caption alignleft\"><img loading=\"lazy\" decoding=\"async\" aria-describedby=\"caption-attachment-14133\" class=\"wp-image-14133 size-full\" src=\"https:\/\/tintafresca.net\/wp-content\/uploads\/2022\/02\/Leiria_Calvia_Espanha10.jpg\" alt=\"\" width=\"500\" height=\"333\" \/><p id=\"caption-attachment-14133\" class=\"wp-caption-text\">Reuni\u00e3o entre os representantes de Calvia e Leiria<\/p><\/div>\n<p>No \u00e2mbito do Pacto dos Autarcas para o Clima e Energia (Covenant of Mayors for Climate\u00a0 Energy Europe), o Munic\u00edpio de Leiria recebeu, na qualidade de mentor, nos dias 22 e 23 de fevereiro, uma delega\u00e7\u00e3o de Calvia (Espanha), com o objetivo de promover a partilha de conhecimentos e experi\u00eancias que apoiem a cidade parceira espanhola na implementa\u00e7\u00e3o e desenvolvimento de a\u00e7\u00f5es em mat\u00e9ria de energia e clima.<\/p>\n<p>Os trabalhos, coordenados pelo vereador do Ambiente e Prote\u00e7\u00e3o Civil, Lu\u00eds Lopes, em colabora\u00e7\u00e3o com t\u00e9cnicos municipais e dos SMAS de Leiria, e representante do CEDRU (Centro de Estudos e Desenvolvimento Regional e Urbano, Lda.), decorreram numa l\u00f3gica de partilha e interc\u00e2mbio, com reuni\u00f5es e visitas, nomeadamente \u00e0s Piscinas Municipais e Jardim da Almoinha Grande e a apresenta\u00e7\u00e3o do Concerto \u201cNascente\u201d.<\/p>\n<p>As sess\u00f5es de partilha foram remotamente acompanhadas por Arthur Hinsch, facilitador do Gabinete do Pacto de Autarcas para este programa.<\/p>\n<p>Dia 22, ter\u00e7a-feira, falou-se sobretudo das diferen\u00e7as e semelhan\u00e7as entre Calvia e Leiria, incidindo sobre os territ\u00f3rios, as suas gentes e os riscos associados \u00e0s Altera\u00e7\u00f5es Clim\u00e1ticas para as duas regi\u00f5es.<\/p>\n<p>Neste sentido, Leiria partilhou as diretrizes do Plano Municipal de Adapta\u00e7\u00e3o \u00e0s Altera\u00e7\u00f5es Clim\u00e1ticas, bem como as estrat\u00e9gias definidas para colocar este plano em pr\u00e1tica.<\/p>\n<p>Foram promovidas visitas ao complexo das piscinas municipais, no \u00e2mbito das adapta\u00e7\u00f5es a que esta infraestrutura foi sujeita para ir ao encontro das necessidades inerentes \u00e0s altera\u00e7\u00f5es clim\u00e1ticas, e ao Jardim da Almoinha Grande, acompanhada pelo arquiteto respons\u00e1vel pelo projeto, que foi pensado para dar resposta \u00e0s altera\u00e7\u00f5es clim\u00e1ticas, mas tamb\u00e9m \u00e0 gest\u00e3o de riscos.<\/p>\n<p>A \u00c1gua e os problemas associados a este tema dominaram os trabalhos de dia 23, quarta-feira, com o contributo da partilha de experi\u00eancias dos SMAS, numa mesa-redonda em que foram focadas as boas pr\u00e1ticas assentes nas novas tecnologias, nomeadamente ao n\u00edvel dos sistemas de informa\u00e7\u00e3o geogr\u00e1fica.<\/p>\n<p>Foi apresentado o Plano Municipal de Gest\u00e3o da \u00c1gua, recentemente criado, mas j\u00e1 replicado por outros munic\u00edpios e entidades intermunicipais. Este \u00e9 um plano previsto a curto, m\u00e9dio e longo prazo, que se caracteriza, acima de tudo, como um compromisso na l\u00f3gica da boa gest\u00e3o da \u00e1gua e no qual o \u201cProjeto Nascente\u201d, apresentado no encerramento dos trabalhos, encaixa na perfei\u00e7\u00e3o, dado tratar-se de uma experi\u00eancia sensorial, diferenciadora e impactante, criada pelos SMAS com o objetivo de alertar para as altera\u00e7\u00f5es clim\u00e1ticas e educar para a import\u00e2ncia de valorizar a \u00e1gua enquanto recurso escasso e indispens\u00e1vel \u00e0 vida.<\/p>\n<p>Na sess\u00e3o de encerramento, Lu\u00eds Lopes destacou o facto de Leiria ter sido um dos primeiros munic\u00edpios a dar passos no sentido de ter uma estrat\u00e9gia e um plano de adapta\u00e7\u00e3o \u00e0s altera\u00e7\u00f5es clim\u00e1ticas, o qual tem vindo a ser implementado ao longo do tempo.<\/p>\n<p>Para o vereador do Ambiente, para que o resultado dos planos seja o ideal, \u00e9 fundamental a exist\u00eancia de sinergias entre os setores p\u00fablico e privado, escola e sociedade em geral, o que em Leiria tem estado a ser constru\u00eddo. \u201cSensibilizar \u00e9 importante, mas a nossa aposta deve ser na educa\u00e7\u00e3o, precisamente porque\u00a0 esta \u00e9 uma quest\u00e3o que atravessa\u00a0 gera\u00e7\u00f5es.<\/p>\n<p>N\u00e3o \u00e9 algo que se consiga resolver com uma campanha de sensibiliza\u00e7\u00e3o que demore um ou v\u00e1rios meses. \u00c9 algo que tem de se incutir nas gera\u00e7\u00f5es futuras e tamb\u00e9m nas atuais\u201d afirmou Lu\u00eds Lopes.<\/p>\n<p>Outro dos pontos focados por Lu\u00eds Lopes foi a necessidade de aliar o planeamento \u00e0 capacita\u00e7\u00e3o porque, os planos podem ser excelentes, mas se n\u00e3o prepararmos as pessoas para a sua execu\u00e7\u00e3o, a taxa de sucesso, ser\u00e1 na pr\u00e1tica muito baixa.<\/p>\n<p>\u201cComo tal, este mesmo plano que nos trouxe aqui \u00e9 um bom exemplo de capacita\u00e7\u00e3o, de partilha e de constru\u00e7\u00e3o de boas medidas\u00a0 para a adapta\u00e7\u00e3o e combate \u00e0s altera\u00e7\u00f5es clim\u00e1ticas, porque estas e os eventos naturais a que temos vindo a assistir n\u00e3o se cingem a fronteiras nem a credos ou pa\u00edses mais ou menos desenvolvidos e \u00e9 importante perceber que existem solu\u00e7\u00f5es, que \u00e0s vezes n\u00e3o s\u00e3o assim t\u00e3o obvias, mas podem ser excelentes noutros locais do mundo e para os riscos que partilhamos atualmente\u201d, conclui Lu\u00eds Lopes.<\/p>\n<p>Quando \u00e0s estrat\u00e9gias adotadas por Leiria e apresentadas aos representantes de Calvia, Lu\u00eds Lopes referiu, desde o in\u00edcio dos trabalhos, que \u201cn\u00e3o quer\u00edamos s\u00f3 mostrar tudo o que Leiria tem de bom, mas tamb\u00e9m os problemas que identific\u00e1mos\u00a0 e as dificuldades que atravess\u00e1mos at\u00e9 chegarmos ao momento em que estamos e\u00a0 que ainda n\u00e3o \u00e9 perfeito\u201d.<\/p>\n<p>Uma das preocupa\u00e7\u00f5es inerentes ao Munic\u00edpio de Leiria baseia-se, essencialmente, no aumento da resili\u00eancia \u00e0s temperaturas elevadas, ondas de calor e inunda\u00e7\u00f5es, principalmente nas \u00e1reas urbanas.<\/p>\n<p><strong>\u00a0 \u00a0 Fonte: GRPG|CML<\/strong><\/p>\n","protected":false},"excerpt":{"rendered":"<p>No \u00e2mbito do Pacto dos Autarcas para o Clima e Energia (Covenant of Mayors for Climate\u00a0 Energy Europe), o Munic\u00edpio de Leiria recebeu, na qualidade de mentor, nos dias 22 e 23 de fevereiro, uma delega\u00e7\u00e3o de Calvia (Espanha), com o objetivo de promover a partilha de conhecimentos e experi\u00eancias que apoiem a cidade parceira [&hellip;]<\/p>\n","protected":false},"author":2,"featured_media":14134,"comment_status":"open","ping_status":"open","sticky":false,"template":"","format":"standard","meta":{"footnotes":""},"categories":[9],"tags":[],"class_list":["post-14131","post","type-post","status-publish","format-standard","has-post-thumbnail","hentry","category-ambiente"],"_links":{"self":[{"href":"https:\/\/tintafresca.net\/index.php\/wp-json\/wp\/v2\/posts\/14131","targetHints":{"allow":["GET"]}}],"collection":[{"href":"https:\/\/tintafresca.net\/index.php\/wp-json\/wp\/v2\/posts"}],"about":[{"href":"https:\/\/tintafresca.net\/index.php\/wp-json\/wp\/v2\/types\/post"}],"author":[{"embeddable":true,"href":"https:\/\/tintafresca.net\/index.php\/wp-json\/wp\/v2\/users\/2"}],"replies":[{"embeddable":true,"href":"https:\/\/tintafresca.net\/index.php\/wp-json\/wp\/v2\/comments?post=14131"}],"version-history":[{"count":2,"href":"https:\/\/tintafresca.net\/index.php\/wp-json\/wp\/v2\/posts\/14131\/revisions"}],"predecessor-version":[{"id":14135,"href":"https:\/\/tintafresca.net\/index.php\/wp-json\/wp\/v2\/posts\/14131\/revisions\/14135"}],"wp:featuredmedia":[{"embeddable":true,"href":"https:\/\/tintafresca.net\/index.php\/wp-json\/wp\/v2\/media\/14134"}],"wp:attachment":[{"href":"https:\/\/tintafresca.net\/index.php\/wp-json\/wp\/v2\/media?parent=14131"}],"wp:term":[{"taxonomy":"category","embeddable":true,"href":"https:\/\/tintafresca.net\/index.php\/wp-json\/wp\/v2\/categories?post=14131"},{"taxonomy":"post_tag","embeddable":true,"href":"https:\/\/tintafresca.net\/index.php\/wp-json\/wp\/v2\/tags?post=14131"}],"curies":[{"name":"wp","href":"https:\/\/api.w.org\/{rel}","templated":true}]}}