{"id":14165,"date":"2022-02-28T12:25:20","date_gmt":"2022-02-28T12:25:20","guid":{"rendered":"https:\/\/tintafresca.net\/?p=14165"},"modified":"2022-02-28T12:40:53","modified_gmt":"2022-02-28T12:40:53","slug":"caravana-pela-justica-climatica-percorre-troco-do-vale-de-santarem-ate-a-azambuja-nos-dias-15-e-16-de-abril","status":"publish","type":"post","link":"https:\/\/tintafresca.net\/index.php\/2022\/02\/28\/caravana-pela-justica-climatica-percorre-troco-do-vale-de-santarem-ate-a-azambuja-nos-dias-15-e-16-de-abril\/","title":{"rendered":"Caravana pela Justi\u00e7a Clim\u00e1tica percorre tro\u00e7o do Vale de Santar\u00e9m at\u00e9 \u00e0 Azambuja nos dias 15 e 16 de Abril"},"content":{"rendered":"<div id=\"attachment_14167\" style=\"width: 510px\" class=\"wp-caption alignleft\"><img loading=\"lazy\" decoding=\"async\" aria-describedby=\"caption-attachment-14167\" class=\"wp-image-14167 size-full\" src=\"https:\/\/tintafresca.net\/wp-content\/uploads\/2022\/02\/Caravana_Justica_climatica10.jpg\" alt=\"\" width=\"500\" height=\"405\" \/><p id=\"caption-attachment-14167\" class=\"wp-caption-text\">Mapa do percurso da Caravana pela Justi\u00e7a Clim\u00e1tica<\/p><\/div>\n<p>Entre os dias 2 e 16 de abril vai decorrer a Caravana pela Justi\u00e7a Clim\u00e1tica, que percorrer\u00e1, a p\u00e9 e de comboio, centenas de quil\u00f3metros em v\u00e1rios pa\u00edses europeus para assinalar alguns dos respons\u00e1veis por esta crise e para falar diretamente com as comunidades mais afetadas pela mesma.<\/p>\n<p>A Eco-Cartaxo encontra-se empenhada em participar na sua organiza\u00e7\u00e3o, nomeadamente assegurando, junto com o Movimento Ecologista do Vale de Santar\u00e9m e o Movimento Ar Puro de Rio Maior, o percurso que, nos dias 15 e 16 de Abril, levar\u00e1 a Caravana desde o Vale de Santar\u00e9m at\u00e9 \u00e0 Azambuja de onde partir\u00e1 para a etapa final que terminar\u00e1 em Lisboa.<\/p>\n<p>A organiza\u00e7\u00e3o convida todos os amigos e seguidores a participarem nesta iniciativa, colaborando na organiza\u00e7\u00e3o ou juntando simplesmente \u00e0 Caravana, que percorrer\u00e1 400 km entre a Figueira da Foz e Lisboa.<\/p>\n<p>A Eco-Cartaxo chama a aten\u00e7\u00e3o que na ter\u00e7a-feira, dia 1 de mar\u00e7o, ir\u00e1 fazer um reconhecimento no percurso entre o Vale de Santar\u00e9m e o Cartaxo e apela a que se juntem ao grupo, podendo contactar os elementos da Direc\u00e7\u00e3o, por email, os simplesmente marcarem presen\u00e7a na sede da Eco-Cartaxo, na antiga Escola do Centro \u00e0s 14h.<\/p>\n<p>Para mais informa\u00e7\u00f5es consultar o site <a href=\"https:\/\/www.caravanaclima.pt\/\">https:\/\/www.caravanaclima.pt\/<\/a><\/p>\n<p><strong>\u00a0 \u00a0 Fonte: Eco-Cartaxo<\/strong><\/p>\n","protected":false},"excerpt":{"rendered":"<p>Entre os dias 2 e 16 de abril vai decorrer a Caravana pela Justi\u00e7a Clim\u00e1tica, que percorrer\u00e1, a p\u00e9 e de comboio, centenas de quil\u00f3metros em v\u00e1rios pa\u00edses europeus para assinalar alguns dos respons\u00e1veis por esta crise e para falar diretamente com as comunidades mais afetadas pela mesma. A Eco-Cartaxo encontra-se empenhada em participar na [&hellip;]<\/p>\n","protected":false},"author":2,"featured_media":14169,"comment_status":"open","ping_status":"open","sticky":false,"template":"","format":"standard","meta":{"footnotes":""},"categories":[9],"tags":[],"class_list":["post-14165","post","type-post","status-publish","format-standard","has-post-thumbnail","hentry","category-ambiente"],"_links":{"self":[{"href":"https:\/\/tintafresca.net\/index.php\/wp-json\/wp\/v2\/posts\/14165","targetHints":{"allow":["GET"]}}],"collection":[{"href":"https:\/\/tintafresca.net\/index.php\/wp-json\/wp\/v2\/posts"}],"about":[{"href":"https:\/\/tintafresca.net\/index.php\/wp-json\/wp\/v2\/types\/post"}],"author":[{"embeddable":true,"href":"https:\/\/tintafresca.net\/index.php\/wp-json\/wp\/v2\/users\/2"}],"replies":[{"embeddable":true,"href":"https:\/\/tintafresca.net\/index.php\/wp-json\/wp\/v2\/comments?post=14165"}],"version-history":[{"count":2,"href":"https:\/\/tintafresca.net\/index.php\/wp-json\/wp\/v2\/posts\/14165\/revisions"}],"predecessor-version":[{"id":14168,"href":"https:\/\/tintafresca.net\/index.php\/wp-json\/wp\/v2\/posts\/14165\/revisions\/14168"}],"wp:featuredmedia":[{"embeddable":true,"href":"https:\/\/tintafresca.net\/index.php\/wp-json\/wp\/v2\/media\/14169"}],"wp:attachment":[{"href":"https:\/\/tintafresca.net\/index.php\/wp-json\/wp\/v2\/media?parent=14165"}],"wp:term":[{"taxonomy":"category","embeddable":true,"href":"https:\/\/tintafresca.net\/index.php\/wp-json\/wp\/v2\/categories?post=14165"},{"taxonomy":"post_tag","embeddable":true,"href":"https:\/\/tintafresca.net\/index.php\/wp-json\/wp\/v2\/tags?post=14165"}],"curies":[{"name":"wp","href":"https:\/\/api.w.org\/{rel}","templated":true}]}}