{"id":14170,"date":"2022-02-28T14:28:44","date_gmt":"2022-02-28T14:28:44","guid":{"rendered":"https:\/\/tintafresca.net\/?p=14170"},"modified":"2022-02-28T15:27:40","modified_gmt":"2022-02-28T15:27:40","slug":"politecnico-de-leiria-apresenta-projeto-transnacional-promotor-de-praticas-de-economia-circular-no-setor-agroalimentar","status":"publish","type":"post","link":"https:\/\/tintafresca.net\/index.php\/2022\/02\/28\/politecnico-de-leiria-apresenta-projeto-transnacional-promotor-de-praticas-de-economia-circular-no-setor-agroalimentar\/","title":{"rendered":"Polit\u00e9cnico de Leiria apresenta projeto transnacional gerador de pr\u00e1ticas de economia circular no setor agroalimentar"},"content":{"rendered":"<div id=\"attachment_14173\" style=\"width: 510px\" class=\"wp-caption alignleft\"><img loading=\"lazy\" decoding=\"async\" aria-describedby=\"caption-attachment-14173\" class=\"wp-image-14173 size-full\" src=\"https:\/\/tintafresca.net\/wp-content\/uploads\/2022\/02\/IPL_Reinova10.jpg\" alt=\"\" width=\"500\" height=\"281\" \/><p id=\"caption-attachment-14173\" class=\"wp-caption-text\">Cartaz<\/p><\/div>\n<p>O Polit\u00e9cnico de Leiria vai promover uma sess\u00e3o de encerramento e apresenta\u00e7\u00e3o de resultados do projeto transnacional \u201cREiNOVA_SI \u2013 Re-industrializa\u00e7\u00e3o do Setor Agroalimentar \u2013 Sustentabilidade e Inova\u00e7\u00e3o\u201d, na pr\u00f3xima quinta-feira, dia 3 de mar\u00e7o, pelas 10h30, na Biblioteca Jos\u00e9 Saramago, situada no <em>campus<\/em> 2, em Leiria. O \u201cREiNOVA_SI\u201d \u00e9 um projeto de coopera\u00e7\u00e3o entre Portugal e Espanha, liderado pelo Polit\u00e9cnico de Leiria, que tem como objetivo promover o uso de pr\u00e1ticas de economia circular nas microempresas e PME do setor agroalimentar.<\/p>\n<p>A sess\u00e3o inicia-se pelas 10h30, com as interven\u00e7\u00f5es de Rui Pedrosa, presidente do Polit\u00e9cnico de Leiria, de Jorge Brand\u00e3o, vogal executivo do Programa Operacional CENTRO 2020, e de Gon\u00e7alo Lopes, presidente da C\u00e2mara Municipal de Leiria.<\/p>\n<p>Segue-se, \u00e0s 10h45, a apresenta\u00e7\u00e3o dos resultados do projeto, a cargo de Eduarda Fernandes, professora e investigadora do Polit\u00e9cnico de Leiria e representante do cons\u00f3rcio \u201cREINOVA_SI\u201d. Quando forem 11h00 tem lugar a interven\u00e7\u00e3o de Teresa Jorge, da CCDRC, com a apresenta\u00e7\u00e3o do tema \u201cA Import\u00e2ncia da Economia Circular e dos Fundos POCTEP para a Colabora\u00e7\u00e3o Transfronteiri\u00e7a\u201d. \u201cQue agricultura e que agroind\u00fastria?\u201d \u00e9 o t\u00edtulo da confer\u00eancia agendada para as 11h20, com a comunica\u00e7\u00e3o de Alfredo Sendim, presidente da dire\u00e7\u00e3o da Cooperativa Herdade do Freixo do Meio.<\/p>\n<p>A sess\u00e3o de encerramento do evento, prevista para as 11h50, est\u00e1 a cargo da secret\u00e1ria de Estado da Valoriza\u00e7\u00e3o do Interior, Isabel Ferreira.<\/p>\n<p>O \u201cREiNOVA_SI\u201d \u00e9 um projeto de colabora\u00e7\u00e3o que teve in\u00edcio no final de 2019, cofinanciado pelo Fundo Europeu de Desenvolvimento Regional (FEDER) ao abrigo do Programa INTERREG V-A Espanha &#8211; Portugal (POCTEP) 2014-2020, envolvendo institutos polit\u00e9cnicos, centros de investiga\u00e7\u00e3o, incubadoras de empresas, <em>clusters<\/em> e c\u00e2maras de com\u00e9rcio.<\/p>\n<p><strong>\u00a0 \u00a0 \u00a0Fonte: Midlandcom<\/strong><\/p>\n","protected":false},"excerpt":{"rendered":"<p>O Polit\u00e9cnico de Leiria vai promover uma sess\u00e3o de encerramento e apresenta\u00e7\u00e3o de resultados do projeto transnacional \u201cREiNOVA_SI \u2013 Re-industrializa\u00e7\u00e3o do Setor Agroalimentar \u2013 Sustentabilidade e Inova\u00e7\u00e3o\u201d, na pr\u00f3xima quinta-feira, dia 3 de mar\u00e7o, pelas 10h30, na Biblioteca Jos\u00e9 Saramago, situada no campus 2, em Leiria. O \u201cREiNOVA_SI\u201d \u00e9 um projeto de coopera\u00e7\u00e3o entre Portugal [&hellip;]<\/p>\n","protected":false},"author":2,"featured_media":14175,"comment_status":"open","ping_status":"open","sticky":false,"template":"","format":"standard","meta":{"footnotes":""},"categories":[9,7,14],"tags":[],"class_list":["post-14170","post","type-post","status-publish","format-standard","has-post-thumbnail","hentry","category-ambiente","category-economia","category-educacao"],"_links":{"self":[{"href":"https:\/\/tintafresca.net\/index.php\/wp-json\/wp\/v2\/posts\/14170","targetHints":{"allow":["GET"]}}],"collection":[{"href":"https:\/\/tintafresca.net\/index.php\/wp-json\/wp\/v2\/posts"}],"about":[{"href":"https:\/\/tintafresca.net\/index.php\/wp-json\/wp\/v2\/types\/post"}],"author":[{"embeddable":true,"href":"https:\/\/tintafresca.net\/index.php\/wp-json\/wp\/v2\/users\/2"}],"replies":[{"embeddable":true,"href":"https:\/\/tintafresca.net\/index.php\/wp-json\/wp\/v2\/comments?post=14170"}],"version-history":[{"count":4,"href":"https:\/\/tintafresca.net\/index.php\/wp-json\/wp\/v2\/posts\/14170\/revisions"}],"predecessor-version":[{"id":14177,"href":"https:\/\/tintafresca.net\/index.php\/wp-json\/wp\/v2\/posts\/14170\/revisions\/14177"}],"wp:featuredmedia":[{"embeddable":true,"href":"https:\/\/tintafresca.net\/index.php\/wp-json\/wp\/v2\/media\/14175"}],"wp:attachment":[{"href":"https:\/\/tintafresca.net\/index.php\/wp-json\/wp\/v2\/media?parent=14170"}],"wp:term":[{"taxonomy":"category","embeddable":true,"href":"https:\/\/tintafresca.net\/index.php\/wp-json\/wp\/v2\/categories?post=14170"},{"taxonomy":"post_tag","embeddable":true,"href":"https:\/\/tintafresca.net\/index.php\/wp-json\/wp\/v2\/tags?post=14170"}],"curies":[{"name":"wp","href":"https:\/\/api.w.org\/{rel}","templated":true}]}}