{"id":1425,"date":"2021-02-13T22:20:18","date_gmt":"2021-02-13T22:20:18","guid":{"rendered":"https:\/\/tintafresca.net\/?p=1425"},"modified":"2021-02-13T22:20:53","modified_gmt":"2021-02-13T22:20:53","slug":"camara-da-marinha-grande-prolonga-ciclovia-de-sao-pedro-ate-a-portela","status":"publish","type":"post","link":"https:\/\/tintafresca.net\/index.php\/2021\/02\/13\/camara-da-marinha-grande-prolonga-ciclovia-de-sao-pedro-ate-a-portela\/","title":{"rendered":"C\u00e2mara da Marinha Grande prolonga ciclovia de S\u00e3o Pedro at\u00e9 \u00e0 Portela"},"content":{"rendered":"<div id=\"attachment_1426\" style=\"width: 510px\" class=\"wp-caption alignleft\"><img loading=\"lazy\" decoding=\"async\" aria-describedby=\"caption-attachment-1426\" class=\"wp-image-1426\" src=\"https:\/\/tintafresca.net\/wp-content\/uploads\/2021\/02\/MG_cicloviasaopedromoel_3_1_728_2500.png\" alt=\"\" width=\"500\" height=\"352\" \/><p id=\"caption-attachment-1426\" class=\"wp-caption-text\">Ciclovia de S\u00e3o Pedro de Moel<\/p><\/div>\n<p>A C\u00e2mara Municipal da Marinha Grande vai construir uma nova sec\u00e7\u00e3o da ciclovia entre S\u00e3o Pedro de Moel e a zona urbana da Marinha Grande pelo Aceiro exterior das Matas Nacionais com liga\u00e7\u00e3o \u00e0 Rua da Portela.<\/p>\n<p>A nova ciclovia ser\u00e1 em parte um passadi\u00e7o com estrutura de madeira em deque e todo o tra\u00e7ado da ciclovia ter\u00e1 ilumina\u00e7\u00e3o p\u00fablica.<\/p>\n<p>Esta obra insere-se no plano de cria\u00e7\u00e3o da rede cicl\u00e1vel da Marinha Grande, o concelho do distrito de Leiria com mais quil\u00f3metros de ciclovia. O objetivo de ligar as ciclovias \u00e9 torn\u00e1-las uma real alternativa nos movimentos pendulares entre casa e o trabalho dos Marinhenses.<\/p>\n<p><strong>\u00a0 \u00a0 Fonte: GC|CMMG<\/strong><\/p>\n","protected":false},"excerpt":{"rendered":"<p>A C\u00e2mara Municipal da Marinha Grande vai construir uma nova sec\u00e7\u00e3o da ciclovia entre S\u00e3o Pedro de Moel e a zona urbana da Marinha Grande pelo Aceiro exterior das Matas Nacionais com liga\u00e7\u00e3o \u00e0 Rua da Portela. A nova ciclovia ser\u00e1 em parte um passadi\u00e7o com estrutura de madeira em deque e todo o tra\u00e7ado [&hellip;]<\/p>\n","protected":false},"author":2,"featured_media":1428,"comment_status":"open","ping_status":"open","sticky":false,"template":"","format":"standard","meta":{"footnotes":""},"categories":[9],"tags":[],"class_list":["post-1425","post","type-post","status-publish","format-standard","has-post-thumbnail","hentry","category-ambiente"],"_links":{"self":[{"href":"https:\/\/tintafresca.net\/index.php\/wp-json\/wp\/v2\/posts\/1425","targetHints":{"allow":["GET"]}}],"collection":[{"href":"https:\/\/tintafresca.net\/index.php\/wp-json\/wp\/v2\/posts"}],"about":[{"href":"https:\/\/tintafresca.net\/index.php\/wp-json\/wp\/v2\/types\/post"}],"author":[{"embeddable":true,"href":"https:\/\/tintafresca.net\/index.php\/wp-json\/wp\/v2\/users\/2"}],"replies":[{"embeddable":true,"href":"https:\/\/tintafresca.net\/index.php\/wp-json\/wp\/v2\/comments?post=1425"}],"version-history":[{"count":1,"href":"https:\/\/tintafresca.net\/index.php\/wp-json\/wp\/v2\/posts\/1425\/revisions"}],"predecessor-version":[{"id":1427,"href":"https:\/\/tintafresca.net\/index.php\/wp-json\/wp\/v2\/posts\/1425\/revisions\/1427"}],"wp:featuredmedia":[{"embeddable":true,"href":"https:\/\/tintafresca.net\/index.php\/wp-json\/wp\/v2\/media\/1428"}],"wp:attachment":[{"href":"https:\/\/tintafresca.net\/index.php\/wp-json\/wp\/v2\/media?parent=1425"}],"wp:term":[{"taxonomy":"category","embeddable":true,"href":"https:\/\/tintafresca.net\/index.php\/wp-json\/wp\/v2\/categories?post=1425"},{"taxonomy":"post_tag","embeddable":true,"href":"https:\/\/tintafresca.net\/index.php\/wp-json\/wp\/v2\/tags?post=1425"}],"curies":[{"name":"wp","href":"https:\/\/api.w.org\/{rel}","templated":true}]}}