{"id":14359,"date":"2022-03-06T22:50:45","date_gmt":"2022-03-06T22:50:45","guid":{"rendered":"https:\/\/tintafresca.net\/?p=14359"},"modified":"2022-03-06T22:50:45","modified_gmt":"2022-03-06T22:50:45","slug":"gnr-recolhe-grou-coroado-ferido-em-tomar","status":"publish","type":"post","link":"https:\/\/tintafresca.net\/index.php\/2022\/03\/06\/gnr-recolhe-grou-coroado-ferido-em-tomar\/","title":{"rendered":"GNR recolhe grou-coroado ferido em Tomar"},"content":{"rendered":"<div id=\"attachment_14361\" style=\"width: 510px\" class=\"wp-caption alignleft\"><img loading=\"lazy\" decoding=\"async\" aria-describedby=\"caption-attachment-14361\" class=\"wp-image-14361\" src=\"https:\/\/tintafresca.net\/wp-content\/uploads\/2022\/03\/GNR_Grou_tomar.jpg\" alt=\"\" width=\"500\" height=\"374\" \/><p id=\"caption-attachment-14361\" class=\"wp-caption-text\">Grou recolhido pelo SEPNA da GNR<\/p><\/div>\n<p>O Comando Territorial de Santar\u00e9m da GNR, atrav\u00e9s do N\u00facleo de Prote\u00e7\u00e3o Ambiental (NPA) de Tomar, no dia 28 de fevereiro, procedeu \u00e0 recolha de um grou-coroado (<em>Balearica pavonina<\/em>) que se encontrava ferido, no concelho de Tomar.<\/p>\n<p>No decurso de uma a\u00e7\u00e3o de patrulhamento, os elementos do NPA deparam-se com a ave em estado debilitado, tendo verificado que o animal apresentava ferimentos numa asa.<\/p>\n<p>No seguimento da a\u00e7\u00e3o, o animal foi recolhido e transportado ao Instituto da Conserva\u00e7\u00e3o da Natureza e das Florestas (ICNF), no Parque Natural de Serra de Aire e Candeeiros, para tratamento.<\/p>\n<p>A Guarda Nacional Republicana, atrav\u00e9s do Servi\u00e7o da Prote\u00e7\u00e3o da Natureza e do Ambiente (SEPNA), tem como preocupa\u00e7\u00e3o di\u00e1ria a prote\u00e7\u00e3o ambiental e dos animais. Para o efeito, poder\u00e1 ser utilizada a Linha SOS Ambiente e Territ\u00f3rio (808 200 520) funcionando em perman\u00eancia para a den\u00fancia de infra\u00e7\u00f5es ou esclarecimento de d\u00favidas.<\/p>\n<p><strong>\u00a0 \u00a0 \u00a0Fonte: CTS|GNR<\/strong><\/p>\n","protected":false},"excerpt":{"rendered":"<p>O Comando Territorial de Santar\u00e9m da GNR, atrav\u00e9s do N\u00facleo de Prote\u00e7\u00e3o Ambiental (NPA) de Tomar, no dia 28 de fevereiro, procedeu \u00e0 recolha de um grou-coroado (Balearica pavonina) que se encontrava ferido, no concelho de Tomar. No decurso de uma a\u00e7\u00e3o de patrulhamento, os elementos do NPA deparam-se com a ave em estado debilitado, [&hellip;]<\/p>\n","protected":false},"author":2,"featured_media":14362,"comment_status":"open","ping_status":"open","sticky":false,"template":"","format":"standard","meta":{"footnotes":""},"categories":[9],"tags":[],"class_list":["post-14359","post","type-post","status-publish","format-standard","has-post-thumbnail","hentry","category-ambiente"],"_links":{"self":[{"href":"https:\/\/tintafresca.net\/index.php\/wp-json\/wp\/v2\/posts\/14359","targetHints":{"allow":["GET"]}}],"collection":[{"href":"https:\/\/tintafresca.net\/index.php\/wp-json\/wp\/v2\/posts"}],"about":[{"href":"https:\/\/tintafresca.net\/index.php\/wp-json\/wp\/v2\/types\/post"}],"author":[{"embeddable":true,"href":"https:\/\/tintafresca.net\/index.php\/wp-json\/wp\/v2\/users\/2"}],"replies":[{"embeddable":true,"href":"https:\/\/tintafresca.net\/index.php\/wp-json\/wp\/v2\/comments?post=14359"}],"version-history":[{"count":2,"href":"https:\/\/tintafresca.net\/index.php\/wp-json\/wp\/v2\/posts\/14359\/revisions"}],"predecessor-version":[{"id":14363,"href":"https:\/\/tintafresca.net\/index.php\/wp-json\/wp\/v2\/posts\/14359\/revisions\/14363"}],"wp:featuredmedia":[{"embeddable":true,"href":"https:\/\/tintafresca.net\/index.php\/wp-json\/wp\/v2\/media\/14362"}],"wp:attachment":[{"href":"https:\/\/tintafresca.net\/index.php\/wp-json\/wp\/v2\/media?parent=14359"}],"wp:term":[{"taxonomy":"category","embeddable":true,"href":"https:\/\/tintafresca.net\/index.php\/wp-json\/wp\/v2\/categories?post=14359"},{"taxonomy":"post_tag","embeddable":true,"href":"https:\/\/tintafresca.net\/index.php\/wp-json\/wp\/v2\/tags?post=14359"}],"curies":[{"name":"wp","href":"https:\/\/api.w.org\/{rel}","templated":true}]}}