{"id":1463,"date":"2021-02-15T10:09:09","date_gmt":"2021-02-15T10:09:09","guid":{"rendered":"https:\/\/tintafresca.net\/?p=1463"},"modified":"2021-02-15T10:16:38","modified_gmt":"2021-02-15T10:16:38","slug":"falta-de-gerador-de-15-mil-euros-impede-arranque-da-barragem-do-rio-arnoia-em-obidos","status":"publish","type":"post","link":"https:\/\/tintafresca.net\/index.php\/2021\/02\/15\/falta-de-gerador-de-15-mil-euros-impede-arranque-da-barragem-do-rio-arnoia-em-obidos\/","title":{"rendered":"Falta de gerador de 15 mil euros impede arranque da barragem do rio Arnoia em \u00d3bidos"},"content":{"rendered":"<div id=\"attachment_1466\" style=\"width: 502px\" class=\"wp-caption alignleft\"><img loading=\"lazy\" decoding=\"async\" aria-describedby=\"caption-attachment-1466\" class=\"wp-image-1466 size-full\" src=\"https:\/\/tintafresca.net\/wp-content\/uploads\/2021\/02\/Obidos_Barragem_Arnoia.png\" alt=\"\" width=\"492\" height=\"377\" \/><p id=\"caption-attachment-1466\" class=\"wp-caption-text\">Barragem do rio Arn\u00f3ia (Foto: EPMG\/DGADR)<\/p><\/div>\n<p>Os deputados do PSD eleitos elo distrito de Leiria questionaram, no dia 12 de fevereiro, \u00a0a ministra da Agricultura, Maria do C\u00e9u Antunes, sobre o Aproveitamento Hidroagr\u00edcola de \u00d3bidos, um investimento de cerca de 28 milh\u00f5es de euros, que \u201ccompreende um inimagin\u00e1vel valor acrescido para a Regi\u00e3o. Implementado nos concelhos de \u00d3bidos (cerca de 60%) e Bombarral (cerca de 40%) beneficia diretamente propriedades nas freguesias de Santa Maria, S\u00e3o Pedro e Sobral da Lagoa, Vau, Amoreira, P\u00f3 e Roli\u00e7a. Com cerca de 900 benefici\u00e1rios, para al\u00e9m da\u00a0ineg\u00e1vel capacita\u00e7\u00e3o de valor acrescentado na produ\u00e7\u00e3o \u00e9 tamb\u00e9m um enorme promotor social, uma vez que a dimens\u00e3o das parcelas predominantes (nano e microf\u00fandio) demonstram uma clara agricultura de subsist\u00eancia.<\/p>\n<p>Os signat\u00e1rios t\u00eam conhecimento de que a Dire\u00e7\u00e3o da Associa\u00e7\u00e3o de Benefici\u00e1rios tem vindo a solicitar aos t\u00e9cnicos, e \u00e0 ministra da Agricultura o agilizar de procedimentos para que seja poss\u00edvel o fecho das duas comportas e se inicie o aprovisionamento de \u00e1gua no per\u00edodo de precipita\u00e7\u00e3o para utiliza\u00e7\u00e3o no per\u00edodo estival (meses de maior calor).<\/p>\n<p>Contudo, pelo que \u00e9 dado a conhecer, h\u00e1 a necessidade de um parecer pr\u00e9vio por parte da Ag\u00eancia Portuguesa do Ambiente (APA) para que seja autorizado o fecho das comportas. Para que a APA possa dar esse seu parecer favor\u00e1vel eventualmente ter\u00e3o de ser feitos melhoramentos e valida\u00e7\u00e3o do gerador de emerg\u00eancia, um investimento que totaliza um valor de cerca de 15 mil euros.<\/p>\n<p>Sem esse investimento, perdem-se todos os dias milhares de metros c\u00fabicos de \u00e1gua pelo n\u00e3o aprovisionamento neste per\u00edodo de chuva. Acresce que considerando n\u00e3o ser poss\u00edvel fechar rapidamente as comportas existe a forte probabilidade de n\u00e3o ser poss\u00edvel iniciar em 2021 o segundo bloco de rega, o bloco da Amoreira.<\/p>\n<p>Hugo Oliveira, Margarida Balseiro Lopes, Jo\u00e3o Gomes Marques, Olga Silvestre e Pedro Roque v\u00eam, assim, solicitar \u00e0 ministra da Agricultura o seu empenho em resolver este problema e garantir que n\u00e3o se v\u00e3o continuar a perder milhares de metros c\u00fabicos de \u00e1gua que ser\u00e3o por certo t\u00e3o importantes para a agricultura da regi\u00e3o e querem saber se Maria do C\u00e9u Antunes vai garantir a necess\u00e1ria coopera\u00e7\u00e3o com a tutela da APA para ultrapassar a quest\u00e3o levantada<\/p>\n<p>Os deputados do PSD questionam ainda o Minist\u00e9rio da Agricultura se vai desbloquear a possibilidade dos confinantes poderem arrendar ou adquirir terrenos pertencentes ao Estado e que se encontram dentro do aproveitamento.<\/p>\n<p>Fonte: GP|PSD<\/p>\n","protected":false},"excerpt":{"rendered":"<p>Os deputados do PSD eleitos elo distrito de Leiria questionaram, no dia 12 de fevereiro, \u00a0a ministra da Agricultura, Maria do C\u00e9u Antunes, sobre o Aproveitamento Hidroagr\u00edcola de \u00d3bidos, um investimento de cerca de 28 milh\u00f5es de euros, que \u201ccompreende um inimagin\u00e1vel valor acrescido para a Regi\u00e3o. Implementado nos concelhos de \u00d3bidos (cerca de 60%) [&hellip;]<\/p>\n","protected":false},"author":2,"featured_media":1465,"comment_status":"open","ping_status":"open","sticky":false,"template":"","format":"standard","meta":{"footnotes":""},"categories":[7],"tags":[],"class_list":["post-1463","post","type-post","status-publish","format-standard","has-post-thumbnail","hentry","category-economia"],"_links":{"self":[{"href":"https:\/\/tintafresca.net\/index.php\/wp-json\/wp\/v2\/posts\/1463","targetHints":{"allow":["GET"]}}],"collection":[{"href":"https:\/\/tintafresca.net\/index.php\/wp-json\/wp\/v2\/posts"}],"about":[{"href":"https:\/\/tintafresca.net\/index.php\/wp-json\/wp\/v2\/types\/post"}],"author":[{"embeddable":true,"href":"https:\/\/tintafresca.net\/index.php\/wp-json\/wp\/v2\/users\/2"}],"replies":[{"embeddable":true,"href":"https:\/\/tintafresca.net\/index.php\/wp-json\/wp\/v2\/comments?post=1463"}],"version-history":[{"count":2,"href":"https:\/\/tintafresca.net\/index.php\/wp-json\/wp\/v2\/posts\/1463\/revisions"}],"predecessor-version":[{"id":1467,"href":"https:\/\/tintafresca.net\/index.php\/wp-json\/wp\/v2\/posts\/1463\/revisions\/1467"}],"wp:featuredmedia":[{"embeddable":true,"href":"https:\/\/tintafresca.net\/index.php\/wp-json\/wp\/v2\/media\/1465"}],"wp:attachment":[{"href":"https:\/\/tintafresca.net\/index.php\/wp-json\/wp\/v2\/media?parent=1463"}],"wp:term":[{"taxonomy":"category","embeddable":true,"href":"https:\/\/tintafresca.net\/index.php\/wp-json\/wp\/v2\/categories?post=1463"},{"taxonomy":"post_tag","embeddable":true,"href":"https:\/\/tintafresca.net\/index.php\/wp-json\/wp\/v2\/tags?post=1463"}],"curies":[{"name":"wp","href":"https:\/\/api.w.org\/{rel}","templated":true}]}}