{"id":14687,"date":"2022-03-17T11:22:47","date_gmt":"2022-03-17T11:22:47","guid":{"rendered":"https:\/\/tintafresca.net\/?p=14687"},"modified":"2022-03-17T11:26:44","modified_gmt":"2022-03-17T11:26:44","slug":"centro-hospitalar-de-leiria-internou-2258-doentes-em-dois-anos-de-pandemia","status":"publish","type":"post","link":"https:\/\/tintafresca.net\/index.php\/2022\/03\/17\/centro-hospitalar-de-leiria-internou-2258-doentes-em-dois-anos-de-pandemia\/","title":{"rendered":"Centro Hospitalar de Leiria teve de internar 2258 doentes em dois anos de pandemia"},"content":{"rendered":"<div id=\"attachment_7419\" style=\"width: 510px\" class=\"wp-caption alignleft\"><img loading=\"lazy\" decoding=\"async\" aria-describedby=\"caption-attachment-7419\" class=\"wp-image-7419 size-full\" src=\"https:\/\/tintafresca.net\/wp-content\/uploads\/2021\/08\/CHL_Quartos-de-isolamento_10.jpg\" alt=\"\" width=\"500\" height=\"372\" \/><p id=\"caption-attachment-7419\" class=\"wp-caption-text\">Quarto de isolamento<\/p><\/div>\n<p>O Centro Hospitalar de Leiria (CHL) assinala no dia 18 de mar\u00e7o dois anos que internou o primeiro doente com Covid-19, uma mulher de 77 anos. No dia 16 de mar\u00e7o foi registado o primeiro teste positivo para a Covid-19, de uma mulher de 49 anos no Servi\u00e7o de Urg\u00eancia Geral, que n\u00e3o necessitou de internamento.<\/p>\n<p>Em dois anos de pandemia, foram internados 2.258 doentes no CHL, tendo sido registados mais doentes com mais de 80 anos (987 doentes), seguindo-se a faixa et\u00e1ria dos 70 aos 79 anos, com 482 doentes. O doente mais novo internado no CHL tinha um m\u00eas de vida e o mais velho 106 anos. H\u00e1 ainda a lamentar a morte de 675 doentes com Covid-19 no CHL.<\/p>\n<p>\u00abAntes da declara\u00e7\u00e3o de pandemia e quando percebemos a dissemina\u00e7\u00e3o r\u00e1pida do v\u00edrus SARS-CoV2, tent\u00e1mos ao m\u00e1ximo preparar a nossa institui\u00e7\u00e3o para receber doentes positivos, com a cria\u00e7\u00e3o de um plano de conting\u00eancia espec\u00edfico, com diversos n\u00edveis, de acordo com a gravidade da situa\u00e7\u00e3o\u00bb, explica Lic\u00ednio de Carvalho, presidente do Conselho de Administra\u00e7\u00e3o do CHL.<\/p>\n<p>\u00abAo longo destes dois anos, o CHL esteve sempre \u00e0 altura dos desafios da pandemia, com cont\u00ednuas reestrutura\u00e7\u00f5es nas instala\u00e7\u00f5es, o ajustamento de recursos e a reorganiza\u00e7\u00e3o de Servi\u00e7os, para prestar os cuidados adequados em cada fase. Foi dif\u00edcil a decis\u00e3o de retrair a atividade assistencial aos doentes n\u00e3o Covid-19, ao n\u00edvel das consultas e de cirurgias programadas, mas foi uma medida necess\u00e1ria nos picos pand\u00e9micos na nossa regi\u00e3o\u00bb, acrescenta.<\/p>\n<p>O CHL disp\u00f5e de tr\u00eas n\u00edveis de cuidados para os doentes Covid-19 no Hospital de Santo Andr\u00e9 (HSA): n\u00edvel I \u2013 enfermaria criada no Servi\u00e7o de Medicina Interna; n\u00edvel II \u2013 cuidados interm\u00e9dios, a funcionar na Unidade de Cuidados Agudos Polivalente (UCAP); e n\u00edvel III \u2013 cuidados intensivos, com localiza\u00e7\u00e3o no Servi\u00e7o de Medicina Intensiva. \u00abEm janeiro de 2021 vivemos momentos de quase limite, em que cheg\u00e1mos a ter 202 doentes internados com Covid-19 em enfermaria, e 20 internados no Servi\u00e7o de Medicina Intensiva\u00bb, afirma Lic\u00ednio de Carvalho.<\/p>\n<p>Al\u00e9m dos doentes internados com Covid-19, nestes dois anos tamb\u00e9m testaram positivo 844 colaboradores, dos quais 71 j\u00e1 estiveram infetados duas vezes, e 4, tr\u00eas vezes. A categoria profissional mais afetada foi a enfermagem, com 382 enfermeiros infetados, seguida pela categoria dos assistentes operacionais, com 213 infetados, e s\u00f3 depois a categoria m\u00e9dica, com 121 m\u00e9dicos infetados. Apenas estiveram internados tr\u00eas profissionais com Covid-19. A faixa et\u00e1ria mais impactada pela Covid-19 localiza-se entre os 35 e os 39 anos (137 colaboradores), seguida pela faixa dos 50 aos 54 anos (123 colaboradores).<\/p>\n<p>\u00abApesar de termos tido fases com muitos profissionais ausentes por infe\u00e7\u00e3o com Covid-19, conseguimos superar as dificuldades, gra\u00e7as ao trabalho em equipa, ao esfor\u00e7o e \u00e0 dedica\u00e7\u00e3o de toda a \u201cfam\u00edlia\u201d CHL. \u00c9 vis\u00edvel todo esse trabalho olhando para os n\u00fameros associados \u00e0 produtividade de 2021, em que conseguimos recuperar a atividade assistencial e ir mais al\u00e9m, chegando a valores recorde no que respeita a realiza\u00e7\u00e3o de consultas e cirurgias\u00bb, real\u00e7a Lic\u00ednio de Carvalho. \u00abN\u00e3o podemos tamb\u00e9m esquecer a nossa comunidade civil que esteve sempre ao nosso lado e mostrou o seu apoio de diversas formas, e a quem estamos eternamente reconhecidos.\u00bb<\/p>\n<p>\u00abInici\u00e1mos a vacina\u00e7\u00e3o contra a Covid-19 no CHL a 29 de dezembro de 2020 e at\u00e9 27 de agosto de 2021 vacin\u00e1mos 2.192 colaboradores, incluindo prestadores de servi\u00e7o, e administr\u00e1mos a dose de refor\u00e7o a 1.939 colaboradores e prestadores de servi\u00e7os\u00bb, salienta o presidente do Conselho de Administra\u00e7\u00e3o. \u00abFelizmente, o efeito da vacina\u00e7\u00e3o em massa na comunidade tamb\u00e9m se refletiu no CHL a partir de abril e maio de 2021, com uma redu\u00e7\u00e3o de casos de sa\u00fade mais cr\u00edticos por Covid-19.\u00bb<\/p>\n<p><strong> \u00a0Fonte: Midlandcom<\/strong><\/p>\n","protected":false},"excerpt":{"rendered":"<p>O Centro Hospitalar de Leiria (CHL) assinala no dia 18 de mar\u00e7o dois anos que internou o primeiro doente com Covid-19, uma mulher de 77 anos. No dia 16 de mar\u00e7o foi registado o primeiro teste positivo para a Covid-19, de uma mulher de 49 anos no Servi\u00e7o de Urg\u00eancia Geral, que n\u00e3o necessitou de [&hellip;]<\/p>\n","protected":false},"author":2,"featured_media":8500,"comment_status":"open","ping_status":"open","sticky":false,"template":"","format":"standard","meta":{"footnotes":""},"categories":[6],"tags":[],"class_list":["post-14687","post","type-post","status-publish","format-standard","has-post-thumbnail","hentry","category-saude"],"_links":{"self":[{"href":"https:\/\/tintafresca.net\/index.php\/wp-json\/wp\/v2\/posts\/14687","targetHints":{"allow":["GET"]}}],"collection":[{"href":"https:\/\/tintafresca.net\/index.php\/wp-json\/wp\/v2\/posts"}],"about":[{"href":"https:\/\/tintafresca.net\/index.php\/wp-json\/wp\/v2\/types\/post"}],"author":[{"embeddable":true,"href":"https:\/\/tintafresca.net\/index.php\/wp-json\/wp\/v2\/users\/2"}],"replies":[{"embeddable":true,"href":"https:\/\/tintafresca.net\/index.php\/wp-json\/wp\/v2\/comments?post=14687"}],"version-history":[{"count":3,"href":"https:\/\/tintafresca.net\/index.php\/wp-json\/wp\/v2\/posts\/14687\/revisions"}],"predecessor-version":[{"id":14690,"href":"https:\/\/tintafresca.net\/index.php\/wp-json\/wp\/v2\/posts\/14687\/revisions\/14690"}],"wp:featuredmedia":[{"embeddable":true,"href":"https:\/\/tintafresca.net\/index.php\/wp-json\/wp\/v2\/media\/8500"}],"wp:attachment":[{"href":"https:\/\/tintafresca.net\/index.php\/wp-json\/wp\/v2\/media?parent=14687"}],"wp:term":[{"taxonomy":"category","embeddable":true,"href":"https:\/\/tintafresca.net\/index.php\/wp-json\/wp\/v2\/categories?post=14687"},{"taxonomy":"post_tag","embeddable":true,"href":"https:\/\/tintafresca.net\/index.php\/wp-json\/wp\/v2\/tags?post=14687"}],"curies":[{"name":"wp","href":"https:\/\/api.w.org\/{rel}","templated":true}]}}