{"id":15273,"date":"2022-04-03T10:10:16","date_gmt":"2022-04-03T10:10:16","guid":{"rendered":"https:\/\/tintafresca.net\/?p=15273"},"modified":"2022-04-03T10:10:16","modified_gmt":"2022-04-03T10:10:16","slug":"unidade-de-saude-de-sao-pedro-da-cadeira-vai-ser-instalada-no-edificio-do-antigo-jardim-de-infancia","status":"publish","type":"post","link":"https:\/\/tintafresca.net\/index.php\/2022\/04\/03\/unidade-de-saude-de-sao-pedro-da-cadeira-vai-ser-instalada-no-edificio-do-antigo-jardim-de-infancia\/","title":{"rendered":"Unidade de Sa\u00fade de S\u00e3o Pedro da Cadeira vai ser instalada no edif\u00edcio do antigo Jardim de Inf\u00e2ncia"},"content":{"rendered":"<div id=\"attachment_15275\" style=\"width: 510px\" class=\"wp-caption alignleft\"><img loading=\"lazy\" decoding=\"async\" aria-describedby=\"caption-attachment-15275\" class=\"wp-image-15275\" src=\"https:\/\/tintafresca.net\/wp-content\/uploads\/2022\/04\/TV_unidade_Saude_SPC.jpg\" alt=\"\" width=\"500\" height=\"333\" \/><p id=\"caption-attachment-15275\" class=\"wp-caption-text\">Interven\u00e7\u00e3o de Laura Rodrigues<\/p><\/div>\n<p>A empreitada da futura Unidade de Sa\u00fade de S\u00e3o Pedro da Cadeira ter\u00e1 in\u00edcio em breve. O auto de consigna\u00e7\u00e3o da obra foi assinado no dia 29 de mar\u00e7o, no edif\u00edcio que ser\u00e1 requalificado para receber aquela unidade de sa\u00fade.<\/p>\n<p>A Unidade de Sa\u00fade de S\u00e3o Pedro Cadeira ser\u00e1 instalada no antigo edif\u00edcio do Jardim de Inf\u00e2ncia de S\u00e3o Pedro da Cadeira e ter\u00e1 capacidade para 5.250 utentes. A obra representa um investimento de cerca de 617 mil euros e ser\u00e1 executada pela AECI &#8211; Arquitectura, Constru\u00e7\u00e3o, e Empreendimentos Imobili\u00e1rios, SA.<\/p>\n<p>Atualmente, a popula\u00e7\u00e3o da freguesia \u00e9 servida pela extens\u00e3o de sa\u00fade de S\u00e3o Pedro da Cadeira, localizada no edif\u00edcio adjacente \u00e0 junta de freguesia. \u201cAs condi\u00e7\u00f5es que temos no atual centro de sa\u00fade s\u00e3o prec\u00e1rias e desadaptadas \u00e0quilo que \u00e9 a popula\u00e7\u00e3o atual da freguesia\u201d, referiu a presidente da C\u00e2mara Municipal de Torres Vedras, Laura Rodrigues. A autarca recordou que S\u00e3o Pedro da Cadeira \u201c\u00e9 das freguesias do nosso Concelho que mais tem crescido\u201d, sendo por isso necess\u00e1rio melhorar as instala\u00e7\u00f5es de presta\u00e7\u00e3o de cuidados de sa\u00fade prim\u00e1rios.<\/p>\n<p>A vice-presidente da Administra\u00e7\u00e3o Regional de Sa\u00fade de Lisboa e Vale do Tejo, Laura Silveira, tamb\u00e9m marcou presen\u00e7a na cerim\u00f3nia de assinatura do auto de consigna\u00e7\u00e3o. \u201cEsta reabilita\u00e7\u00e3o e a constru\u00e7\u00e3o de novas unidades de sa\u00fade \u00e9 extraordinariamente importante\u201d referiu Laura Silveira, acrescentando que para atrair e fixar profissionais de sa\u00fade \u00e9 essencial ter instala\u00e7\u00f5es \u201cque sejam viradas para aquilo que s\u00e3o as necessidades atuais dos cuidados de sa\u00fade\u201d.<\/p>\n<p>Recorde-se que a 18 de fevereiro de 2020 foi celebrado o protocolo de coopera\u00e7\u00e3o entre a Administra\u00e7\u00e3o Regional de Sa\u00fade de Lisboa e Vale do Tejo e o Munic\u00edpio de Torres Vedras com vista \u00e0 constru\u00e7\u00e3o de tr\u00eas novas unidades de sa\u00fade no Concelho (Runa, Ramalhal e S\u00e3o Pedro da Cadeira).<\/p>\n<p>Esta nova unidade, que ficar\u00e1 conclu\u00edda no pr\u00f3ximo ano, ficar\u00e1 dotada dos meios f\u00edsicos que proporcionar\u00e3o uma resposta de qualidade na presta\u00e7\u00e3o de cuidados de sa\u00fade prim\u00e1rios, m\u00e9dicos e de enfermagem, mas tamb\u00e9m no atendimento e no acolhimento aos utentes, contribuindo desta forma para colmatar as disparidades territoriais em mat\u00e9ria de acesso e de qualidade assistencial da rede p\u00fablica de sa\u00fade.<\/p>\n<p><strong>\u00a0 \u00a0 Fonte: ACM|CMTV<\/strong><\/p>\n","protected":false},"excerpt":{"rendered":"<p>A empreitada da futura Unidade de Sa\u00fade de S\u00e3o Pedro da Cadeira ter\u00e1 in\u00edcio em breve. O auto de consigna\u00e7\u00e3o da obra foi assinado no dia 29 de mar\u00e7o, no edif\u00edcio que ser\u00e1 requalificado para receber aquela unidade de sa\u00fade. A Unidade de Sa\u00fade de S\u00e3o Pedro Cadeira ser\u00e1 instalada no antigo edif\u00edcio do Jardim [&hellip;]<\/p>\n","protected":false},"author":2,"featured_media":15276,"comment_status":"open","ping_status":"open","sticky":false,"template":"","format":"standard","meta":{"footnotes":""},"categories":[6],"tags":[],"class_list":["post-15273","post","type-post","status-publish","format-standard","has-post-thumbnail","hentry","category-saude"],"_links":{"self":[{"href":"https:\/\/tintafresca.net\/index.php\/wp-json\/wp\/v2\/posts\/15273","targetHints":{"allow":["GET"]}}],"collection":[{"href":"https:\/\/tintafresca.net\/index.php\/wp-json\/wp\/v2\/posts"}],"about":[{"href":"https:\/\/tintafresca.net\/index.php\/wp-json\/wp\/v2\/types\/post"}],"author":[{"embeddable":true,"href":"https:\/\/tintafresca.net\/index.php\/wp-json\/wp\/v2\/users\/2"}],"replies":[{"embeddable":true,"href":"https:\/\/tintafresca.net\/index.php\/wp-json\/wp\/v2\/comments?post=15273"}],"version-history":[{"count":2,"href":"https:\/\/tintafresca.net\/index.php\/wp-json\/wp\/v2\/posts\/15273\/revisions"}],"predecessor-version":[{"id":15277,"href":"https:\/\/tintafresca.net\/index.php\/wp-json\/wp\/v2\/posts\/15273\/revisions\/15277"}],"wp:featuredmedia":[{"embeddable":true,"href":"https:\/\/tintafresca.net\/index.php\/wp-json\/wp\/v2\/media\/15276"}],"wp:attachment":[{"href":"https:\/\/tintafresca.net\/index.php\/wp-json\/wp\/v2\/media?parent=15273"}],"wp:term":[{"taxonomy":"category","embeddable":true,"href":"https:\/\/tintafresca.net\/index.php\/wp-json\/wp\/v2\/categories?post=15273"},{"taxonomy":"post_tag","embeddable":true,"href":"https:\/\/tintafresca.net\/index.php\/wp-json\/wp\/v2\/tags?post=15273"}],"curies":[{"name":"wp","href":"https:\/\/api.w.org\/{rel}","templated":true}]}}