{"id":1531,"date":"2021-02-17T10:56:54","date_gmt":"2021-02-17T10:56:54","guid":{"rendered":"https:\/\/tintafresca.net\/?p=1531"},"modified":"2021-02-17T13:59:12","modified_gmt":"2021-02-17T13:59:12","slug":"obras-de-modernizacao-avenida-vieira-guimaraes-arrancam-na-nazare","status":"publish","type":"post","link":"https:\/\/tintafresca.net\/index.php\/2021\/02\/17\/obras-de-modernizacao-avenida-vieira-guimaraes-arrancam-na-nazare\/","title":{"rendered":"Obras de moderniza\u00e7\u00e3o da Avenida Vieira Guimar\u00e3es arrancam na Nazar\u00e9"},"content":{"rendered":"<div id=\"attachment_1534\" style=\"width: 510px\" class=\"wp-caption alignleft\"><img loading=\"lazy\" decoding=\"async\" aria-describedby=\"caption-attachment-1534\" class=\"wp-image-1534 size-full\" src=\"https:\/\/tintafresca.net\/wp-content\/uploads\/2021\/02\/Nazare_Avenida_araujo_guimaraes10.jpg\" alt=\"\" width=\"500\" height=\"281\" \/><p id=\"caption-attachment-1534\" class=\"wp-caption-text\">Avenida Vieira Guimar\u00e3es<\/p><\/div>\n<p>Est\u00e3o em curso as obras de reabilita\u00e7\u00e3o da Avenida Vieira Guimar\u00e3es, uma das principais art\u00e9rias de liga\u00e7\u00e3o \u00e0 marginal e a v\u00e1rios servi\u00e7os, entre os quais os Pa\u00e7os do Concelho.<\/p>\n<p>Promovida pelo Munic\u00edpio da Nazar\u00e9, a opera\u00e7\u00e3o resulta de um investimento enquadrado no Plano Estrat\u00e9gico de Desenvolvimento Urbano da Nazar\u00e9 (PEDU), com a comparticipa\u00e7\u00e3o financeira da Uni\u00e3o Europeia no \u00e2mbito do Portugal 2020, e pretende devolver o espa\u00e7o urbano a um uso que acompanhe os novos tempos e d\u00ea a r\u00e9plica adequada aos desafios que nos s\u00e3o colocados enquanto habitantes das vilas.<\/p>\n<p>Atrav\u00e9s de um novo desenho do espa\u00e7o existe, procura-se facilitar a apropria\u00e7\u00e3o dos cidad\u00e3os a passeios e ruas, refor\u00e7ando a coexist\u00eancia e a interliga\u00e7\u00e3o entre os diversos lugares e eixos urbanos, facilitando a mobilidade pedonal, contribuindo para ordenar e disciplinar a circula\u00e7\u00e3o autom\u00f3vel e o estacionamento, promovendo a cria\u00e7\u00e3o de um ambiente urbano mais amig\u00e1vel e moderno e, assim, permitir a acomoda\u00e7\u00e3o de novos usos e viv\u00eancias, determinantes e primordiais na constru\u00e7\u00e3o de valores identit\u00e1rios espec\u00edficos da Vila.<\/p>\n<p>\u201cEsta opera\u00e7\u00e3o responder\u00e1, de forma qualificada e integrada, \u00e0s necessidades atuais e futuras da popula\u00e7\u00e3o abrangida, pela melhoria da oferta existente, promovendo o desenvolvimento sustent\u00e1vel, o refor\u00e7o da acessibilidade, a equidade e a coes\u00e3o social, atendendo \u00e0 realidade demogr\u00e1fica e din\u00e2micas econ\u00f3micas\u201d, esclarece Walter Chicharro, presidente da C\u00e2mara Municipal.<\/p>\n<p>O valor da empreitada em execu\u00e7\u00e3o \u00e9 de 767.337,78 euros (com um custo total eleg\u00edvel de 751.119,77\u20ac), tem o apoio financeiro da Uni\u00e3o Europeia no valor de 638.451,80\u20ac e o poio financeiro p\u00fablico nacional, de 128.885,97\u20ac.<\/p>\n<p><strong>\u00a0 \u00a0 Fonte: SM|GCI!CMN<\/strong><\/p>\n","protected":false},"excerpt":{"rendered":"<p>Est\u00e3o em curso as obras de reabilita\u00e7\u00e3o da Avenida Vieira Guimar\u00e3es, uma das principais art\u00e9rias de liga\u00e7\u00e3o \u00e0 marginal e a v\u00e1rios servi\u00e7os, entre os quais os Pa\u00e7os do Concelho. Promovida pelo Munic\u00edpio da Nazar\u00e9, a opera\u00e7\u00e3o resulta de um investimento enquadrado no Plano Estrat\u00e9gico de Desenvolvimento Urbano da Nazar\u00e9 (PEDU), com a comparticipa\u00e7\u00e3o financeira [&hellip;]<\/p>\n","protected":false},"author":2,"featured_media":1536,"comment_status":"open","ping_status":"open","sticky":false,"template":"","format":"standard","meta":{"footnotes":""},"categories":[7,11],"tags":[],"class_list":["post-1531","post","type-post","status-publish","format-standard","has-post-thumbnail","hentry","category-economia","category-sociedade"],"_links":{"self":[{"href":"https:\/\/tintafresca.net\/index.php\/wp-json\/wp\/v2\/posts\/1531","targetHints":{"allow":["GET"]}}],"collection":[{"href":"https:\/\/tintafresca.net\/index.php\/wp-json\/wp\/v2\/posts"}],"about":[{"href":"https:\/\/tintafresca.net\/index.php\/wp-json\/wp\/v2\/types\/post"}],"author":[{"embeddable":true,"href":"https:\/\/tintafresca.net\/index.php\/wp-json\/wp\/v2\/users\/2"}],"replies":[{"embeddable":true,"href":"https:\/\/tintafresca.net\/index.php\/wp-json\/wp\/v2\/comments?post=1531"}],"version-history":[{"count":3,"href":"https:\/\/tintafresca.net\/index.php\/wp-json\/wp\/v2\/posts\/1531\/revisions"}],"predecessor-version":[{"id":1537,"href":"https:\/\/tintafresca.net\/index.php\/wp-json\/wp\/v2\/posts\/1531\/revisions\/1537"}],"wp:featuredmedia":[{"embeddable":true,"href":"https:\/\/tintafresca.net\/index.php\/wp-json\/wp\/v2\/media\/1536"}],"wp:attachment":[{"href":"https:\/\/tintafresca.net\/index.php\/wp-json\/wp\/v2\/media?parent=1531"}],"wp:term":[{"taxonomy":"category","embeddable":true,"href":"https:\/\/tintafresca.net\/index.php\/wp-json\/wp\/v2\/categories?post=1531"},{"taxonomy":"post_tag","embeddable":true,"href":"https:\/\/tintafresca.net\/index.php\/wp-json\/wp\/v2\/tags?post=1531"}],"curies":[{"name":"wp","href":"https:\/\/api.w.org\/{rel}","templated":true}]}}