{"id":15407,"date":"2022-04-07T21:29:34","date_gmt":"2022-04-07T21:29:34","guid":{"rendered":"https:\/\/tintafresca.net\/?p=15407"},"modified":"2022-04-07T21:34:40","modified_gmt":"2022-04-07T21:34:40","slug":"passeio-tematico-mostrou-orquideas-de-montejunto","status":"publish","type":"post","link":"https:\/\/tintafresca.net\/index.php\/2022\/04\/07\/passeio-tematico-mostrou-orquideas-de-montejunto\/","title":{"rendered":"Passeio tem\u00e1tico mostrou orqu\u00eddeas de Montejunto"},"content":{"rendered":"<div id=\"attachment_15409\" style=\"width: 510px\" class=\"wp-caption alignleft\"><img loading=\"lazy\" decoding=\"async\" aria-describedby=\"caption-attachment-15409\" class=\"wp-image-15409 size-full\" src=\"https:\/\/tintafresca.net\/wp-content\/uploads\/2022\/04\/Cadaval_Passeio-tematico-em-Montejunto_orquideas10.jpg\" alt=\"\" width=\"500\" height=\"333\" \/><p id=\"caption-attachment-15409\" class=\"wp-caption-text\">Passeio tem\u00e1tico &#8220;Orqu\u00eddeas da Serra de Montejunto&#8221; foi guiado por Armando Fraz\u00e3o<\/p><\/div>\n<p><em>O passeio tem\u00e1tico &#8220;Orqu\u00eddeas da Serra de Montejunto&#8221;, guiado por Armando Fraz\u00e3o, autor do Livro \u201cOrqu\u00eddeas Silvestres da Arr\u00e1bida\u201d, decorreu no dia 2 de abril. A iniciativa contou com organiza\u00e7\u00e3o da AMAC &#8211; Associa\u00e7\u00e3o de Munic\u00edpios de Alenquer e Cadaval e com boa ades\u00e3o, tendo as inscri\u00e7\u00f5es esgotado.<\/em><\/p>\n<p>A atividade iniciou-se com um workshop te\u00f3rico, que teve lugar no Centro de Interpreta\u00e7\u00e3o Ambiental de Montejunto e que permitiu aos participantes conhecer mais sobre a biologia e reprodu\u00e7\u00e3o das orqu\u00eddeas silvestres, a sua import\u00e2ncia a n\u00edvel nacional e as amea\u00e7as que enfrentam na sua conserva\u00e7\u00e3o.<\/p>\n<p>Posteriormente, os participantes foram convidados a descobrir, no terreno, as diferentes esp\u00e9cies existentes na Paisagem Protegida da Serra de Montejunto (PPSM). Ao longo de toda a manh\u00e3, foi ainda poss\u00edvel usufruir das paisagens desta \u00e1rea protegida e de um excelente dia de sol.<\/p>\n<div id=\"attachment_15410\" style=\"width: 510px\" class=\"wp-caption alignleft\"><img loading=\"lazy\" decoding=\"async\" aria-describedby=\"caption-attachment-15410\" class=\"wp-image-15410 size-full\" src=\"https:\/\/tintafresca.net\/wp-content\/uploads\/2022\/04\/Cadaval_Passeio-tematico-em-Montejunto20.jpg\" alt=\"\" width=\"500\" height=\"333\" \/><p id=\"caption-attachment-15410\" class=\"wp-caption-text\">Iniciativa contou com organiza\u00e7\u00e3o da AMAC &#8211; Associa\u00e7\u00e3o de Munic\u00edpios de Alenquer e Cadaval<\/p><\/div>\n<p>No que ao Munic\u00edpio do Cadaval diz respeito, o encontro teve a presen\u00e7a do vereador Dinis Duarte, na qualidade de presidente da Comiss\u00e3o Diretiva da PPSM e vice-presidente da AMAC, bem como da t\u00e9cnica Paula Almeida, do Gabinete T\u00e9cnico Florestal.<\/p>\n<p><strong>\u00a0 \u00a0 \u00a0 Fonte: BF|SCRP|CMC<\/strong><\/p>\n","protected":false},"excerpt":{"rendered":"<p>O passeio tem\u00e1tico &#8220;Orqu\u00eddeas da Serra de Montejunto&#8221;, guiado por Armando Fraz\u00e3o, autor do Livro \u201cOrqu\u00eddeas Silvestres da Arr\u00e1bida\u201d, decorreu no dia 2 de abril. A iniciativa contou com organiza\u00e7\u00e3o da AMAC &#8211; Associa\u00e7\u00e3o de Munic\u00edpios de Alenquer e Cadaval e com boa ades\u00e3o, tendo as inscri\u00e7\u00f5es esgotado. A atividade iniciou-se com um workshop te\u00f3rico, [&hellip;]<\/p>\n","protected":false},"author":2,"featured_media":15411,"comment_status":"open","ping_status":"open","sticky":false,"template":"","format":"standard","meta":{"footnotes":""},"categories":[9],"tags":[],"class_list":["post-15407","post","type-post","status-publish","format-standard","has-post-thumbnail","hentry","category-ambiente"],"_links":{"self":[{"href":"https:\/\/tintafresca.net\/index.php\/wp-json\/wp\/v2\/posts\/15407","targetHints":{"allow":["GET"]}}],"collection":[{"href":"https:\/\/tintafresca.net\/index.php\/wp-json\/wp\/v2\/posts"}],"about":[{"href":"https:\/\/tintafresca.net\/index.php\/wp-json\/wp\/v2\/types\/post"}],"author":[{"embeddable":true,"href":"https:\/\/tintafresca.net\/index.php\/wp-json\/wp\/v2\/users\/2"}],"replies":[{"embeddable":true,"href":"https:\/\/tintafresca.net\/index.php\/wp-json\/wp\/v2\/comments?post=15407"}],"version-history":[{"count":4,"href":"https:\/\/tintafresca.net\/index.php\/wp-json\/wp\/v2\/posts\/15407\/revisions"}],"predecessor-version":[{"id":15414,"href":"https:\/\/tintafresca.net\/index.php\/wp-json\/wp\/v2\/posts\/15407\/revisions\/15414"}],"wp:featuredmedia":[{"embeddable":true,"href":"https:\/\/tintafresca.net\/index.php\/wp-json\/wp\/v2\/media\/15411"}],"wp:attachment":[{"href":"https:\/\/tintafresca.net\/index.php\/wp-json\/wp\/v2\/media?parent=15407"}],"wp:term":[{"taxonomy":"category","embeddable":true,"href":"https:\/\/tintafresca.net\/index.php\/wp-json\/wp\/v2\/categories?post=15407"},{"taxonomy":"post_tag","embeddable":true,"href":"https:\/\/tintafresca.net\/index.php\/wp-json\/wp\/v2\/tags?post=15407"}],"curies":[{"name":"wp","href":"https:\/\/api.w.org\/{rel}","templated":true}]}}