{"id":15466,"date":"2022-04-09T17:20:40","date_gmt":"2022-04-09T17:20:40","guid":{"rendered":"https:\/\/tintafresca.net\/?p=15466"},"modified":"2022-04-09T17:34:07","modified_gmt":"2022-04-09T17:34:07","slug":"ministro-da-cultura-participa-no-arranque-das-comemoracoes-do-25-de-abril-em-santarem","status":"publish","type":"post","link":"https:\/\/tintafresca.net\/index.php\/2022\/04\/09\/ministro-da-cultura-participa-no-arranque-das-comemoracoes-do-25-de-abril-em-santarem\/","title":{"rendered":"Ministro da Cultura participa nas comemora\u00e7\u00f5es do 25 de Abril em Santar\u00e9m"},"content":{"rendered":"<div id=\"attachment_15469\" style=\"width: 510px\" class=\"wp-caption alignleft\"><img loading=\"lazy\" decoding=\"async\" aria-describedby=\"caption-attachment-15469\" class=\"wp-image-15469 size-full\" src=\"https:\/\/tintafresca.net\/wp-content\/uploads\/2022\/04\/Santarem_25_abril10.jpg\" alt=\"\" width=\"500\" height=\"500\" \/><p id=\"caption-attachment-15469\" class=\"wp-caption-text\">Cartaz<\/p><\/div>\n<p>No \u00e2mbito das Comemora\u00e7\u00f5es do 25 de Abril, vai estrear, no dia 20 de abril, \u00e0s 21h30, no Teatro Taborda em Santar\u00e9m, o Document\u00e1rio \u201cPlano B\u201d.<\/p>\n<p>Ap\u00f3s a exibi\u00e7\u00e3o de \u201cPlano B\u201d ter\u00e1 lugar uma conversa com Coronel Joaquim Correia Bernardo \u2013 Capit\u00e3o respons\u00e1vel pelo plano de opera\u00e7\u00f5es do \u201cPlano B\u201d e Pedro Ad\u00e3o e Silva \u2013 Comiss\u00e1rio das Comemora\u00e7\u00f5es Nacionais do 50\u00ba Anivers\u00e1rio do 25 de Abril (at\u00e9 dia 30 de mar\u00e7o), entretanto nomeado, Ministro da Cultura do XXIII Governo Constitucional.<\/p>\n<p>O document\u00e1rio e a conversa v\u00e3o ser tamb\u00e9m transmitidos em <em>live streaming<\/em> a partir da p\u00e1gina do Facebook do Munic\u00edpio de Santar\u00e9m.<\/p>\n<p>Integradas no programa das Comemora\u00e7\u00f5es do 25 de Abril em Santar\u00e9m, pode ainda visitar no Centro Cultural Regional de Santar\u00e9m (CCRS) as exposi\u00e7\u00f5es: \u201cEm Abril, Artistas Mil\u201d, exposi\u00e7\u00e3o coletiva que re\u00fane trabalhos de v\u00e1rios artistas locais, e \u201cPortugal 70 Anos Depois\u201d o ensaio fotogr\u00e1fico de John Gallo, inspirado no ensaio fotogr\u00e1fico \u201cPortugal 1950\u201d de Jean Dieuzaide.<\/p>\n<p><strong><em>\u201cEm Abril, Artistas Mil\u201d<\/em><\/strong>, \u00e9 o nome de uma delas que conta com trabalhos de Andr\u00e9 Esteves, Andr\u00e9 Gomes, Ant\u00f3nio Canavarro, Eva Barbosa Mendon\u00e7a, Fernanda Narciso, Fernando Silva, Francisco Pereira, Fl\u00e1via Barra, Jo\u00e3o Maria Ferreira, Mariana Sim\u00e3o, Pedro Mour\u00e3o Pereira, Sofia Campilho e V\u00edtor Lopes.<\/p>\n<p>\u201cAbril, Artistas Mil\u201d \u00e9 uma exposi\u00e7\u00e3o coletiva de artistas que residem ou s\u00e3o naturais da regi\u00e3o. Esta Exposi\u00e7\u00e3o ter\u00e1, entre outros, dois objetivos primeiros: diversificar culturalmente a oferta ao p\u00fablico, atraindo um maior n\u00famero de visitantes ao CCRS, assim como concorrer na divulga\u00e7\u00e3o e promo\u00e7\u00e3o de talentos e express\u00f5es art\u00edsticas variadas, dos artistas locais e regionais, contribuindo assim para a democratiza\u00e7\u00e3o e cria\u00e7\u00e3o cultural.<\/p>\n<p><strong><em>\u201cPortugal 70 Anos Depois\u201d<\/em><\/strong> \u00e9 o ensaio fotogr\u00e1fico de John Gallo tendo por base o trabalho realizado em 1950 pelo fot\u00f3grafo franc\u00eas Jean Dieuzaide.<\/p>\n<p>\u201cPortugal 1950\u201d \u00e9 o t\u00edtulo de um ensaio fotogr\u00e1fico de Jean Dieuzaide; o fot\u00f3grafo franc\u00eas percorreu Portugal Continental e a Madeira, produzindo um dos melhores testemunhos daquilo que Portugal foi no auge do Estado Novo. O trabalho not\u00e1vel de Dieuzaide foi editado em 1998, com a coopera\u00e7\u00e3o da Galerie Municipale du Ch\u00e2teau d\u2019Eau de Toulouse e a FNAC coorganizou a exposi\u00e7\u00e3o que aconteceu no Centre Culturel Calouste Gulbenkian em Paris. Eduardo Louren\u00e7o escreveu o texto \u201cLuz e Mem\u00f3ria\u201d que serviu de introdu\u00e7\u00e3o ao livro, na edi\u00e7\u00e3o de 1998.<\/p>\n<p>\u201cPortugal 70 Anos Depois\u201d tem como ponto de partida a obra de Dieuzaide: este novo ensaio de John Gallo, obra de autor, respeita a abordagem de Dieuzaide, revisitando os locais que o fot\u00f3grafo franc\u00eas elegeu para retratar Portugal h\u00e1 70 anos, fazendo luz sobre o que \u00e9 Portugal hoje, volvidas sete d\u00e9cadas.<\/p>\n<p>Este ensaio \u00e9 um tributo \u00e0 obra de Dieuzaide, e aos portugueses protagonistas na sua obra que viveram um Portugal pobre, sofrido, amorda\u00e7ado, sempre de sorriso no rosto; as fainas e atividades fotografadas por Dieuzaide eram a pedra basilar de uma economia rudimentar, altamente protecionista, muitas vezes a \u00fanica forma de subsist\u00eancia de fam\u00edlias inteiras.<\/p>\n<p>Setenta anos \u00e9 extraordinariamente interessante compreender como \u00e9 que nos mesmos locais se vive, que rostos se encontram, que paisagens urbanas surgiram, que estrutura social e econ\u00f3mica vinga neste pa\u00eds de gente (ainda) sorridente.<\/p>\n<p>\u201cPortugal 70 Anos Depois\u201d pretende igualmente promover uma discuss\u00e3o p\u00fablica acerca da evolu\u00e7\u00e3o do nosso pa\u00eds nas \u00faltimas d\u00e9cadas, como nos afirmamos hoje na Europa e no mundo.<\/p>\n<p>As imagens de John Gallo t\u00eam sido apresentadas, expostas e publicadas por todo o mundo, em locais e meios de comunica\u00e7\u00e3o social de relevo. O Presidente da Rep\u00fablica, Professor Marcelo Rebelo de Sousa, reconheceu, em duas ocasi\u00f5es, a import\u00e2ncia do trabalho de John Gallo.<\/p>\n<p>Estas mostras podem ser visitadas, at\u00e9 30 de abril, de segunda a sexta-feira, das 15h00 \u00e0s 19h00 e ao s\u00e1bado entre as 10h00 e as 13h00.<\/p>\n<p><strong>\u00a0 \u00a0 \u00a0Fonte: GRPC|CMS<\/strong><\/p>\n","protected":false},"excerpt":{"rendered":"<p>No \u00e2mbito das Comemora\u00e7\u00f5es do 25 de Abril, vai estrear, no dia 20 de abril, \u00e0s 21h30, no Teatro Taborda em Santar\u00e9m, o Document\u00e1rio \u201cPlano B\u201d. Ap\u00f3s a exibi\u00e7\u00e3o de \u201cPlano B\u201d ter\u00e1 lugar uma conversa com Coronel Joaquim Correia Bernardo \u2013 Capit\u00e3o respons\u00e1vel pelo plano de opera\u00e7\u00f5es do \u201cPlano B\u201d e Pedro Ad\u00e3o e [&hellip;]<\/p>\n","protected":false},"author":2,"featured_media":15470,"comment_status":"open","ping_status":"open","sticky":false,"template":"","format":"standard","meta":{"footnotes":""},"categories":[5],"tags":[],"class_list":["post-15466","post","type-post","status-publish","format-standard","has-post-thumbnail","hentry","category-artes"],"_links":{"self":[{"href":"https:\/\/tintafresca.net\/index.php\/wp-json\/wp\/v2\/posts\/15466","targetHints":{"allow":["GET"]}}],"collection":[{"href":"https:\/\/tintafresca.net\/index.php\/wp-json\/wp\/v2\/posts"}],"about":[{"href":"https:\/\/tintafresca.net\/index.php\/wp-json\/wp\/v2\/types\/post"}],"author":[{"embeddable":true,"href":"https:\/\/tintafresca.net\/index.php\/wp-json\/wp\/v2\/users\/2"}],"replies":[{"embeddable":true,"href":"https:\/\/tintafresca.net\/index.php\/wp-json\/wp\/v2\/comments?post=15466"}],"version-history":[{"count":4,"href":"https:\/\/tintafresca.net\/index.php\/wp-json\/wp\/v2\/posts\/15466\/revisions"}],"predecessor-version":[{"id":15472,"href":"https:\/\/tintafresca.net\/index.php\/wp-json\/wp\/v2\/posts\/15466\/revisions\/15472"}],"wp:featuredmedia":[{"embeddable":true,"href":"https:\/\/tintafresca.net\/index.php\/wp-json\/wp\/v2\/media\/15470"}],"wp:attachment":[{"href":"https:\/\/tintafresca.net\/index.php\/wp-json\/wp\/v2\/media?parent=15466"}],"wp:term":[{"taxonomy":"category","embeddable":true,"href":"https:\/\/tintafresca.net\/index.php\/wp-json\/wp\/v2\/categories?post=15466"},{"taxonomy":"post_tag","embeddable":true,"href":"https:\/\/tintafresca.net\/index.php\/wp-json\/wp\/v2\/tags?post=15466"}],"curies":[{"name":"wp","href":"https:\/\/api.w.org\/{rel}","templated":true}]}}