{"id":1550,"date":"2021-02-17T19:52:53","date_gmt":"2021-02-17T19:52:53","guid":{"rendered":"https:\/\/tintafresca.net\/?p=1550"},"modified":"2021-02-17T19:52:53","modified_gmt":"2021-02-17T19:52:53","slug":"camara-de-pombal-prepara-regulamento-para-fundo-extraordinario-de-recuperacao-economica","status":"publish","type":"post","link":"https:\/\/tintafresca.net\/index.php\/2021\/02\/17\/camara-de-pombal-prepara-regulamento-para-fundo-extraordinario-de-recuperacao-economica\/","title":{"rendered":"C\u00e2mara de Pombal prepara regulamento para fundo extraordin\u00e1rio de recupera\u00e7\u00e3o econ\u00f3mica"},"content":{"rendered":"<div id=\"attachment_1555\" style=\"width: 310px\" class=\"wp-caption alignleft\"><img loading=\"lazy\" decoding=\"async\" aria-describedby=\"caption-attachment-1555\" class=\"wp-image-1555\" src=\"https:\/\/tintafresca.net\/wp-content\/uploads\/2021\/02\/Pombal_Diogo_Mateus2.jpg\" alt=\"\" width=\"300\" height=\"385\" \/><p id=\"caption-attachment-1555\" class=\"wp-caption-text\">Diogo Mateus<\/p><\/div>\n<p>A C\u00e2mara Municipal de Pombal aprovou, na \u00faltima reuni\u00e3o do executivo, dar in\u00edcio ao procedimento de elabora\u00e7\u00e3o do Regulamento do Fundo Extraordin\u00e1rio de Recupera\u00e7\u00e3o Econ\u00f3mica \u201cPombal Apoia\u201d, que enquadrar\u00e1 as medidas de car\u00e1cter excecional, tempor\u00e1rias e extraordin\u00e1rias ao sector econ\u00f3mico do concelho, fomentando a economia de proximidade, dirigido \u00e0 sustentabilidade das micro e pequenas empresas e \u00e0 prote\u00e7\u00e3o do emprego.<\/p>\n<p>Assim, os interessados podem constituir-se como tal, no prazo de cinco dias \u00fateis, e apresentar os seus contributos para a elabora\u00e7\u00e3o do projeto de Regulamento, atrav\u00e9s de comunica\u00e7\u00e3o escrita dirigida ao presidente da C\u00e2mara Municipal de Pombal.<\/p>\n<p>O \u201cPombal Apoia\u201d destina-se \u00e0s sociedades comerciais e aos empres\u00e1rios em nome individual, com sede ou domic\u00edlio fiscal no concelho de Pombal, que sejam entidades empregadoras, consideradas micro e desenvolvam a t\u00edtulo principal, atividades econ\u00f3micas previamente definidas.<\/p>\n<p>O apoio financeiro, com uma dota\u00e7\u00e3o or\u00e7amental inicial de 300 mil euros, podendo chegar aos 500 mil euros, \u00e9 concedido por uma \u00fanica vez, n\u00e3o reembols\u00e1vel, variando os apoios entre os 2.000 e os 4.000 euros. No caso de atividades econ\u00f3micas, sob o qual incidiu a determina\u00e7\u00e3o de encerramento administrativo por decreto, ser\u00e1 aplicada uma majora\u00e7\u00e3o de 10%.<\/p>\n<p>O acesso ao apoio financeiro \u00e9 efetuado por candidatura, em data a fixar por delibera\u00e7\u00e3o da C\u00e2mara Municipal, que ser\u00e1 analisada e avaliada por um respons\u00e1vel designado para o efeito.<\/p>\n<p>&nbsp;<\/p>\n<p>Fonte:<\/p>\n","protected":false},"excerpt":{"rendered":"<p>A C\u00e2mara Municipal de Pombal aprovou, na \u00faltima reuni\u00e3o do executivo, dar in\u00edcio ao procedimento de elabora\u00e7\u00e3o do Regulamento do Fundo Extraordin\u00e1rio de Recupera\u00e7\u00e3o Econ\u00f3mica \u201cPombal Apoia\u201d, que enquadrar\u00e1 as medidas de car\u00e1cter excecional, tempor\u00e1rias e extraordin\u00e1rias ao sector econ\u00f3mico do concelho, fomentando a economia de proximidade, dirigido \u00e0 sustentabilidade das micro e pequenas empresas [&hellip;]<\/p>\n","protected":false},"author":2,"featured_media":1555,"comment_status":"open","ping_status":"open","sticky":false,"template":"","format":"standard","meta":{"footnotes":""},"categories":[7],"tags":[],"class_list":["post-1550","post","type-post","status-publish","format-standard","has-post-thumbnail","hentry","category-economia"],"_links":{"self":[{"href":"https:\/\/tintafresca.net\/index.php\/wp-json\/wp\/v2\/posts\/1550","targetHints":{"allow":["GET"]}}],"collection":[{"href":"https:\/\/tintafresca.net\/index.php\/wp-json\/wp\/v2\/posts"}],"about":[{"href":"https:\/\/tintafresca.net\/index.php\/wp-json\/wp\/v2\/types\/post"}],"author":[{"embeddable":true,"href":"https:\/\/tintafresca.net\/index.php\/wp-json\/wp\/v2\/users\/2"}],"replies":[{"embeddable":true,"href":"https:\/\/tintafresca.net\/index.php\/wp-json\/wp\/v2\/comments?post=1550"}],"version-history":[{"count":2,"href":"https:\/\/tintafresca.net\/index.php\/wp-json\/wp\/v2\/posts\/1550\/revisions"}],"predecessor-version":[{"id":1556,"href":"https:\/\/tintafresca.net\/index.php\/wp-json\/wp\/v2\/posts\/1550\/revisions\/1556"}],"wp:featuredmedia":[{"embeddable":true,"href":"https:\/\/tintafresca.net\/index.php\/wp-json\/wp\/v2\/media\/1555"}],"wp:attachment":[{"href":"https:\/\/tintafresca.net\/index.php\/wp-json\/wp\/v2\/media?parent=1550"}],"wp:term":[{"taxonomy":"category","embeddable":true,"href":"https:\/\/tintafresca.net\/index.php\/wp-json\/wp\/v2\/categories?post=1550"},{"taxonomy":"post_tag","embeddable":true,"href":"https:\/\/tintafresca.net\/index.php\/wp-json\/wp\/v2\/tags?post=1550"}],"curies":[{"name":"wp","href":"https:\/\/api.w.org\/{rel}","templated":true}]}}