{"id":15565,"date":"2022-04-12T22:34:51","date_gmt":"2022-04-12T22:34:51","guid":{"rendered":"https:\/\/tintafresca.net\/?p=15565"},"modified":"2022-04-12T22:38:27","modified_gmt":"2022-04-12T22:38:27","slug":"conselho-geral-decide-manter-a-rede-cultura-e-nomeia-novo-grupo-de-trabalho","status":"publish","type":"post","link":"https:\/\/tintafresca.net\/index.php\/2022\/04\/12\/conselho-geral-decide-manter-a-rede-cultura-e-nomeia-novo-grupo-de-trabalho\/","title":{"rendered":"Conselho Geral decide manter a Rede Cultura e nomeia novo Grupo de Trabalho"},"content":{"rendered":"<div id=\"attachment_15567\" style=\"width: 510px\" class=\"wp-caption alignleft\"><img loading=\"lazy\" decoding=\"async\" aria-describedby=\"caption-attachment-15567\" class=\"wp-image-15567 size-full\" src=\"https:\/\/tintafresca.net\/wp-content\/uploads\/2022\/04\/Leiria_Conselho_Geral_Rede_Cultura10.jpg\" alt=\"\" width=\"500\" height=\"375\" \/><p id=\"caption-attachment-15567\" class=\"wp-caption-text\">Conselho Geral da Rede Cultura reuniu no Museu de Leiria<\/p><\/div>\n<p>O Conselho Geral da Rede Cultura 2027 reuniu esta segunda-feira, dia 11 de abril, no Museu de Leiria, no seu 12.\u00ba encontro. O J\u00fari a quem coube a decis\u00e3o de escolher as cidades finalistas para o t\u00edtulo de Capital Europeia da Cultura deixou de fora a candidatura de Leiria, e por consequ\u00eancia, a Rede Cultura 2027. Ficou, pois, por cumprir o primeiro objetivo a que se propuseram. Contudo, e ainda antes de receber o relat\u00f3rio de justifica\u00e7\u00e3o por parte dos jurados, os membros da Rede Cultura iniciam com os diferentes \u00f3rg\u00e3os e equipas uma avalia\u00e7\u00e3o de todo o processo da REDE.<\/p>\n<p>Assim, a Rede Cultura real\u00e7a o extraordin\u00e1rio enriquecimento que equipas e institui\u00e7\u00f5es reconhecem ter tido pelo seu envolvimento nos projetos que a RC2027 promoveu e implementou no territ\u00f3rio e a surpreendente capacidade que a RC2027 demonstrou em construir pontes de coes\u00e3o territorial e cultural num comp\u00f3sito de comunidades e atores muito distintos, dispersos e distantes<\/p>\n<p>Destaque ainda para os resultados j\u00e1 vis\u00edveis e testados da REDE, por ter aliado linhas de reflex\u00e3o e pensamento com programas concretos no terreno e a vis\u00edvel concretiza\u00e7\u00e3o de projetos que ligaram os meios mais urbanos com os meios mais rurais, as gera\u00e7\u00f5es mais novas com as mais idosas, e linguagens mais contempor\u00e2neas com as pr\u00e1ticas mais tradicionais;<\/p>\n<p>A RC2027 colocou a prioridade efectivamente nas pessoas, na transforma\u00e7\u00e3o social pela cultura, nas equipas e nos processos que colocam os resultados em objetivos sustent\u00e1veis de m\u00e9dio e longo prazo, em detrimento de f\u00f3rmulas imediatas de sucesso mas que n\u00e3o operam verdadeira transforma\u00e7\u00e3o.<\/p>\n<p>Mesmo com pouco tempo, numa pandemia, e com a aus\u00eancia de uma entidade de gest\u00e3o aut\u00f3noma, foram muitos os projetos que aconteceram em todo o territ\u00f3rio ao longo de 3 anos. Das publica\u00e7\u00f5es impressas aos webinares, de participantes locais e regionais aos nomes nacionais e internacionais mais relevantes em distintas \u00e1reas, do patrim\u00f3nio imaterial aos projetos com as popula\u00e7\u00f5es escolares, de a\u00e7\u00f5es de pequena escala local at\u00e9 uma grande exposi\u00e7\u00e3o e um congresso realizados a 26 munic\u00edpios. Para a Rede Cultura, este territ\u00f3rio n\u00e3o ficou igual e ganhou novas compet\u00eancias e din\u00e2micas, internas, mas muito especialmente, multilaterais com uma comunidade mais vasta.<\/p>\n<p>Tendo em conta esta avalia\u00e7\u00e3o, tomou este conselho por unanimidade, a decis\u00e3o de que a Rede Cultura (que deixar\u00e1 de usar a designa\u00e7\u00e3o 2027) vai continuar, tal como previsto desde a sua constitui\u00e7\u00e3o. \u201cAgora libertos da agenda do t\u00edtulo, bem como das condicionantes a que por ele est\u00e1vamos obrigados, iremos redefinir objetivos e modelo de governan\u00e7a\u201d, afian\u00e7am.<\/p>\n<p>A fim de aprofundar o estudo sobre os novos modelos de Governan\u00e7a e Gest\u00e3o a seguir, que dever\u00e3o permitir o in\u00edcio do novo exerc\u00edcio em Janeiro de 2023, deste Conselho Geral foi nomeado um Grupo de Trabalho que integra os munic\u00edpios de Leiria, Alcoba\u00e7a, Torres Vedras, Pombal, Our\u00e9m e Torres Novas.<\/p>\n<p>O Conselho Geral da Rede Cultura assegura que, por tudo isto, tem a firme convic\u00e7\u00e3o da import\u00e2ncia do projeto e, juntos, assumem com determina\u00e7\u00e3o a vontade de lhe dar continuidade atualizando e redefinindo os seus objetivos e horizontes. \u201cAcreditamos ser a Cultura a nossa melhor casa de futuro e crescimento comum\u201d, conclui.<\/p>\n<p><strong>\u00a0 \u00a0 Fonte: GRPG|CML<\/strong><\/p>\n","protected":false},"excerpt":{"rendered":"<p>O Conselho Geral da Rede Cultura 2027 reuniu esta segunda-feira, dia 11 de abril, no Museu de Leiria, no seu 12.\u00ba encontro. O J\u00fari a quem coube a decis\u00e3o de escolher as cidades finalistas para o t\u00edtulo de Capital Europeia da Cultura deixou de fora a candidatura de Leiria, e por consequ\u00eancia, a Rede Cultura [&hellip;]<\/p>\n","protected":false},"author":2,"featured_media":15568,"comment_status":"open","ping_status":"open","sticky":false,"template":"","format":"standard","meta":{"footnotes":""},"categories":[5,8,10],"tags":[],"class_list":["post-15565","post","type-post","status-publish","format-standard","has-post-thumbnail","hentry","category-artes","category-musica","category-patrimonio"],"_links":{"self":[{"href":"https:\/\/tintafresca.net\/index.php\/wp-json\/wp\/v2\/posts\/15565","targetHints":{"allow":["GET"]}}],"collection":[{"href":"https:\/\/tintafresca.net\/index.php\/wp-json\/wp\/v2\/posts"}],"about":[{"href":"https:\/\/tintafresca.net\/index.php\/wp-json\/wp\/v2\/types\/post"}],"author":[{"embeddable":true,"href":"https:\/\/tintafresca.net\/index.php\/wp-json\/wp\/v2\/users\/2"}],"replies":[{"embeddable":true,"href":"https:\/\/tintafresca.net\/index.php\/wp-json\/wp\/v2\/comments?post=15565"}],"version-history":[{"count":2,"href":"https:\/\/tintafresca.net\/index.php\/wp-json\/wp\/v2\/posts\/15565\/revisions"}],"predecessor-version":[{"id":15569,"href":"https:\/\/tintafresca.net\/index.php\/wp-json\/wp\/v2\/posts\/15565\/revisions\/15569"}],"wp:featuredmedia":[{"embeddable":true,"href":"https:\/\/tintafresca.net\/index.php\/wp-json\/wp\/v2\/media\/15568"}],"wp:attachment":[{"href":"https:\/\/tintafresca.net\/index.php\/wp-json\/wp\/v2\/media?parent=15565"}],"wp:term":[{"taxonomy":"category","embeddable":true,"href":"https:\/\/tintafresca.net\/index.php\/wp-json\/wp\/v2\/categories?post=15565"},{"taxonomy":"post_tag","embeddable":true,"href":"https:\/\/tintafresca.net\/index.php\/wp-json\/wp\/v2\/tags?post=15565"}],"curies":[{"name":"wp","href":"https:\/\/api.w.org\/{rel}","templated":true}]}}