{"id":15581,"date":"2022-04-13T12:37:14","date_gmt":"2022-04-13T12:37:14","guid":{"rendered":"https:\/\/tintafresca.net\/?p=15581"},"modified":"2022-04-13T18:35:22","modified_gmt":"2022-04-13T18:35:22","slug":"cartaxo-vai-ter-trotinetes-eletricas","status":"publish","type":"post","link":"https:\/\/tintafresca.net\/index.php\/2022\/04\/13\/cartaxo-vai-ter-trotinetes-eletricas\/","title":{"rendered":"Cartaxo, Santar\u00e9m e Almeirim v\u00e3o ter trotinetes el\u00e9tricas"},"content":{"rendered":"<div id=\"attachment_15584\" style=\"width: 510px\" class=\"wp-caption alignleft\"><img loading=\"lazy\" decoding=\"async\" aria-describedby=\"caption-attachment-15584\" class=\"wp-image-15584 size-full\" src=\"https:\/\/tintafresca.net\/wp-content\/uploads\/2022\/04\/Cartaxo_trotinete-bird10.jpg\" alt=\"\" width=\"500\" height=\"624\" \/><p id=\"caption-attachment-15584\" class=\"wp-caption-text\">Trotinetes el\u00e9tricas<\/p><\/div>\n<p>O concelho do Cartaxo integra o projeto-piloto da Comunidade Intermunicipal da Lez\u00edria do Tejo (CIMLT) que vai disponibilizar trotinetes el\u00e9tricas aos mun\u00edcipes de tr\u00eas concelhos \u2013 para al\u00e9m do Cartaxo, tamb\u00e9m Santar\u00e9m e Almeirim, integram o projeto-piloto.<\/p>\n<p>As trotinetes v\u00e3o estar dispon\u00edveis a partir do dia 18 de abril. Os utilizadores dever\u00e3o ser maiores de 18 anos e inscrever-se na App Bird, que far\u00e1 a gest\u00e3o da utiliza\u00e7\u00e3o de cada ve\u00edculo.<\/p>\n<p>Jo\u00e3o Ferreira Heitor, presidente da C\u00e2mara Municipal do Cartaxo, apresentou, na reuni\u00e3o de executivo de dia 5 de abril, a proposta de acordo a celebrar com a empresa que vai disponibilizar as trotinetes e que ser\u00e1 respons\u00e1vel pela sua gest\u00e3o. A proposta foi aprovada por unanimidade.<\/p>\n<p>O acordo de colabora\u00e7\u00e3o, para a cria\u00e7\u00e3o de solu\u00e7\u00f5es de mobilidade partilhada no concelho ser\u00e1 celebrado com a empresa Fastbird Rides que vai disponibilizar cerca de 75\u00a0trotinetes aos utilizadores e ser\u00e1 respons\u00e1vel pela manuten\u00e7\u00e3o dos equipamentos em bom estado de utiliza\u00e7\u00e3o. As trotinetes el\u00e9tricas t\u00eam uma autonomia de 12 Km e podem ser usadas em todo o concelho.<\/p>\n<p>O presidente da C\u00e2mara Municipal do Cartaxo afirma \u201cestar ciente das quest\u00f5es associados \u00e0 utiliza\u00e7\u00e3o destes ve\u00edculos noutras cidades e concelhos, especialmente porque esta \u00e9 uma solu\u00e7\u00e3o sem doca\u201d \u2013 em que os utilizadores podem deixar a trotinete no local em que o seu percurso termina \u2013, mas est\u00e1 convicto \u201cque a popula\u00e7\u00e3o do Cartaxo saber\u00e1 usar as trotinetes com responsabilidade e com maturidade. Vamos estar muito atentos, mas tamb\u00e9m confiantes que a nossa comunidade saber\u00e1 tirar o melhor partido deste tipo de transporte.\u201d<\/p>\n<p>O autarca explicou que \u201ceste \u00e9 um projeto-piloto. Tem a dura\u00e7\u00e3o inicial de um ano sem qualquer custo para o munic\u00edpio. Este \u00e9 um transporte que potencia a diminui\u00e7\u00e3o da pegada de carbono, melhorando a mobilidade, em especial, dentro do espa\u00e7o urbano\u201d.<\/p>\n<p>Os utilizadores dever\u00e3o descarregar a App,\u00a0<em>Bird \u2014 Viagem com um ve\u00edculo el\u00e9trico<\/em>, proceder ao registo e adquirir as viagens. S\u00e3o aplic\u00e1veis as regras legais em mat\u00e9ria de circula\u00e7\u00e3o e estacionamento de veloc\u00edpedes com motor, que dever\u00e1 ocorrer de modo a n\u00e3o causar perturba\u00e7\u00f5es \u00e0 circula\u00e7\u00e3o e a n\u00e3o prejudicar a acessibilidade e seguran\u00e7a de pessoas, animais e bens na via e espa\u00e7os p\u00fablicos, nomeadamente a de pessoas com mobilidade reduzida.<\/p>\n<p>Entre os servi\u00e7os a que a empresa promotora fica obrigada, destaca-se a capacidade de monitorizar as trotinetes em tempo real, devendo impedir, atrav\u00e9s da respetiva remo\u00e7\u00e3o, que quaisquer trotinetes danificadas, inoperacionais ou abandonadas permane\u00e7am dispon\u00edveis na via p\u00fablica. Dever\u00e1 ter seguro v\u00e1lido que cubra os seus utilizadores e a respetiva utiliza\u00e7\u00e3o, protegendo a confidencialidade dos seus dados pessoais e deve dispor de uma linha telef\u00f3nica permanente de apoio ao cliente.<\/p>\n<p>O acordo ser\u00e1 assinado no dia 18 de abril, pelas 10 horas, na sala de reuni\u00f5es do edif\u00edcio-sede da C\u00e2mara Municipal do Cartaxo, sendo as trotinetes disponibilizadas de imediato para utiliza\u00e7\u00e3o dos mun\u00edcipes.<\/p>\n<p><strong>\u00a0 \u00a0 Fonte: MS|GC|CMC<\/strong><\/p>\n","protected":false},"excerpt":{"rendered":"<p>O concelho do Cartaxo integra o projeto-piloto da Comunidade Intermunicipal da Lez\u00edria do Tejo (CIMLT) que vai disponibilizar trotinetes el\u00e9tricas aos mun\u00edcipes de tr\u00eas concelhos \u2013 para al\u00e9m do Cartaxo, tamb\u00e9m Santar\u00e9m e Almeirim, integram o projeto-piloto. As trotinetes v\u00e3o estar dispon\u00edveis a partir do dia 18 de abril. Os utilizadores dever\u00e3o ser maiores de [&hellip;]<\/p>\n","protected":false},"author":2,"featured_media":15586,"comment_status":"open","ping_status":"open","sticky":false,"template":"","format":"standard","meta":{"footnotes":""},"categories":[9,7],"tags":[],"class_list":["post-15581","post","type-post","status-publish","format-standard","has-post-thumbnail","hentry","category-ambiente","category-economia"],"_links":{"self":[{"href":"https:\/\/tintafresca.net\/index.php\/wp-json\/wp\/v2\/posts\/15581","targetHints":{"allow":["GET"]}}],"collection":[{"href":"https:\/\/tintafresca.net\/index.php\/wp-json\/wp\/v2\/posts"}],"about":[{"href":"https:\/\/tintafresca.net\/index.php\/wp-json\/wp\/v2\/types\/post"}],"author":[{"embeddable":true,"href":"https:\/\/tintafresca.net\/index.php\/wp-json\/wp\/v2\/users\/2"}],"replies":[{"embeddable":true,"href":"https:\/\/tintafresca.net\/index.php\/wp-json\/wp\/v2\/comments?post=15581"}],"version-history":[{"count":4,"href":"https:\/\/tintafresca.net\/index.php\/wp-json\/wp\/v2\/posts\/15581\/revisions"}],"predecessor-version":[{"id":15592,"href":"https:\/\/tintafresca.net\/index.php\/wp-json\/wp\/v2\/posts\/15581\/revisions\/15592"}],"wp:featuredmedia":[{"embeddable":true,"href":"https:\/\/tintafresca.net\/index.php\/wp-json\/wp\/v2\/media\/15586"}],"wp:attachment":[{"href":"https:\/\/tintafresca.net\/index.php\/wp-json\/wp\/v2\/media?parent=15581"}],"wp:term":[{"taxonomy":"category","embeddable":true,"href":"https:\/\/tintafresca.net\/index.php\/wp-json\/wp\/v2\/categories?post=15581"},{"taxonomy":"post_tag","embeddable":true,"href":"https:\/\/tintafresca.net\/index.php\/wp-json\/wp\/v2\/tags?post=15581"}],"curies":[{"name":"wp","href":"https:\/\/api.w.org\/{rel}","templated":true}]}}