{"id":15605,"date":"2022-04-14T09:07:03","date_gmt":"2022-04-14T09:07:03","guid":{"rendered":"https:\/\/tintafresca.net\/?p=15605"},"modified":"2022-04-15T09:06:20","modified_gmt":"2022-04-15T09:06:20","slug":"concelhia-do-psd-de-alenquer-retira-confianca-politica-ao-vereador-nuno-miguel-henriques","status":"publish","type":"post","link":"https:\/\/tintafresca.net\/index.php\/2022\/04\/14\/concelhia-do-psd-de-alenquer-retira-confianca-politica-ao-vereador-nuno-miguel-henriques\/","title":{"rendered":"Concelhia do PSD de Alenquer retira confian\u00e7a pol\u00edtica ao vereador Nuno Miguel Henriques"},"content":{"rendered":"<div id=\"attachment_10544\" style=\"width: 510px\" class=\"wp-caption alignleft\"><img loading=\"lazy\" decoding=\"async\" aria-describedby=\"caption-attachment-10544\" class=\"wp-image-10544 size-full\" src=\"https:\/\/tintafresca.net\/wp-content\/uploads\/2021\/11\/Alenquer_Nuno_Miguel_Henriques10.jpg\" alt=\"\" width=\"500\" height=\"719\" srcset=\"https:\/\/tintafresca.net\/wp-content\/uploads\/2021\/11\/Alenquer_Nuno_Miguel_Henriques10.jpg 500w, https:\/\/tintafresca.net\/wp-content\/uploads\/2021\/11\/Alenquer_Nuno_Miguel_Henriques10-209x300.jpg 209w\" sizes=\"auto, (max-width: 500px) 100vw, 500px\" \/><p id=\"caption-attachment-10544\" class=\"wp-caption-text\">Nuno Miguel Henriques<\/p><\/div>\n<p>A Comiss\u00e3o Pol\u00edtica Concelhia do PSD de Alenquer anunciou esta quinta-feira, dia 13 de abril, a retirada de confian\u00e7a pol\u00edtica ao vereador Nuno Miguel Henriques, cabe\u00e7a de lista do partido nas \u00faltimas elei\u00e7\u00f5es aut\u00e1rquicas.<\/p>\n<p>\u201cNuma altura em que o PSD no concelho de Alenquer apenas tem um vereador, e depois do pior resultado eleitoral aut\u00e1rquico para a C\u00e2mara Municipal desde 1976, julg\u00e1vamos n\u00f3s que era a hora de todos em conjunto para bem do concelho de Alenquer revertermos esta preocupante realidade. De salientar que grande parte dos eleitos nas listas do PSD t\u00eam reunido com a estrutura local do partido de forma a concertarem as posi\u00e7\u00f5es pol\u00edticas numa entreajuda que \u00e9 de enaltecer\u201d, refere o PSD local.<\/p>\n<p>O caminho que esta Concelhia do PSD de Alenquer tem seguido \u201ctem sido de uma oposi\u00e7\u00e3o respons\u00e1vel, criticando o que existe para criticar, mas apresentando sempre poss\u00edveis solu\u00e7\u00f5es para os problemas do concelho, que infelizmente s\u00e3o bastantes.\u201d<\/p>\n<p>Assim, o PSD de Alenquer sublinha que n\u00e3o pode ficar indiferente, e condena de forma veemente, praticamente todo o valor que o executivo do PS j\u00e1 gastou em aquisi\u00e7\u00e3o de servi\u00e7os em regime de aven\u00e7as desde setembro \u00faltimo, 155.279,88\u20ac. \u201cAssim seguindo o mesmo caminho que temos trilhado, nunca poder\u00edamos concordar (apesar de legal) com a aven\u00e7a a tempo parcial por dois anos, que foi aprovada em reuni\u00e3o de C\u00e2mara no valor de 18.138,72\u20ac para uma assessora apoiar o Sr. Vereador Nuno Miguel Henriques.\u201d<\/p>\n<p>A Comiss\u00e3o Pol\u00edtica Concelhia do PSD de Alenquer assegura que \u201cesta foi uma posi\u00e7\u00e3o que n\u00e3o foi articulada com a comiss\u00e3o pol\u00edtica concelhia do PSD de Alenquer, ali\u00e1s como tantas outras\u201d e recorda que \u201cos partidos pol\u00edticos s\u00f3 s\u00e3o respeitados se souberem dar-se ao respeito.\u201d<\/p>\n<p>Face a esta \u201cirredutibilidade na articula\u00e7\u00e3o pr\u00e9via das posi\u00e7\u00f5es pol\u00edticas com os \u00f3rg\u00e3os pr\u00f3prios do PSD por parte do vereador e considerando as atitudes reiteradamente assumidas que espelham esta realidade em sede de reuni\u00e3o de c\u00e2mara, n\u00e3o era mais poss\u00edvel ao PSD de Alenquer acordar de manh\u00e3 sem saber o que ia ser dito em seu nome nesse mesmo dia na C\u00e2mara Municipal de Alenquer\u201d, acrescenta.<\/p>\n<p>Assim, a Comiss\u00e3o Pol\u00edtica Concelhia do PSD de Alenquer em reuni\u00e3o realizada no dia 13 de abril decidiu por unanimidade retirar a confian\u00e7a pol\u00edtica ao vereador Nuno Miguel Henriques, demarcando-se formal e institucionalmente das respetivas posi\u00e7\u00f5es pol\u00edticas e decis\u00f5es executivas que possa vir a tomar, deixando estas de vincularem o PSD de Alenquer.<\/p>\n<p>O PSD recorde-se, perdeu um vereador nas elei\u00e7\u00f5es aut\u00e1rquicas de 2021, passando a estar representado na C\u00e2mara Municipal de Alenquer apenas por Nuno Miguel Henriques. O PS tem atualmente cinco vereadores e a CDU um vereador eleito.<\/p>\n","protected":false},"excerpt":{"rendered":"<p>A Comiss\u00e3o Pol\u00edtica Concelhia do PSD de Alenquer anunciou esta quinta-feira, dia 13 de abril, a retirada de confian\u00e7a pol\u00edtica ao vereador Nuno Miguel Henriques, cabe\u00e7a de lista do partido nas \u00faltimas elei\u00e7\u00f5es aut\u00e1rquicas. \u201cNuma altura em que o PSD no concelho de Alenquer apenas tem um vereador, e depois do pior resultado eleitoral aut\u00e1rquico [&hellip;]<\/p>\n","protected":false},"author":2,"featured_media":10545,"comment_status":"open","ping_status":"open","sticky":false,"template":"","format":"standard","meta":{"footnotes":""},"categories":[11],"tags":[],"class_list":["post-15605","post","type-post","status-publish","format-standard","has-post-thumbnail","hentry","category-sociedade"],"_links":{"self":[{"href":"https:\/\/tintafresca.net\/index.php\/wp-json\/wp\/v2\/posts\/15605","targetHints":{"allow":["GET"]}}],"collection":[{"href":"https:\/\/tintafresca.net\/index.php\/wp-json\/wp\/v2\/posts"}],"about":[{"href":"https:\/\/tintafresca.net\/index.php\/wp-json\/wp\/v2\/types\/post"}],"author":[{"embeddable":true,"href":"https:\/\/tintafresca.net\/index.php\/wp-json\/wp\/v2\/users\/2"}],"replies":[{"embeddable":true,"href":"https:\/\/tintafresca.net\/index.php\/wp-json\/wp\/v2\/comments?post=15605"}],"version-history":[{"count":6,"href":"https:\/\/tintafresca.net\/index.php\/wp-json\/wp\/v2\/posts\/15605\/revisions"}],"predecessor-version":[{"id":15611,"href":"https:\/\/tintafresca.net\/index.php\/wp-json\/wp\/v2\/posts\/15605\/revisions\/15611"}],"wp:featuredmedia":[{"embeddable":true,"href":"https:\/\/tintafresca.net\/index.php\/wp-json\/wp\/v2\/media\/10545"}],"wp:attachment":[{"href":"https:\/\/tintafresca.net\/index.php\/wp-json\/wp\/v2\/media?parent=15605"}],"wp:term":[{"taxonomy":"category","embeddable":true,"href":"https:\/\/tintafresca.net\/index.php\/wp-json\/wp\/v2\/categories?post=15605"},{"taxonomy":"post_tag","embeddable":true,"href":"https:\/\/tintafresca.net\/index.php\/wp-json\/wp\/v2\/tags?post=15605"}],"curies":[{"name":"wp","href":"https:\/\/api.w.org\/{rel}","templated":true}]}}