{"id":15624,"date":"2022-04-14T18:48:01","date_gmt":"2022-04-14T18:48:01","guid":{"rendered":"https:\/\/tintafresca.net\/?p=15624"},"modified":"2022-04-14T18:52:12","modified_gmt":"2022-04-14T18:52:12","slug":"dezenas-de-embarcacoes-recebem-bencaos-em-constancia-na-segunda-feira-da-boa-viagem","status":"publish","type":"post","link":"https:\/\/tintafresca.net\/index.php\/2022\/04\/14\/dezenas-de-embarcacoes-recebem-bencaos-em-constancia-na-segunda-feira-da-boa-viagem\/","title":{"rendered":"Dezenas de embarca\u00e7\u00f5es recebem b\u00ean\u00e7\u00e3os em Const\u00e2ncia na Segunda-Feira da Boa Viagem"},"content":{"rendered":"<div id=\"attachment_15626\" style=\"width: 510px\" class=\"wp-caption alignleft\"><img loading=\"lazy\" decoding=\"async\" aria-describedby=\"caption-attachment-15626\" class=\"wp-image-15626 size-full\" src=\"https:\/\/tintafresca.net\/wp-content\/uploads\/2022\/04\/Constancia_Festas_2018_10.jpg\" alt=\"\" width=\"500\" height=\"333\" \/><p id=\"caption-attachment-15626\" class=\"wp-caption-text\">Barcos v\u00e3o participar num grandioso cortejo fluvial nos rios Tejo e Z\u00eazere para receberem as B\u00ean\u00e7\u00e3os de Nossa Senhora da Boa Viagem<\/p><\/div>\n<p>No dia 18 de abril, (Segunda-Feira da Boa Viagem \/ Feriado Municipal), por volta das 13h00 v\u00e3o chegar a Const\u00e2ncia dezenas de embarca\u00e7\u00f5es, para participar nas cerim\u00f3nias do Dia do Concelho.<\/p>\n<p>Recebidas com salva de foguetes e sauda\u00e7\u00e3o musical pela Banda da Associa\u00e7\u00e3o Filarm\u00f3nica Montalvense 24 de Janeiro, as embarca\u00e7\u00f5es s\u00e3o representativas da quase totalidade dos munic\u00edpios ribeirinhos do Tejo, bem como de alguns particulares do Vale do Z\u00eazere.<\/p>\n<p>Os barcos v\u00e3o participar num grandioso cortejo fluvial nos rios Tejo e Z\u00eazere para receberem as B\u00ean\u00e7\u00e3os de Nossa Senhora da Boa Viagem que, em terra, percorre as ruas da vila, em Prociss\u00e3o de rara beleza e envolvimento religioso.<\/p>\n<p>As tripula\u00e7\u00f5es das embarca\u00e7\u00f5es estar\u00e3o trajadas ao modo das \u00e9pocas de ent\u00e3o, lembrando os tempos em que os rios eram estradas e deles vinha o ganha-p\u00e3o de grande parte da popula\u00e7\u00e3o.<\/p>\n<p>As cerim\u00f3nias religiosas em louvor de Nossa Senhora da Boa Viagem ter\u00e3o in\u00edcio \u00e0s 15h30, com a Missa Solene, seguindo-se a Prociss\u00e3o com as j\u00e1 referidas B\u00ean\u00e7\u00e3os dos Barcos nos rios, e das Viaturas, na Pra\u00e7a Alexandre Herculano.<\/p>\n<p>Registe-se que, para al\u00e9m destas manifesta\u00e7\u00f5es, as Cerim\u00f3nias do Dia do Concelho, v\u00e3o ter in\u00edcio \u00e0s 11h00 com o I\u00e7ar das Bandeiras, nos Pa\u00e7os do Concelho, com Guarda de Honra prestada pelos Bombeiros Volunt\u00e1rios de Const\u00e2ncia e a presen\u00e7a da Banda da Associa\u00e7\u00e3o Filarm\u00f3nica Montalvense 24 de Janeiro. \u00c0s 11h15 decorrer\u00e1 a cerim\u00f3nia de Distin\u00e7\u00e3o dos Funcion\u00e1rios do Munic\u00edpio com 10, 20, 30 e 40 anos de servi\u00e7o.<\/p>\n<p><strong>\u00a0 \u00a0 Fonte: GAOM|CMC<\/strong><\/p>\n","protected":false},"excerpt":{"rendered":"<p>No dia 18 de abril, (Segunda-Feira da Boa Viagem \/ Feriado Municipal), por volta das 13h00 v\u00e3o chegar a Const\u00e2ncia dezenas de embarca\u00e7\u00f5es, para participar nas cerim\u00f3nias do Dia do Concelho. Recebidas com salva de foguetes e sauda\u00e7\u00e3o musical pela Banda da Associa\u00e7\u00e3o Filarm\u00f3nica Montalvense 24 de Janeiro, as embarca\u00e7\u00f5es s\u00e3o representativas da quase totalidade [&hellip;]<\/p>\n","protected":false},"author":2,"featured_media":15628,"comment_status":"open","ping_status":"open","sticky":false,"template":"","format":"standard","meta":{"footnotes":""},"categories":[10],"tags":[],"class_list":["post-15624","post","type-post","status-publish","format-standard","has-post-thumbnail","hentry","category-patrimonio"],"_links":{"self":[{"href":"https:\/\/tintafresca.net\/index.php\/wp-json\/wp\/v2\/posts\/15624","targetHints":{"allow":["GET"]}}],"collection":[{"href":"https:\/\/tintafresca.net\/index.php\/wp-json\/wp\/v2\/posts"}],"about":[{"href":"https:\/\/tintafresca.net\/index.php\/wp-json\/wp\/v2\/types\/post"}],"author":[{"embeddable":true,"href":"https:\/\/tintafresca.net\/index.php\/wp-json\/wp\/v2\/users\/2"}],"replies":[{"embeddable":true,"href":"https:\/\/tintafresca.net\/index.php\/wp-json\/wp\/v2\/comments?post=15624"}],"version-history":[{"count":3,"href":"https:\/\/tintafresca.net\/index.php\/wp-json\/wp\/v2\/posts\/15624\/revisions"}],"predecessor-version":[{"id":15629,"href":"https:\/\/tintafresca.net\/index.php\/wp-json\/wp\/v2\/posts\/15624\/revisions\/15629"}],"wp:featuredmedia":[{"embeddable":true,"href":"https:\/\/tintafresca.net\/index.php\/wp-json\/wp\/v2\/media\/15628"}],"wp:attachment":[{"href":"https:\/\/tintafresca.net\/index.php\/wp-json\/wp\/v2\/media?parent=15624"}],"wp:term":[{"taxonomy":"category","embeddable":true,"href":"https:\/\/tintafresca.net\/index.php\/wp-json\/wp\/v2\/categories?post=15624"},{"taxonomy":"post_tag","embeddable":true,"href":"https:\/\/tintafresca.net\/index.php\/wp-json\/wp\/v2\/tags?post=15624"}],"curies":[{"name":"wp","href":"https:\/\/api.w.org\/{rel}","templated":true}]}}