{"id":15647,"date":"2022-04-15T20:32:57","date_gmt":"2022-04-15T20:32:57","guid":{"rendered":"https:\/\/tintafresca.net\/?p=15647"},"modified":"2022-04-15T20:41:34","modified_gmt":"2022-04-15T20:41:34","slug":"demissoes-no-servico-de-urgencia-do-hospital-de-caldas-da-rainha-nao-afetam-normal-funcionamento","status":"publish","type":"post","link":"https:\/\/tintafresca.net\/index.php\/2022\/04\/15\/demissoes-no-servico-de-urgencia-do-hospital-de-caldas-da-rainha-nao-afetam-normal-funcionamento\/","title":{"rendered":"Demiss\u00f5es no Servi\u00e7o de Urg\u00eancia do Hospital de Caldas da Rainha n\u00e3o afetam funcionamento"},"content":{"rendered":"<div id=\"attachment_7399\" style=\"width: 510px\" class=\"wp-caption alignleft\"><img loading=\"lazy\" decoding=\"async\" aria-describedby=\"caption-attachment-7399\" class=\"wp-image-7399 size-full\" src=\"https:\/\/tintafresca.net\/wp-content\/uploads\/2021\/08\/Hospital_Caldas_da_Rainha10.jpg\" alt=\"\" width=\"500\" height=\"333\" \/><p id=\"caption-attachment-7399\" class=\"wp-caption-text\">Hospital de Caldas da Rainha<\/p><\/div>\n<p>O Conselho de Administra\u00e7\u00e3o do Centro Hospitalar do Oeste confirma ter rececionado, na noite de quinta-feira, dia 14 de abril, a carta de inten\u00e7\u00e3o de demiss\u00e3o dos chefes de equipa do servi\u00e7o de urg\u00eancia do Hospital de Caldas da Rainha e o pedido de encerramento do servi\u00e7o.<\/p>\n<p>O Conselho de Administra\u00e7\u00e3o esclarece que as demiss\u00f5es respeitam apenas ao cargo de gest\u00e3o de chefia de urg\u00eancia e n\u00e3o ao exerc\u00edcio das fun\u00e7\u00f5es cl\u00ednicas que ocupam no Hospital de Caldas da Rainha.<\/p>\n<p>Assim, a equipa de urg\u00eancia continua a assegurar o normal funcionamento do Servi\u00e7o de Urg\u00eancia, mantendo-se em fun\u00e7\u00f5es e providenciando todos os cuidados inerentes ao funcionamento do servi\u00e7o.<\/p>\n<p>O Conselho de Administra\u00e7\u00e3o reitera a total abertura para resolver as quest\u00f5es de organiza\u00e7\u00e3o interna e distribui\u00e7\u00e3o de servi\u00e7o, informando que mantem os canais de di\u00e1logo e a procura de solu\u00e7\u00f5es, assegurando que tudo far\u00e1 para continuar a manter o normal funcionamento da urg\u00eancia e o refor\u00e7o das suas equipas, visando chegar a um consenso entre os intervenientes.<\/p>\n<p>Ser\u00e1 marcada para o in\u00edcio da pr\u00f3xima semana uma reuni\u00e3o com os m\u00e9dicos visados, no sentido de serem encontradas solu\u00e7\u00f5es e na expectativa de que as dificuldades sentidas, ao n\u00edvel de recursos humanos, possam ser ultrapassadas.<\/p>\n<p>O Conselho de Administra\u00e7\u00e3o do Centro Hospitalar do Oeste reconhece o trabalho dif\u00edcil, mas empenhado, dos seus profissionais e reitera a necessidade da colabora\u00e7\u00e3o de todos os intervenientes na rede de cuidados, e tamb\u00e9m dos utentes, para que as urg\u00eancias hospitalares sejam usadas de forma correta.<\/p>\n<p>Por isso, apela-se aos utentes que adotem as medidas j\u00e1 divulgadas em situa\u00e7\u00f5es anteriores. Em caso de doen\u00e7a, o primeiro contacto dever\u00e1 ser para a Linha SNS 24 \u2013 808 24 24 24, que disponibiliza aconselhamento e encaminhamento em situa\u00e7\u00e3o de doen\u00e7a.<\/p>\n<p>O Centro Hospitalar do Oeste integra os Hospitais de Caldas da Rainha, Torres Vedras e Peniche, tendo uma \u00e1rea de influ\u00eancia constitu\u00edda pelas popula\u00e7\u00f5es dos concelhos de Caldas da Rainha, \u00d3bidos, Peniche, Bombarral, Torres Vedras, Cadaval e Lourinh\u00e3 e de parte dos concelhos de Alcoba\u00e7a e de Mafra.<\/p>\n<p><strong>\u00a0 \u00a0 Fonte: GC|CHO<\/strong><\/p>\n","protected":false},"excerpt":{"rendered":"<p>O Conselho de Administra\u00e7\u00e3o do Centro Hospitalar do Oeste confirma ter rececionado, na noite de quinta-feira, dia 14 de abril, a carta de inten\u00e7\u00e3o de demiss\u00e3o dos chefes de equipa do servi\u00e7o de urg\u00eancia do Hospital de Caldas da Rainha e o pedido de encerramento do servi\u00e7o. O Conselho de Administra\u00e7\u00e3o esclarece que as demiss\u00f5es [&hellip;]<\/p>\n","protected":false},"author":2,"featured_media":7400,"comment_status":"open","ping_status":"open","sticky":false,"template":"","format":"standard","meta":{"footnotes":""},"categories":[6],"tags":[],"class_list":["post-15647","post","type-post","status-publish","format-standard","has-post-thumbnail","hentry","category-saude"],"_links":{"self":[{"href":"https:\/\/tintafresca.net\/index.php\/wp-json\/wp\/v2\/posts\/15647","targetHints":{"allow":["GET"]}}],"collection":[{"href":"https:\/\/tintafresca.net\/index.php\/wp-json\/wp\/v2\/posts"}],"about":[{"href":"https:\/\/tintafresca.net\/index.php\/wp-json\/wp\/v2\/types\/post"}],"author":[{"embeddable":true,"href":"https:\/\/tintafresca.net\/index.php\/wp-json\/wp\/v2\/users\/2"}],"replies":[{"embeddable":true,"href":"https:\/\/tintafresca.net\/index.php\/wp-json\/wp\/v2\/comments?post=15647"}],"version-history":[{"count":3,"href":"https:\/\/tintafresca.net\/index.php\/wp-json\/wp\/v2\/posts\/15647\/revisions"}],"predecessor-version":[{"id":15650,"href":"https:\/\/tintafresca.net\/index.php\/wp-json\/wp\/v2\/posts\/15647\/revisions\/15650"}],"wp:featuredmedia":[{"embeddable":true,"href":"https:\/\/tintafresca.net\/index.php\/wp-json\/wp\/v2\/media\/7400"}],"wp:attachment":[{"href":"https:\/\/tintafresca.net\/index.php\/wp-json\/wp\/v2\/media?parent=15647"}],"wp:term":[{"taxonomy":"category","embeddable":true,"href":"https:\/\/tintafresca.net\/index.php\/wp-json\/wp\/v2\/categories?post=15647"},{"taxonomy":"post_tag","embeddable":true,"href":"https:\/\/tintafresca.net\/index.php\/wp-json\/wp\/v2\/tags?post=15647"}],"curies":[{"name":"wp","href":"https:\/\/api.w.org\/{rel}","templated":true}]}}