{"id":15667,"date":"2022-04-16T07:39:46","date_gmt":"2022-04-16T07:39:46","guid":{"rendered":"https:\/\/tintafresca.net\/?p=15667"},"modified":"2022-04-16T08:01:24","modified_gmt":"2022-04-16T08:01:24","slug":"psd-questiona-o-governo-sobre-situacao-de-caos-que-se-vive-no-hospital-das-caldas-da-rainha","status":"publish","type":"post","link":"https:\/\/tintafresca.net\/index.php\/2022\/04\/16\/psd-questiona-o-governo-sobre-situacao-de-caos-que-se-vive-no-hospital-das-caldas-da-rainha\/","title":{"rendered":"PSD questiona Governo sobre situa\u00e7\u00e3o de \u201ccaos\u201d que se vive no Hospital das Caldas da Rainha"},"content":{"rendered":"<div id=\"attachment_15670\" style=\"width: 510px\" class=\"wp-caption alignleft\"><img loading=\"lazy\" decoding=\"async\" aria-describedby=\"caption-attachment-15670\" class=\"wp-image-15670 size-full\" src=\"https:\/\/tintafresca.net\/wp-content\/uploads\/2022\/04\/CHO_Urgencia10.jpg\" alt=\"\" width=\"500\" height=\"289\" \/><p id=\"caption-attachment-15670\" class=\"wp-caption-text\">Instala\u00e7\u00f5es do Servi\u00e7o de Urg\u00eancia do Hospital de Caldas da Rainha foram requalificadas em 2021 mas continuam a faltar os recursos humanos<\/p><\/div>\n<p>Os deputados do PSD eleitos pelo Distrito de Leiria est\u00e3o preocupados com a situa\u00e7\u00e3o que consideram de \u201cabsolutamente dram\u00e1tica, desesperante e totalmente inaceit\u00e1vel\u201d que se vive no hospital das Caldas da Rainha.<\/p>\n<p>Numa pergunta dirigida \u00e0 ministra da Sa\u00fade, os sociais-democratas recordam que os chefes de equipa e do Banco do Servi\u00e7o de Urg\u00eancia pediram demiss\u00e3o dos respetivos cargos, enquanto n\u00e3o estiverem assegurados os requisitos m\u00ednimos para o funcionamento em seguran\u00e7a.<\/p>\n<p>Num comunicado, os profissionais da Medicina Interna alertaram para o caos que se vive na Unidade das Caldas da Rainha e afirmam que \u201co Servi\u00e7o de Urg\u00eancia est\u00e1 em rotura completa\u201d, n\u00e3o estando asseguradas \u201cas condi\u00e7\u00f5es m\u00ednimas de qualidade assistencial, nem de seguran\u00e7a, nem para os profissionais de sa\u00fade, nem para os doentes\u201d.<\/p>\n<p>Entre os problemas identificados pelos profissionais, est\u00e3o \u201co excesso de doentes que recorrem e permanecem indevidamente no SU, as escalas persistentemente incompletas \u2013 sem cumprirem os m\u00ednimos aceit\u00e1veis \u2013 o desvio frequente de doentes fora de \u00e1rea e a proibi\u00e7\u00e3o de transferir doentes para os seus hospitais de origem\u201d.<\/p>\n<p>Face a estes alertas, os deputados do PSD eleitos pelo c\u00edrculo de Leiria e da Comiss\u00e3o de Sa\u00fade querem saber se a ministra da Sa\u00fade tem conhecimento da situa\u00e7\u00e3o reportada e quais as solu\u00e7\u00f5es que ser\u00e3o adotadas para garantir os n\u00edveis m\u00ednimos de seguran\u00e7a para o funcionamento do servi\u00e7o de urg\u00eancia da unidade.<\/p>\n","protected":false},"excerpt":{"rendered":"<p>Os deputados do PSD eleitos pelo Distrito de Leiria est\u00e3o preocupados com a situa\u00e7\u00e3o que consideram de \u201cabsolutamente dram\u00e1tica, desesperante e totalmente inaceit\u00e1vel\u201d que se vive no hospital das Caldas da Rainha. Numa pergunta dirigida \u00e0 ministra da Sa\u00fade, os sociais-democratas recordam que os chefes de equipa e do Banco do Servi\u00e7o de Urg\u00eancia pediram [&hellip;]<\/p>\n","protected":false},"author":2,"featured_media":15672,"comment_status":"open","ping_status":"open","sticky":false,"template":"","format":"standard","meta":{"footnotes":""},"categories":[6],"tags":[],"class_list":["post-15667","post","type-post","status-publish","format-standard","has-post-thumbnail","hentry","category-saude"],"_links":{"self":[{"href":"https:\/\/tintafresca.net\/index.php\/wp-json\/wp\/v2\/posts\/15667","targetHints":{"allow":["GET"]}}],"collection":[{"href":"https:\/\/tintafresca.net\/index.php\/wp-json\/wp\/v2\/posts"}],"about":[{"href":"https:\/\/tintafresca.net\/index.php\/wp-json\/wp\/v2\/types\/post"}],"author":[{"embeddable":true,"href":"https:\/\/tintafresca.net\/index.php\/wp-json\/wp\/v2\/users\/2"}],"replies":[{"embeddable":true,"href":"https:\/\/tintafresca.net\/index.php\/wp-json\/wp\/v2\/comments?post=15667"}],"version-history":[{"count":4,"href":"https:\/\/tintafresca.net\/index.php\/wp-json\/wp\/v2\/posts\/15667\/revisions"}],"predecessor-version":[{"id":15673,"href":"https:\/\/tintafresca.net\/index.php\/wp-json\/wp\/v2\/posts\/15667\/revisions\/15673"}],"wp:featuredmedia":[{"embeddable":true,"href":"https:\/\/tintafresca.net\/index.php\/wp-json\/wp\/v2\/media\/15672"}],"wp:attachment":[{"href":"https:\/\/tintafresca.net\/index.php\/wp-json\/wp\/v2\/media?parent=15667"}],"wp:term":[{"taxonomy":"category","embeddable":true,"href":"https:\/\/tintafresca.net\/index.php\/wp-json\/wp\/v2\/categories?post=15667"},{"taxonomy":"post_tag","embeddable":true,"href":"https:\/\/tintafresca.net\/index.php\/wp-json\/wp\/v2\/tags?post=15667"}],"curies":[{"name":"wp","href":"https:\/\/api.w.org\/{rel}","templated":true}]}}