{"id":15798,"date":"2022-04-20T12:08:59","date_gmt":"2022-04-20T12:08:59","guid":{"rendered":"https:\/\/tintafresca.net\/?p=15798"},"modified":"2022-04-20T12:17:16","modified_gmt":"2022-04-20T12:17:16","slug":"psd-da-batalha-congratula-se-com-a-aprovacao-por-unanimidade-das-contas-relativas-a-gestao-municipal-do-exercicio-de-2021","status":"publish","type":"post","link":"https:\/\/tintafresca.net\/index.php\/2022\/04\/20\/psd-da-batalha-congratula-se-com-a-aprovacao-por-unanimidade-das-contas-relativas-a-gestao-municipal-do-exercicio-de-2021\/","title":{"rendered":"PSD da Batalha congratula-se com a aprova\u00e7\u00e3o un\u00e2nime das contas relativas \u00e0 gest\u00e3o municipal do exerc\u00edcio de 2021"},"content":{"rendered":"<p><img loading=\"lazy\" decoding=\"async\" class=\"alignleft wp-image-8665\" src=\"https:\/\/tintafresca.net\/wp-content\/uploads\/2021\/09\/Batalha_camara.jpg\" alt=\"\" width=\"400\" height=\"300\" srcset=\"https:\/\/tintafresca.net\/wp-content\/uploads\/2021\/09\/Batalha_camara.jpg 850w, https:\/\/tintafresca.net\/wp-content\/uploads\/2021\/09\/Batalha_camara-300x225.jpg 300w, https:\/\/tintafresca.net\/wp-content\/uploads\/2021\/09\/Batalha_camara-768x576.jpg 768w\" sizes=\"auto, (max-width: 400px) 100vw, 400px\" \/><\/p>\n<p>PSD da Batalha congratulou-se, no dia 19 de abril, com a aprova\u00e7\u00e3o por unanimidade das contas relativas \u00e0 gest\u00e3o municipal do exerc\u00edcio de 2021, salientando que \u201co atual executivo apresentou as contas relativas ao exerc\u00edcio de 2021, depois de toda a expectativa propagandeada pelo presidente Raul Castro sobre o descalabro da situa\u00e7\u00e3o financeira da C\u00e2mara Municipal da Batalha, eis que o vice-presidente Carlos Monteiro, atual respons\u00e1vel pelas finan\u00e7as municipais, assina o relat\u00f3rio em que se regista <u>a <\/u>melhoria em cerca de 994 mil euros no resultado l\u00edquido, face a 2020.\u201d<\/p>\n<p>Os sociais democratas da Batalha notam que este valor \u201cresultou do efeito conjugado da redu\u00e7\u00e3o dos gastos e perdas em -316 mil euros e do aumento dos rendimentos e ganhos em 678 mil euros\u201d e destacam ainda \u201cos meios libertos l\u00edquidos (Resultados l\u00edquidos + Deprecia\u00e7\u00f5es \/ Amortiza\u00e7\u00f5es + varia\u00e7\u00e3o de provis\u00f5es + varia\u00e7\u00e3o imparidades) ascenderam a 2.259.077 euros em 2021<u>,<\/u>\u00a0que compara com 1.912.361 euros em 2020, o que representa um aumento de 18,1%.\u201d<\/p>\n<p>Cumpre-se ainda a regra de equil\u00edbrio or\u00e7amental, verificando-se uma margem positiva e 1.391.705\u20ac. Relativamente \u00e0 evolu\u00e7\u00e3o da d\u00edvida, o limite total permitido ao Munic\u00edpio da Batalha \u00e9 de 16.120.835\u20ac, sendo que o valor total ascende a 2.932.796\u20ac permitindo assim uma margem face ao limite total de 13.196.960\u20ac.<\/p>\n<p>Ainda, citando o relat\u00f3rio aprovado por unanimidade em reuni\u00e3o de C\u00e2mara realizada esta segunda-feira, dia 18 de abril: \u201cAs receitas pr\u00f3prias de funcionamento e a sa\u00fade financeira\u201d da Autarquia aumentaram ligeiramente face ao per\u00edodo hom\u00f3logo, correspondendo a um acr\u00e9scimo de autonomia financeira de 245.811\u20ac\u201d.<\/p>\n<p>Os documentos de presta\u00e7\u00e3o de contas relativas ao bi\u00e9nio 2020\/2021, tamb\u00e9m evidenciam a boa situa\u00e7\u00e3o financeira da C\u00e2mara Municipal da Batalha, com indicadores positivos e bastante acima da m\u00e9dia nacional das autarquias, respetivamente:<\/p>\n<table>\n<tbody>\n<tr>\n<td width=\"217\">Indicador<\/td>\n<td width=\"161\">2020<\/td>\n<td width=\"161\">2021<\/td>\n<\/tr>\n<tr>\n<td width=\"217\">Sa\u00fade Financeira*<\/td>\n<td width=\"161\">12%<\/td>\n<td width=\"161\">13%<\/td>\n<\/tr>\n<tr>\n<td width=\"217\">Solvabilidade**<\/td>\n<td width=\"161\">88,91%<\/td>\n<td width=\"161\">88,53%<\/td>\n<\/tr>\n<tr>\n<td width=\"217\">Liquidez Geral ***<\/td>\n<td width=\"161\">1,5<\/td>\n<td width=\"161\">1,33<\/td>\n<\/tr>\n<\/tbody>\n<\/table>\n<p>* Autonomia financeira \/ receitas pr\u00f3prias de funcionamento<br \/>\n** Patrim\u00f3nio l\u00edquido \/ Ativo<br \/>\n*** Ativo Corrente \/ Passivo Corrente<\/p>\n<p>Esta avalia\u00e7\u00e3o independente realizada pelo Relat\u00f3rio do Auditor Externo da C\u00e2mara Municipal da Batalha, apenas\u00a0veio confirmar, sem margem para d\u00favidas, segundo o PSD, \u201ca gest\u00e3o prudente e sustent\u00e1vel do anterior executivo municipal, o que exige \u00e0 C\u00e2mara Municipal em fun\u00e7\u00f5es a responsabilidade de continuar a manter as contas equilibradas da autarquia e o dever de lealdade de dizer a verdade aos batalhenses\u00a0sobre a boa situa\u00e7\u00e3o econ\u00f3mica e financeira do Munic\u00edpio.\u201d<\/p>\n<p>Por fim, em fun\u00e7\u00e3o dos resultados apresentados, e\u00a0havendo meios libertos de 2.259.077\u20ac, os vereadores do PSD propuseram a realiza\u00e7\u00e3o de novos projetos\u00a0como \u00e1rea de localiza\u00e7\u00e3o empresarial de S\u00e3o Mamede, a constru\u00e7\u00e3o do Arquivo Municipal da Batalha, a requalifica\u00e7\u00e3o do antigo edif\u00edcio do IVV, a constru\u00e7\u00e3o do pavilh\u00e3o multifuncional da Torre, a constru\u00e7\u00e3o de campo sint\u00e9tico na freguesia da Golpilheira, entre outras prioridades nas \u00e1reas de apoio social e prote\u00e7\u00e3o das fam\u00edlias.<\/p>\n<p><strong>\u00a0 \u00a0 Fonte: PSD|Batalha<\/strong><\/p>\n","protected":false},"excerpt":{"rendered":"<p>PSD da Batalha congratulou-se, no dia 19 de abril, com a aprova\u00e7\u00e3o por unanimidade das contas relativas \u00e0 gest\u00e3o municipal do exerc\u00edcio de 2021, salientando que \u201co atual executivo apresentou as contas relativas ao exerc\u00edcio de 2021, depois de toda a expectativa propagandeada pelo presidente Raul Castro sobre o descalabro da situa\u00e7\u00e3o financeira da C\u00e2mara [&hellip;]<\/p>\n","protected":false},"author":2,"featured_media":8666,"comment_status":"open","ping_status":"open","sticky":false,"template":"","format":"standard","meta":{"footnotes":""},"categories":[11],"tags":[],"class_list":["post-15798","post","type-post","status-publish","format-standard","has-post-thumbnail","hentry","category-sociedade"],"_links":{"self":[{"href":"https:\/\/tintafresca.net\/index.php\/wp-json\/wp\/v2\/posts\/15798","targetHints":{"allow":["GET"]}}],"collection":[{"href":"https:\/\/tintafresca.net\/index.php\/wp-json\/wp\/v2\/posts"}],"about":[{"href":"https:\/\/tintafresca.net\/index.php\/wp-json\/wp\/v2\/types\/post"}],"author":[{"embeddable":true,"href":"https:\/\/tintafresca.net\/index.php\/wp-json\/wp\/v2\/users\/2"}],"replies":[{"embeddable":true,"href":"https:\/\/tintafresca.net\/index.php\/wp-json\/wp\/v2\/comments?post=15798"}],"version-history":[{"count":3,"href":"https:\/\/tintafresca.net\/index.php\/wp-json\/wp\/v2\/posts\/15798\/revisions"}],"predecessor-version":[{"id":15801,"href":"https:\/\/tintafresca.net\/index.php\/wp-json\/wp\/v2\/posts\/15798\/revisions\/15801"}],"wp:featuredmedia":[{"embeddable":true,"href":"https:\/\/tintafresca.net\/index.php\/wp-json\/wp\/v2\/media\/8666"}],"wp:attachment":[{"href":"https:\/\/tintafresca.net\/index.php\/wp-json\/wp\/v2\/media?parent=15798"}],"wp:term":[{"taxonomy":"category","embeddable":true,"href":"https:\/\/tintafresca.net\/index.php\/wp-json\/wp\/v2\/categories?post=15798"},{"taxonomy":"post_tag","embeddable":true,"href":"https:\/\/tintafresca.net\/index.php\/wp-json\/wp\/v2\/tags?post=15798"}],"curies":[{"name":"wp","href":"https:\/\/api.w.org\/{rel}","templated":true}]}}