{"id":15802,"date":"2022-04-20T18:00:01","date_gmt":"2022-04-20T18:00:01","guid":{"rendered":"https:\/\/tintafresca.net\/?p=15802"},"modified":"2022-04-20T18:00:01","modified_gmt":"2022-04-20T18:00:01","slug":"mais-de-uma-centena-de-futuros-medicos-realizam-estagio-no-hospital-distrital-de-santarem","status":"publish","type":"post","link":"https:\/\/tintafresca.net\/index.php\/2022\/04\/20\/mais-de-uma-centena-de-futuros-medicos-realizam-estagio-no-hospital-distrital-de-santarem\/","title":{"rendered":"Mais de uma centena de futuros m\u00e9dicos realizam est\u00e1gio no Hospital Distrital de Santar\u00e9m"},"content":{"rendered":"<div id=\"attachment_15518\" style=\"width: 510px\" class=\"wp-caption alignleft\"><img loading=\"lazy\" decoding=\"async\" aria-describedby=\"caption-attachment-15518\" class=\"wp-image-15518 size-full\" src=\"https:\/\/tintafresca.net\/wp-content\/uploads\/2022\/04\/Santarem_Hospital30.jpg\" alt=\"\" width=\"500\" height=\"375\" \/><p id=\"caption-attachment-15518\" class=\"wp-caption-text\">Hospital Distrital de Santar\u00e9m<\/p><\/div>\n<p>O Hospital Distrital de Santar\u00e9m vai receber no ano letivo 2022-2023 112 alunos do 6.\u00ba ano da Faculdade de Medicina da Universidade de Lisboa (FMUP) para a realiza\u00e7\u00e3o de est\u00e1gio, o que expressa o reconhecimento da capacidade formativa da institui\u00e7\u00e3o.<\/p>\n<p>Nos \u00faltimos anos, o Hospital tem apostado na diferencia\u00e7\u00e3o cient\u00edfica e na forma\u00e7\u00e3o em diferentes \u00e1reas de conhecimento. Esta proximidade \u00e0 sociedade acad\u00e9mica tem sido estimulada em diferentes sentidos, nomeadamente atrav\u00e9s da rece\u00e7\u00e3o de alunos do 6.\u00ba ano da FMUP.<\/p>\n<p>Para o Conselho de Administra\u00e7\u00e3o, \u201ceste esfor\u00e7o cont\u00ednuo faz com que o HDS seja um hospital cada vez mais atrativo para quem quer apostar no seu desenvolvimento profissional\u201d.<\/p>\n<p><strong>\u00a0 \u00a0 Fonte: HDS<\/strong><\/p>\n","protected":false},"excerpt":{"rendered":"<p>O Hospital Distrital de Santar\u00e9m vai receber no ano letivo 2022-2023 112 alunos do 6.\u00ba ano da Faculdade de Medicina da Universidade de Lisboa (FMUP) para a realiza\u00e7\u00e3o de est\u00e1gio, o que expressa o reconhecimento da capacidade formativa da institui\u00e7\u00e3o. Nos \u00faltimos anos, o Hospital tem apostado na diferencia\u00e7\u00e3o cient\u00edfica e na forma\u00e7\u00e3o em diferentes [&hellip;]<\/p>\n","protected":false},"author":2,"featured_media":15519,"comment_status":"open","ping_status":"open","sticky":false,"template":"","format":"standard","meta":{"footnotes":""},"categories":[6],"tags":[],"class_list":["post-15802","post","type-post","status-publish","format-standard","has-post-thumbnail","hentry","category-saude"],"_links":{"self":[{"href":"https:\/\/tintafresca.net\/index.php\/wp-json\/wp\/v2\/posts\/15802","targetHints":{"allow":["GET"]}}],"collection":[{"href":"https:\/\/tintafresca.net\/index.php\/wp-json\/wp\/v2\/posts"}],"about":[{"href":"https:\/\/tintafresca.net\/index.php\/wp-json\/wp\/v2\/types\/post"}],"author":[{"embeddable":true,"href":"https:\/\/tintafresca.net\/index.php\/wp-json\/wp\/v2\/users\/2"}],"replies":[{"embeddable":true,"href":"https:\/\/tintafresca.net\/index.php\/wp-json\/wp\/v2\/comments?post=15802"}],"version-history":[{"count":3,"href":"https:\/\/tintafresca.net\/index.php\/wp-json\/wp\/v2\/posts\/15802\/revisions"}],"predecessor-version":[{"id":15805,"href":"https:\/\/tintafresca.net\/index.php\/wp-json\/wp\/v2\/posts\/15802\/revisions\/15805"}],"wp:featuredmedia":[{"embeddable":true,"href":"https:\/\/tintafresca.net\/index.php\/wp-json\/wp\/v2\/media\/15519"}],"wp:attachment":[{"href":"https:\/\/tintafresca.net\/index.php\/wp-json\/wp\/v2\/media?parent=15802"}],"wp:term":[{"taxonomy":"category","embeddable":true,"href":"https:\/\/tintafresca.net\/index.php\/wp-json\/wp\/v2\/categories?post=15802"},{"taxonomy":"post_tag","embeddable":true,"href":"https:\/\/tintafresca.net\/index.php\/wp-json\/wp\/v2\/tags?post=15802"}],"curies":[{"name":"wp","href":"https:\/\/api.w.org\/{rel}","templated":true}]}}