{"id":15859,"date":"2022-04-22T10:03:44","date_gmt":"2022-04-22T10:03:44","guid":{"rendered":"https:\/\/tintafresca.net\/?p=15859"},"modified":"2022-04-22T10:06:37","modified_gmt":"2022-04-22T10:06:37","slug":"sindicato-denuncia-despedimento-de-15-enfermeiros-do-centro-hospitalar-do-oeste","status":"publish","type":"post","link":"https:\/\/tintafresca.net\/index.php\/2022\/04\/22\/sindicato-denuncia-despedimento-de-15-enfermeiros-do-centro-hospitalar-do-oeste\/","title":{"rendered":"Sindicato denuncia despedimento de 15 enfermeiros do Centro Hospitalar do Oeste"},"content":{"rendered":"<div id=\"attachment_15675\" style=\"width: 510px\" class=\"wp-caption alignleft\"><img loading=\"lazy\" decoding=\"async\" aria-describedby=\"caption-attachment-15675\" class=\"wp-image-15675\" src=\"https:\/\/tintafresca.net\/wp-content\/uploads\/2022\/04\/Hospital_Caldas3.jpg\" alt=\"\" width=\"500\" height=\"375\" \/><p id=\"caption-attachment-15675\" class=\"wp-caption-text\">Unidade de Caldas da Rainha do Centro Hospitalar do Oeste<\/p><\/div>\n<p>O SITEU (Sindicato de Todos os Enfermeiros Unidos) acusa o Centro Hospitalar do Oeste, que junta as unidades hospitalares de Caldas da Rainha, Peniche e Torres Vedras, de dispensar 15 enfermeiros para n\u00e3o alargar o n\u00famero de trabalhadores do quadro.<\/p>\n<p>Os 15 enfermeiros cessam fun\u00e7\u00f5es no Centro Hospitalar do Oeste a 30 de abril, o que vai agravar a j\u00e1 reduzida equipa de enfermagem das tr\u00eas unidades, que t\u00eam todas d\u00e9fice de trabalhadores em v\u00e1rias \u00e1reas, incluindo de enfermeiros.<\/p>\n<p>Gorete Pimentel, presidente da dire\u00e7\u00e3o do SITEU, revela que \u201c<em>os servi\u00e7os de urg\u00eancia de Torres Vedras e das Caldas da Rainha, do Centro Hospitalar do Oeste, s\u00e3o conhecidos pela situa\u00e7\u00e3o ca\u00f3tica em que operam devido \u00e0 grande falta de trabalhadores em todas as \u00e1reas de atendimento ao doente. Estes despedimentos podem estar a encobrir uma situa\u00e7\u00e3o fraudulenta de recontratar daqui a uns dias, de forma a que os 15 enfermeiros n\u00e3o transitem para um contrato por tempo indeterminado<\/em>\u201d.<\/p>\n<p>A dirigente do SITEU acusa \u201c<em>o Centro Hospitalar do Oeste de recorrer frequentemente a empresas de presta\u00e7\u00e3o de servi\u00e7os para contrata\u00e7\u00e3o de m\u00e9dicos com o pagamento de valores astron\u00f3micos de 90 euros por hora, mas n\u00e3o consegue justificar os sete euros por hora que os enfermeiros ganham, preferindo despedir e deixar os utentes sem assist\u00eancia de enfermagem e entregues ao abandono. Enquanto os enfermeiros que ficam aguentarem, ser\u00e3o sobrecarregados mensalmente com v\u00e1rias dezenas de turnos extra, aumentando a exaust\u00e3o e a desmotiva\u00e7\u00e3o por n\u00e3o conseguirem realizar uma assist\u00eancia com qualidade<\/em>\u201d.<\/p>\n<p>Gorete Pimentel considera que \u201c<em>administra\u00e7\u00e3o est\u00e1 a despedir enfermeiros, por n\u00e3o ter autoriza\u00e7\u00e3o do Minist\u00e9rio da Sa\u00fade para alargar o quadro de pessoal. Durante os meses que estes 15 enfermeiros estiveram a trabalhar, o Centro Hospitalar do Oeste n\u00e3o conseguiu suprimir as lacunas de pessoal de enfermagem.\u00a0 Os 15 enfermeiros que v\u00e3o ser despedidos estavam a contrato no \u00e2mbito do Plano de Conting\u00eancia Sa\u00fade Sazonal (PCSS). \u00c9 preciso voltar atr\u00e1s nesta decis\u00e3o porque, para al\u00e9m do d\u00e9fice cr\u00f3nico de enfermeiros em situa\u00e7\u00f5es sociais normais, ainda n\u00e3o nos livr\u00e1mos da pandemia e temos os surtos atuais da gripe A que agravam a situa\u00e7\u00e3o pand\u00e9mica<\/em>\u201d.<\/p>\n<p>H\u00e1 meses que os enfermeiros denunciam esta situa\u00e7\u00e3o, com manifestos e manifesta\u00e7\u00f5es, sem que o conselho de administra\u00e7\u00e3o do Centro Hospitalar do Oeste ou o Minist\u00e9rio da Sa\u00fade tenham tomado qualquer iniciativa para resolver os problemas cr\u00f3nicos de falta de pessoal destas unidades.<\/p>\n<p><strong> \u00a0 \u00a0Fonte: SITEU<\/strong><\/p>\n","protected":false},"excerpt":{"rendered":"<p>O SITEU (Sindicato de Todos os Enfermeiros Unidos) acusa o Centro Hospitalar do Oeste, que junta as unidades hospitalares de Caldas da Rainha, Peniche e Torres Vedras, de dispensar 15 enfermeiros para n\u00e3o alargar o n\u00famero de trabalhadores do quadro. Os 15 enfermeiros cessam fun\u00e7\u00f5es no Centro Hospitalar do Oeste a 30 de abril, o [&hellip;]<\/p>\n","protected":false},"author":2,"featured_media":15678,"comment_status":"open","ping_status":"open","sticky":false,"template":"","format":"standard","meta":{"footnotes":""},"categories":[6],"tags":[],"class_list":["post-15859","post","type-post","status-publish","format-standard","has-post-thumbnail","hentry","category-saude"],"_links":{"self":[{"href":"https:\/\/tintafresca.net\/index.php\/wp-json\/wp\/v2\/posts\/15859","targetHints":{"allow":["GET"]}}],"collection":[{"href":"https:\/\/tintafresca.net\/index.php\/wp-json\/wp\/v2\/posts"}],"about":[{"href":"https:\/\/tintafresca.net\/index.php\/wp-json\/wp\/v2\/types\/post"}],"author":[{"embeddable":true,"href":"https:\/\/tintafresca.net\/index.php\/wp-json\/wp\/v2\/users\/2"}],"replies":[{"embeddable":true,"href":"https:\/\/tintafresca.net\/index.php\/wp-json\/wp\/v2\/comments?post=15859"}],"version-history":[{"count":2,"href":"https:\/\/tintafresca.net\/index.php\/wp-json\/wp\/v2\/posts\/15859\/revisions"}],"predecessor-version":[{"id":15861,"href":"https:\/\/tintafresca.net\/index.php\/wp-json\/wp\/v2\/posts\/15859\/revisions\/15861"}],"wp:featuredmedia":[{"embeddable":true,"href":"https:\/\/tintafresca.net\/index.php\/wp-json\/wp\/v2\/media\/15678"}],"wp:attachment":[{"href":"https:\/\/tintafresca.net\/index.php\/wp-json\/wp\/v2\/media?parent=15859"}],"wp:term":[{"taxonomy":"category","embeddable":true,"href":"https:\/\/tintafresca.net\/index.php\/wp-json\/wp\/v2\/categories?post=15859"},{"taxonomy":"post_tag","embeddable":true,"href":"https:\/\/tintafresca.net\/index.php\/wp-json\/wp\/v2\/tags?post=15859"}],"curies":[{"name":"wp","href":"https:\/\/api.w.org\/{rel}","templated":true}]}}