{"id":15866,"date":"2022-04-22T20:30:01","date_gmt":"2022-04-22T20:30:01","guid":{"rendered":"https:\/\/tintafresca.net\/?p=15866"},"modified":"2022-04-22T20:42:40","modified_gmt":"2022-04-22T20:42:40","slug":"comemoracoes-do-25-de-abril-vao-as-freguesias-de-santarem","status":"publish","type":"post","link":"https:\/\/tintafresca.net\/index.php\/2022\/04\/22\/comemoracoes-do-25-de-abril-vao-as-freguesias-de-santarem\/","title":{"rendered":"Comemora\u00e7\u00f5es do 25 de Abril v\u00e3o \u00e0s freguesias de Santar\u00e9m"},"content":{"rendered":"<div id=\"attachment_15869\" style=\"width: 510px\" class=\"wp-caption alignleft\"><img loading=\"lazy\" decoding=\"async\" aria-describedby=\"caption-attachment-15869\" class=\"wp-image-15869 size-full\" src=\"https:\/\/tintafresca.net\/wp-content\/uploads\/2022\/04\/Santarem_Cem-Anos-de-Poemas10.jpg\" alt=\"\" width=\"500\" height=\"333\" \/><p id=\"caption-attachment-15869\" class=\"wp-caption-text\">\u201cCem Anos de Poemas e Can\u00e7\u00f5es\u201d<\/p><\/div>\n<p>No \u00e2mbito das Comemora\u00e7\u00f5es do 25 de Abril<strong>,<\/strong> s\u00e1bado, dia 30 de abril, \u00e9 poss\u00edvel assistir, em Santar\u00e9m e nas freguesias do Concelho, v\u00e1rios espet\u00e1culos.<\/p>\n<p>\u00c0s 16h00 tem lugar, na Igreja da Gra\u00e7a, Cantares das gentes que tamb\u00e9m \u201cfizeram Abril\u201d, com o Coro e Banda da Sociedade Filarm\u00f3nica de Instru\u00e7\u00e3o e Cultura Musical de Gansaria e Coro do C\u00edrculo Cultural Scalabitano.<\/p>\n<p>Este concerto exclusivamente preenchido com autores portugueses (Jorge Salgueiro, Luis Cardoso, Xavier Ribeiro, Diogo Costa, Vitorino, Janita Salom\u00e9, Jos\u00e9 Afonso) que, em parte, retrata os cantares das gentes an\u00f3nimas que de norte a sul do Pa\u00eds, tamb\u00e9m \u201cfizeram Abril\u201d.<\/p>\n<p>\u00c0s 21h30 a Casa das Colectividades de Alcanh\u00f5es recebe o concerto Cantar Abril, com Manuel Teixeira e Jo\u00e3o Nogueira, voz e guitarra cl\u00e1ssica, da AJA \u2013 Associa\u00e7\u00e3o Jos\u00e9 Afonso.<\/p>\n<p>Manuel Teixeira, nascido em Amarante, integra o N\u00facleo de Lisboa, da AJA. Jo\u00e3o Nogueira, integra o N\u00facleo de Santar\u00e9m, da AJA. Identificam-se com o imagin\u00e1rio de Jos\u00e9 Afonso e Adriano Correia de Oliveira.<\/p>\n<p>Participaram nas v\u00e1rias edi\u00e7\u00f5es do Festival Jos\u00e9 Afonso realizadas em Malpica do Tejo e um pouco por todo o pa\u00eds, incluindo Santar\u00e9m, bem como Galiza, Espanha, Cabo Verde, Cuba, Luxemburgo, Bulg\u00e1ria. etc. Fundador do Projeto \u201cProtest Song\u201d Cais da Saudade, por onde v\u00e3o passando v\u00e1rios m\u00fasicos.<\/p>\n<p>\u00c0 mesma hora, na Sociedade Recreativa Filarm\u00f3nica Pernense (M\u00fasica Velha), sobem ao palco o Veto Teatro Oficina do C\u00edrculo Cultural Scalabitano e a Banda Carpintaria Royal, para apresentar \u201cCem Anos de Poemas e Can\u00e7\u00f5es\u201d.<\/p>\n<p>Esta \u00e9 uma proposta de revisitar poemas e can\u00e7\u00f5es da nossa Mem\u00f3ria Coletiva, desde a implanta\u00e7\u00e3o da Rep\u00fablica at\u00e9 \u00e0 atualidade.<\/p>\n<p>Nesta viagem, ainda ouvimos os canh\u00f5es dos revoltosos, carbon\u00e1rios, chefiados pelo Tenente da Marinha, Machado dos Santos, disparando contra os mon\u00e1rquicos entrincheirados no Rossio. Depois \u00e9 a permanente convuls\u00e3o da I Rep\u00fablica, o Estado Novo, o 25 e Abril e chegamos at\u00e9 \u00e0 contemporaneidade. Viajamos por estas mem\u00f3rias evocando m\u00fasicas e palavras de poetas como Fernando Pessoa, Ant\u00f3nio Gede\u00e3o, Sebasti\u00e3o da Gama, entre muitos outros.<\/p>\n<p>Este espet\u00e1culo de M\u00fasica, Dan\u00e7a e Teatro, da autoria de Jos\u00e9 Ramos conta com os atores Eliseu Raimundo, Francisco Selqueira, Nuno Domingos e Susana Alves e com os m\u00fasicos Jo\u00e3o Madeira, Jo\u00e3o Madeira J\u00fanior, Guilherme Madeira e Bruno Vel\u00eas.<\/p>\n<p>Tamb\u00e9m \u00e0s 21h30, desta feita na Associa\u00e7\u00e3o Cultural e Recreativa de Abr\u00e3, tem lugar um espet\u00e1culo de m\u00fasica, dan\u00e7a e teatro \u201cChegam Cartas, Chegam Palavras\u2026\u201d.<\/p>\n<p>Esta produ\u00e7\u00e3o, da Poemas &amp; Fantasias &#8211; Associa\u00e7\u00e3o, tem encena\u00e7\u00e3o e coregrafia de Berta Pereira, Nuno Labau e Sofia Almeida, com interpreta\u00e7\u00e3o de Francisco Lopes, na guitarra portuguesa, Jo\u00e3o Tobias Lopes, na guitarra cl\u00e1ssica, das atrizes Leonor de Almeida e Berta Pereira e bailarinos Nuno Labau e Sofia de Almeida.<\/p>\n<p>Integradas no programa das Comemora\u00e7\u00f5es do 25 de Abril em Santar\u00e9m, pode ainda visitar no Centro Cultural Regional de Santar\u00e9m (CCRS) as exposi\u00e7\u00f5es: <strong>\u201c<\/strong>Em Abril, Artistas Mil\u201d, exposi\u00e7\u00e3o coletiva que re\u00fane trabalhos de v\u00e1rios artistas locais, e \u201cPortugal 70 Anos Depois\u201d o ensaio fotogr\u00e1fico de John Gallo, inspirado no ensaio fotogr\u00e1fico \u201cPortugal 1950\u201d de Jean Dieuzaide.<\/p>\n<p><em>\u201cEm Abril, Artistas Mil\u201d<\/em>, \u00e9 o nome de uma delas que conta com trabalhos de Andr\u00e9 Esteves, Andr\u00e9 Gomes, Ant\u00f3nio Canavarro, Eva Barbosa Mendon\u00e7a, Fernanda Narciso, Fernando Silva, Francisco Pereira, Fl\u00e1via Barra, Jo\u00e3o Maria Ferreira, Mariana Sim\u00e3o, Pedro Mour\u00e3o Pereira, Sofia Campilho e V\u00edtor Lopes.<\/p>\n<p>\u201cAbril, Artistas Mil\u201d \u00e9 uma exposi\u00e7\u00e3o coletiva de artistas que residem ou s\u00e3o naturais da regi\u00e3o. Esta Exposi\u00e7\u00e3o ter\u00e1, entre outros, dois objetivos primeiros: diversificar culturalmente a oferta ao p\u00fablico, atraindo um maior n\u00famero de visitantes ao CCRS, assim como concorrer na divulga\u00e7\u00e3o e promo\u00e7\u00e3o de talentos e express\u00f5es art\u00edsticas variadas, dos artistas locais e regionais, contribuindo assim para a democratiza\u00e7\u00e3o e cria\u00e7\u00e3o cultural.<\/p>\n<p>\u201cPortugal 70 Anos Depois\u201d \u00e9 o ensaio fotogr\u00e1fico de John Gallo tendo por base o trabalho realizado em 1950 pelo fot\u00f3grafo franc\u00eas Jean Dieuzaide.<\/p>\n<p>\u201cPortugal 1950\u201d \u00e9 o t\u00edtulo de um ensaio fotogr\u00e1fico de Jean Dieuzaide; o fot\u00f3grafo franc\u00eas percorreu Portugal Continental e a Madeira, produzindo um dos melhores testemunhos daquilo que Portugal foi no auge do Estado Novo. O trabalho not\u00e1vel de Dieuzaide foi editado em 1998, com a coopera\u00e7\u00e3o da Galerie Municipale du Ch\u00e2teau d\u2019Eau de Toulouse e a FNAC coorganizou a exposi\u00e7\u00e3o que aconteceu no Centre Culturel Calouste Gulbenkian em Paris. Eduardo Louren\u00e7o escreveu o texto \u201cLuz e Mem\u00f3ria\u201d que serviu de introdu\u00e7\u00e3o ao livro, na edi\u00e7\u00e3o de 1998.<\/p>\n<p>\u201cPortugal 70 Anos Depois\u201d tem como ponto de partida a obra de Dieuzaide: este novo ensaio de John Gallo, obra de autor, respeita a abordagem de Dieuzaide, revisitando os locais que o fot\u00f3grafo franc\u00eas elegeu para retratar Portugal h\u00e1 70 anos, fazendo luz sobre o que \u00e9 Portugal hoje, volvidas sete d\u00e9cadas.<\/p>\n<p>Este ensaio \u00e9 um tributo \u00e0 obra de Dieuzaide, e aos portugueses protagonistas na sua obra que viveram um Portugal pobre, sofrido, amorda\u00e7ado, sempre de sorriso no rosto; as fainas e atividades fotografadas por Dieuzaide eram a pedra basilar de uma economia rudimentar, altamente protecionista, muitas vezes a \u00fanica forma de subsist\u00eancia de fam\u00edlias inteiras.<\/p>\n<p>Setenta anos \u00e9 extraordinariamente interessante compreender como \u00e9 que nos mesmos locais se vive, que rostos se encontram, que paisagens urbanas surgiram, que estrutura social e econ\u00f3mica vinga neste pa\u00eds de gente (ainda) sorridente. \u201cPortugal 70 Anos Depois\u201d pretende igualmente promover uma discuss\u00e3o p\u00fablica acerca da evolu\u00e7\u00e3o do nosso pa\u00eds nas \u00faltimas d\u00e9cadas, como nos afirmamos hoje na Europa e no mundo.<\/p>\n<p>As imagens de John Gallo t\u00eam sido apresentadas, expostas e publicadas por todo o mundo, em locais e meios de comunica\u00e7\u00e3o social de relevo. O Presidente da Rep\u00fablica, Professor Marcelo Rebelo de Sousa, reconheceu, em duas ocasi\u00f5es, a import\u00e2ncia do trabalho de John Gallo.<\/p>\n<p>Estas mostras podem ser visitadas, at\u00e9 30 de abril, de segunda a sexta-feira, das 15h00 \u00e0s 19h00 e ao s\u00e1bado entre as 10h00 e as 13h00.<\/p>\n<p><strong>\u00a0 Fonte: DCPCT|CMS<\/strong><\/p>\n","protected":false},"excerpt":{"rendered":"<p>No \u00e2mbito das Comemora\u00e7\u00f5es do 25 de Abril, s\u00e1bado, dia 30 de abril, \u00e9 poss\u00edvel assistir, em Santar\u00e9m e nas freguesias do Concelho, v\u00e1rios espet\u00e1culos. \u00c0s 16h00 tem lugar, na Igreja da Gra\u00e7a, Cantares das gentes que tamb\u00e9m \u201cfizeram Abril\u201d, com o Coro e Banda da Sociedade Filarm\u00f3nica de Instru\u00e7\u00e3o e Cultura Musical de Gansaria [&hellip;]<\/p>\n","protected":false},"author":2,"featured_media":15868,"comment_status":"open","ping_status":"open","sticky":false,"template":"","format":"standard","meta":{"footnotes":""},"categories":[8],"tags":[],"class_list":["post-15866","post","type-post","status-publish","format-standard","has-post-thumbnail","hentry","category-musica"],"_links":{"self":[{"href":"https:\/\/tintafresca.net\/index.php\/wp-json\/wp\/v2\/posts\/15866","targetHints":{"allow":["GET"]}}],"collection":[{"href":"https:\/\/tintafresca.net\/index.php\/wp-json\/wp\/v2\/posts"}],"about":[{"href":"https:\/\/tintafresca.net\/index.php\/wp-json\/wp\/v2\/types\/post"}],"author":[{"embeddable":true,"href":"https:\/\/tintafresca.net\/index.php\/wp-json\/wp\/v2\/users\/2"}],"replies":[{"embeddable":true,"href":"https:\/\/tintafresca.net\/index.php\/wp-json\/wp\/v2\/comments?post=15866"}],"version-history":[{"count":4,"href":"https:\/\/tintafresca.net\/index.php\/wp-json\/wp\/v2\/posts\/15866\/revisions"}],"predecessor-version":[{"id":15872,"href":"https:\/\/tintafresca.net\/index.php\/wp-json\/wp\/v2\/posts\/15866\/revisions\/15872"}],"wp:featuredmedia":[{"embeddable":true,"href":"https:\/\/tintafresca.net\/index.php\/wp-json\/wp\/v2\/media\/15868"}],"wp:attachment":[{"href":"https:\/\/tintafresca.net\/index.php\/wp-json\/wp\/v2\/media?parent=15866"}],"wp:term":[{"taxonomy":"category","embeddable":true,"href":"https:\/\/tintafresca.net\/index.php\/wp-json\/wp\/v2\/categories?post=15866"},{"taxonomy":"post_tag","embeddable":true,"href":"https:\/\/tintafresca.net\/index.php\/wp-json\/wp\/v2\/tags?post=15866"}],"curies":[{"name":"wp","href":"https:\/\/api.w.org\/{rel}","templated":true}]}}