{"id":15886,"date":"2022-04-23T17:59:29","date_gmt":"2022-04-23T17:59:29","guid":{"rendered":"https:\/\/tintafresca.net\/?p=15886"},"modified":"2022-04-23T18:03:40","modified_gmt":"2022-04-23T18:03:40","slug":"resposta-a-pandemia-e-reducao-de-divida-marcam-exercicio-do-municipio-de-leiria","status":"publish","type":"post","link":"https:\/\/tintafresca.net\/index.php\/2022\/04\/23\/resposta-a-pandemia-e-reducao-de-divida-marcam-exercicio-do-municipio-de-leiria\/","title":{"rendered":"Resposta \u00e0 pandemia e redu\u00e7\u00e3o de d\u00edvida marcam exerc\u00edcio do Munic\u00edpio de Leiria"},"content":{"rendered":"<div id=\"attachment_10489\" style=\"width: 410px\" class=\"wp-caption alignleft\"><img loading=\"lazy\" decoding=\"async\" aria-describedby=\"caption-attachment-10489\" class=\"wp-image-10489\" src=\"https:\/\/tintafresca.net\/wp-content\/uploads\/2021\/11\/Leiria_Camara.jpg\" alt=\"\" width=\"400\" height=\"533\" srcset=\"https:\/\/tintafresca.net\/wp-content\/uploads\/2021\/11\/Leiria_Camara.jpg 500w, https:\/\/tintafresca.net\/wp-content\/uploads\/2021\/11\/Leiria_Camara-225x300.jpg 225w\" sizes=\"auto, (max-width: 400px) 100vw, 400px\" \/><p id=\"caption-attachment-10489\" class=\"wp-caption-text\">Sede da C\u00e2mara Municipal de Leiria<\/p><\/div>\n<p>A estrat\u00e9gia do Munic\u00edpio de prote\u00e7\u00e3o social e econ\u00f3mica do concelho face \u00e0 pandemia Covid-19, com uma verba de um total de 2,2 milh\u00f5es, e a redu\u00e7\u00e3o de 16% do n\u00edvel de endividamento do Munic\u00edpio face a 2020, num total de 3,1 milh\u00f5es de euros (ME), s\u00e3o duas notas dominantes do Relat\u00f3rio e Contas do Munic\u00edpio referente ao ano de 2021, debatido esta ter\u00e7a-feira em reuni\u00e3o de C\u00e2mara.<\/p>\n<p>O documento, que ser\u00e1 ainda presente \u00e0 Assembleia Municipal, expressa, \u00e0 semelhan\u00e7a do ano anterior, uma forte capacidade de resposta do Munic\u00edpio perante o cen\u00e1rio pand\u00e9mico, atrav\u00e9s da atribui\u00e7\u00e3o de apoios de 1,3 ME e aquisi\u00e7\u00e3o de bens num montante de 884 mil euros.<\/p>\n<p>No que diz respeito \u00e0 redu\u00e7\u00e3o de endividamento, o documento evidencia a aposta numa estrat\u00e9gia de contas certas, com a redu\u00e7\u00e3o da d\u00edvida para 17,2 ME no final de 2021, uma trajet\u00f3ria que representa um abate de 60 milh\u00f5es de euros da d\u00edvida camar\u00e1ria desde 2010.<\/p>\n<p>A preocupa\u00e7\u00e3o com a situa\u00e7\u00e3o financeira est\u00e1 igualmente espelhada no prazo m\u00e9dio de pagamento de apenas seis dias, um dos mais baixos do Pa\u00eds, permitindo uma maior capacidade negocial do Munic\u00edpio com os seus fornecedores.<\/p>\n<p>No que diz respeito \u00e0 despesa corrente, verifica-se um aumento de 34%, que resulta da transfer\u00eancia de compet\u00eancias na \u00e1rea da educa\u00e7\u00e3o, o que originou a entrada de mais 446 trabalhadores das escolas no quadro de colaboradores do Munic\u00edpio, essenciais para a garantia de ensino de qualidade no concelho, e ainda da resposta dada \u00e0 pandemia, tal como a aposta na aposta nas freguesias e no associativismo, com aumento de transfer\u00eancias.<\/p>\n<p>H\u00e1 ainda a destacar um aumento da despesa de capital em 19% (\u20ac5 519 480,34), com uma taxa de execu\u00e7\u00e3o de 54% (aumento de 4% face ao per\u00edodo hom\u00f3logo), em resultado da realiza\u00e7\u00e3o de obras de grande import\u00e2ncia para o concelho, como a requalifica\u00e7\u00e3o do castelo, constru\u00e7\u00e3o de acessos mec\u00e2nicos, requalifica\u00e7\u00e3o do Largo de S. Pedro, requalifica\u00e7\u00e3o do Sistema Vi\u00e1rio Av. N. S\u00aa F\u00e1tima e AV. General Humberto Delgado, interven\u00e7\u00e3o na Rua de Leiria, em Monte Real, constru\u00e7\u00e3o da Pavilh\u00e3o Inclusivo das Cortes, interven\u00e7\u00e3o no Pavilh\u00e3o Desportivo Municipal de Maceira, constru\u00e7\u00e3o do Centro d\u00b4Artes do Arrabal, requalifica\u00e7\u00e3o do Mercado Municipal, constru\u00e7\u00e3o e beneficia\u00e7\u00e3o de diversas vias no concelho, sendo ainda de real\u00e7ar um significativo aumento das transfer\u00eancias de capital para as freguesias, em cerca de 36% (\u20ac1 726 029,62).<\/p>\n<p><strong> Fonte: GRPG|CML<\/strong><\/p>\n","protected":false},"excerpt":{"rendered":"<p>A estrat\u00e9gia do Munic\u00edpio de prote\u00e7\u00e3o social e econ\u00f3mica do concelho face \u00e0 pandemia Covid-19, com uma verba de um total de 2,2 milh\u00f5es, e a redu\u00e7\u00e3o de 16% do n\u00edvel de endividamento do Munic\u00edpio face a 2020, num total de 3,1 milh\u00f5es de euros (ME), s\u00e3o duas notas dominantes do Relat\u00f3rio e Contas do [&hellip;]<\/p>\n","protected":false},"author":2,"featured_media":10490,"comment_status":"open","ping_status":"open","sticky":false,"template":"","format":"standard","meta":{"footnotes":""},"categories":[7],"tags":[],"class_list":["post-15886","post","type-post","status-publish","format-standard","has-post-thumbnail","hentry","category-economia"],"_links":{"self":[{"href":"https:\/\/tintafresca.net\/index.php\/wp-json\/wp\/v2\/posts\/15886","targetHints":{"allow":["GET"]}}],"collection":[{"href":"https:\/\/tintafresca.net\/index.php\/wp-json\/wp\/v2\/posts"}],"about":[{"href":"https:\/\/tintafresca.net\/index.php\/wp-json\/wp\/v2\/types\/post"}],"author":[{"embeddable":true,"href":"https:\/\/tintafresca.net\/index.php\/wp-json\/wp\/v2\/users\/2"}],"replies":[{"embeddable":true,"href":"https:\/\/tintafresca.net\/index.php\/wp-json\/wp\/v2\/comments?post=15886"}],"version-history":[{"count":2,"href":"https:\/\/tintafresca.net\/index.php\/wp-json\/wp\/v2\/posts\/15886\/revisions"}],"predecessor-version":[{"id":15888,"href":"https:\/\/tintafresca.net\/index.php\/wp-json\/wp\/v2\/posts\/15886\/revisions\/15888"}],"wp:featuredmedia":[{"embeddable":true,"href":"https:\/\/tintafresca.net\/index.php\/wp-json\/wp\/v2\/media\/10490"}],"wp:attachment":[{"href":"https:\/\/tintafresca.net\/index.php\/wp-json\/wp\/v2\/media?parent=15886"}],"wp:term":[{"taxonomy":"category","embeddable":true,"href":"https:\/\/tintafresca.net\/index.php\/wp-json\/wp\/v2\/categories?post=15886"},{"taxonomy":"post_tag","embeddable":true,"href":"https:\/\/tintafresca.net\/index.php\/wp-json\/wp\/v2\/tags?post=15886"}],"curies":[{"name":"wp","href":"https:\/\/api.w.org\/{rel}","templated":true}]}}