{"id":15919,"date":"2022-04-24T11:48:32","date_gmt":"2022-04-24T11:48:32","guid":{"rendered":"https:\/\/tintafresca.net\/?p=15919"},"modified":"2022-04-24T11:55:48","modified_gmt":"2022-04-24T11:55:48","slug":"marinha-grande-recebe-encontro-nacional-das-unidades-de-saude-familiar","status":"publish","type":"post","link":"https:\/\/tintafresca.net\/index.php\/2022\/04\/24\/marinha-grande-recebe-encontro-nacional-das-unidades-de-saude-familiar\/","title":{"rendered":"Marinha Grande recebeu o Encontro Nacional das Unidades de Sa\u00fade Familiar"},"content":{"rendered":"<div id=\"attachment_15922\" style=\"width: 510px\" class=\"wp-caption alignleft\"><img loading=\"lazy\" decoding=\"async\" aria-describedby=\"caption-attachment-15922\" class=\"wp-image-15922 size-full\" src=\"https:\/\/tintafresca.net\/wp-content\/uploads\/2022\/04\/MG_Encontro_USF10.jpg\" alt=\"\" width=\"500\" height=\"332\" \/><p id=\"caption-attachment-15922\" class=\"wp-caption-text\">Interven\u00e7\u00e3o de M\u00e1rio Ruivo<\/p><\/div>\n<p>O Encontro da Primavera, promovido pela Associa\u00e7\u00e3o Nacional das Unidades de Sa\u00fade Familiar (USF-AN), com o apoio do Munic\u00edpio da Marinha Grande, decorreu esta sexta-feira, 22 de abril, no Audit\u00f3rio Dr. Jos\u00e9 Henriques Vareda.<\/p>\n<p>A iniciativa tem como tema &#8220;A USF do futuro. Governa\u00e7\u00e3o cl\u00ednica em contextos inovadores\u201d e visou fomentar a discuss\u00e3o em torno de \u00e1reas vitais para as USF e para os seus profissionais. Foram apresentados os resultados do estudo feito junto dos seus associados e as suas principais conclus\u00f5es. Houve ainda ocasi\u00e3o para discutir a lideran\u00e7a, nomeadamente a coordena\u00e7\u00e3o das equipas multidisciplinares abordando os desafios e oportunidades futuras, numa perspetiva geracional.<\/p>\n<p>Para al\u00e9m dos pain\u00e9is de debate, o evento integrou demonstra\u00e7\u00f5es de artesanato em vidro, para assinalar o Ano Internacional do Vidro.<\/p>\n<p>Na sess\u00e3o de abertura, a vereadora da sa\u00fade da C\u00e2mara Municipal da Marinha Grande, Ana Laura Barid\u00f3, agradeceu \u00e0 organiza\u00e7\u00e3o a escolha da Marinha Grande para a realiza\u00e7\u00e3o do encontro, destacando que, \u201ccom a reforma dos cuidados de sa\u00fade prim\u00e1rios, houve uma remodela\u00e7\u00e3o do sistema e o foco \u00e9 melhorar os cuidados de sa\u00fade \u00e0 popula\u00e7\u00e3o, envolvendo todos os parceiros num projeto comum\u201d. A autarca acrescentou que, \u201ctodos juntos podemos construir uma melhor sa\u00fade para os nossos mun\u00edcipes e esse \u00e9 o foco do Munic\u00edpio da Marinha Grande\u201d.<\/p>\n<p>A presidente da comiss\u00e3o organizadora do Encontro da Primavera, Ana Paula Ferreira, salientou que \u201cos profissionais das USF s\u00e3o a for\u00e7a dos servi\u00e7os de sa\u00fade\u201d. Ao escolherem a Marinha Grande para a realiza\u00e7\u00e3o desta iniciativa, \u201cpotenciamos a nossa capacidade de melhoria cont\u00ednua\u201d, permitindo um debate em torno \u201cdos novos modelos de organiza\u00e7\u00e3o de trabalho, para promover contextos de felicidade\u201d.<\/p>\n<p>Em representa\u00e7\u00e3o do conselho diretivo da Administra\u00e7\u00e3o Regional de Sa\u00fade Centro, M\u00e1rio Ruivo, agradeceu \u201ctodo o trabalho que os profissionais de sa\u00fade t\u00eam na USF, para responder \u00e0s exig\u00eancias da pandemia\u201d e adiantou que \u201cas USF t\u00eam contribu\u00eddo para a melhoria dos cuidados de sa\u00fade prim\u00e1rios\u201d.<\/p>\n<p><strong>\u00a0 \u00a0 Fonte: GCI|CMMG<\/strong><\/p>\n","protected":false},"excerpt":{"rendered":"<p>O Encontro da Primavera, promovido pela Associa\u00e7\u00e3o Nacional das Unidades de Sa\u00fade Familiar (USF-AN), com o apoio do Munic\u00edpio da Marinha Grande, decorreu esta sexta-feira, 22 de abril, no Audit\u00f3rio Dr. Jos\u00e9 Henriques Vareda. A iniciativa tem como tema &#8220;A USF do futuro. Governa\u00e7\u00e3o cl\u00ednica em contextos inovadores\u201d e visou fomentar a discuss\u00e3o em torno [&hellip;]<\/p>\n","protected":false},"author":2,"featured_media":15924,"comment_status":"open","ping_status":"open","sticky":false,"template":"","format":"standard","meta":{"footnotes":""},"categories":[6],"tags":[],"class_list":["post-15919","post","type-post","status-publish","format-standard","has-post-thumbnail","hentry","category-saude"],"_links":{"self":[{"href":"https:\/\/tintafresca.net\/index.php\/wp-json\/wp\/v2\/posts\/15919","targetHints":{"allow":["GET"]}}],"collection":[{"href":"https:\/\/tintafresca.net\/index.php\/wp-json\/wp\/v2\/posts"}],"about":[{"href":"https:\/\/tintafresca.net\/index.php\/wp-json\/wp\/v2\/types\/post"}],"author":[{"embeddable":true,"href":"https:\/\/tintafresca.net\/index.php\/wp-json\/wp\/v2\/users\/2"}],"replies":[{"embeddable":true,"href":"https:\/\/tintafresca.net\/index.php\/wp-json\/wp\/v2\/comments?post=15919"}],"version-history":[{"count":6,"href":"https:\/\/tintafresca.net\/index.php\/wp-json\/wp\/v2\/posts\/15919\/revisions"}],"predecessor-version":[{"id":15927,"href":"https:\/\/tintafresca.net\/index.php\/wp-json\/wp\/v2\/posts\/15919\/revisions\/15927"}],"wp:featuredmedia":[{"embeddable":true,"href":"https:\/\/tintafresca.net\/index.php\/wp-json\/wp\/v2\/media\/15924"}],"wp:attachment":[{"href":"https:\/\/tintafresca.net\/index.php\/wp-json\/wp\/v2\/media?parent=15919"}],"wp:term":[{"taxonomy":"category","embeddable":true,"href":"https:\/\/tintafresca.net\/index.php\/wp-json\/wp\/v2\/categories?post=15919"},{"taxonomy":"post_tag","embeddable":true,"href":"https:\/\/tintafresca.net\/index.php\/wp-json\/wp\/v2\/tags?post=15919"}],"curies":[{"name":"wp","href":"https:\/\/api.w.org\/{rel}","templated":true}]}}