{"id":16106,"date":"2022-04-29T21:26:02","date_gmt":"2022-04-29T21:26:02","guid":{"rendered":"https:\/\/tintafresca.net\/?p=16106"},"modified":"2022-04-29T21:29:25","modified_gmt":"2022-04-29T21:29:25","slug":"licinio-de-carvalho-a-atividade-fisica-representa-para-o-individuo-um-forte-meio-de-prevencao-de-doencas","status":"publish","type":"post","link":"https:\/\/tintafresca.net\/index.php\/2022\/04\/29\/licinio-de-carvalho-a-atividade-fisica-representa-para-o-individuo-um-forte-meio-de-prevencao-de-doencas\/","title":{"rendered":"Lic\u00ednio de Carvalho: \u00abA atividade f\u00edsica representa para o indiv\u00edduo um forte meio de preven\u00e7\u00e3o de doen\u00e7as\u00bb"},"content":{"rendered":"<div id=\"attachment_16107\" style=\"width: 510px\" class=\"wp-caption alignleft\"><img loading=\"lazy\" decoding=\"async\" aria-describedby=\"caption-attachment-16107\" class=\"wp-image-16107 size-full\" src=\"https:\/\/tintafresca.net\/wp-content\/uploads\/2022\/04\/CHL_Licino_carvalho10.jpg\" alt=\"\" width=\"500\" height=\"333\" \/><p id=\"caption-attachment-16107\" class=\"wp-caption-text\">Lic\u00ednio de Carvalho<\/p><\/div>\n<p>\u00abEste desiderato da relev\u00e2ncia da atividade f\u00edsica e do desporto na sa\u00fade e bem-estar da popula\u00e7\u00e3o, ganha-se com o papel do CHL, com promo\u00e7\u00e3o p\u00fablica, com pr\u00e1tica individual e coletiva e com atividade de investiga\u00e7\u00e3o cient\u00edfica na \u00e1rea, fechando-se o ciclo da cria\u00e7\u00e3o de valor que hoje ficou demonstrado\u00bb, destacou Lic\u00ednio de Carvalho, presidente do Conselho de Administra\u00e7\u00e3o (CA) do Centro Hospitalar de Leiria (CHL), na sess\u00e3o de comemora\u00e7\u00e3o do Dia do Hospital de Santo Andr\u00e9 (HSA), em Leiria, no dia 22 de abril, no audit\u00f3rio do hospital. O Desporto foi o tema-chave de todas as interven\u00e7\u00f5es do 27.\u00ba anivers\u00e1rio do HSA, no \u00e2mbito de Leiria ser a Cidade Europeia do Desporto 2022.<\/p>\n<p>Lic\u00ednio de Carvalho salientou que \u00aba atividade f\u00edsica representa para o indiv\u00edduo um forte meio de preven\u00e7\u00e3o de doen\u00e7as e para a sociedade um dos m\u00e9todos com melhor custo-efetividade na promo\u00e7\u00e3o da sa\u00fade da popula\u00e7\u00e3o. Cumpre, tamb\u00e9m ao CHL, a todos n\u00f3s, conjuntamente com os diversos intervenientes, promover a atividade desportiva e, tamb\u00e9m neste particular, n\u00e3o podia haver melhor alinhamento estrat\u00e9gico entre o Munic\u00edpio de Leiria e o CHL\u00bb.<\/p>\n<p>O presidente do CA frisou ainda no seu discurso que \u00abo Dia do Hospital de Santo Andr\u00e9 deve ficar, tamb\u00e9m, associado \u00e0s realiza\u00e7\u00f5es feitas e desenvolvidas no \u00faltimo ano e, tamb\u00e9m deste ponto de vista h\u00e1 boas raz\u00f5es para celebrarmos\u00bb. Lic\u00ednio de Carvalho destacou o crescimento em 11% da Consulta Externa (primeiras consultas), o aumento de 16% nas cirurgias e 7,5% no internamento, e a conquista de 98,5% das metas assistenciais do CHL.<\/p>\n<p>\u00abEm 2021, investimos 4,3 milh\u00f5es de euros no CHL, o valor mais elevado desde 2012, dos quais 50% em equipamentos e outro tanto em obras diversas. Tamb\u00e9m foi poss\u00edvel aumentarmos o n\u00famero de colaboradores do CHL (40), atingindo o m\u00e1ximo de sempre: 2.357, embora aqu\u00e9m das reais necessidades desta grande institui\u00e7\u00e3o.\u00bb<\/p>\n<p>O presidente do CA enumerou alguns dos servi\u00e7os rec\u00e9m-criados e elencou os principais projetos e planos para o corrente ano para a presta\u00e7\u00e3o de cuidados diferenciados \u00e0 comunidade que serve: nova Unidade de Cirurgia de Ambulat\u00f3rio; reabilita\u00e7\u00e3o estrutural do Servi\u00e7o de Medicina F\u00edsica e de Reabilita\u00e7\u00e3o; Unidade de Internamento de Cuidados de Convalescen\u00e7a no Hospital Distrital de Pombal; interven\u00e7\u00e3o nos Servi\u00e7os de Urg\u00eancia Geral, Gastrenterologia, Nefrologia, Psiquiatria e Sa\u00fade Mental, Consulta Externa, Equipa Domicili\u00e1ria dos Cuidados Paliativos; in\u00edcio do projeto de implantes cocleares (Otorrinolaringologia) e de pacing (Cardiologia); Unidade de Cuidados Interm\u00e9dios Cir\u00fargicos; altera\u00e7\u00e3o substancial do Hospital de Dia Polivalente, que vai dar capacidade refor\u00e7ada \u00e0 \u00e1rea fundamental do ambulat\u00f3rio; desenvolvimento de v\u00e1rias \u00e1reas funcionais, de geriatria, p\u00e9 diab\u00e9tico, obesidade, insufici\u00eancia card\u00edaca, entre outros.<\/p>\n<div id=\"attachment_16108\" style=\"width: 510px\" class=\"wp-caption alignleft\"><img loading=\"lazy\" decoding=\"async\" aria-describedby=\"caption-attachment-16108\" class=\"wp-image-16108 size-full\" src=\"https:\/\/tintafresca.net\/wp-content\/uploads\/2022\/04\/CHL_dia_Hospital20.jpg\" alt=\"\" width=\"500\" height=\"333\" \/><p id=\"caption-attachment-16108\" class=\"wp-caption-text\">Comemora\u00e7\u00e3o do Dia do Hospital de Santo Andr\u00e9<\/p><\/div>\n<p>\u00abPara este efeito contamos com um plano de investimentos ambicioso, (superior a 13 milh\u00f5es de euros), mas crucial para a assun\u00e7\u00e3o plena das elevadas responsabilidades que temos, com os doentes, e a popula\u00e7\u00e3o em geral, da \u00e1rea de influ\u00eancia\u00bb, sublinhou Lic\u00ednio de Carvalho.<\/p>\n<p>Carlos Palheira, vereador com o pelouro do Desporto da C\u00e2mara Municipal de Leiria, brindou os presentes com o tema \u201cValoriza\u00e7\u00e3o do Desporto em Leiria\u201d, destacando a realidade desportiva da cidade, mostrando o grande associativismo desportivo, os programas desportivos municipais e os principais eventos promovidos ao longo do ano. \u00abO desporto \u00e9 uma \u00e1rea de desenvolvimento comunit\u00e1rio, que funciona como coes\u00e3o do territ\u00f3rio e melhora a qualidade de vida dos cidad\u00e3os. Todos os anos cerca de 200 pessoas da cidade s\u00e3o campe\u00e3s nacionais em diferentes modalidades\u00bb. O vereador salientou ainda toda a conjuntura que serviu de base para a candidatura de Leiria a Cidade Europeia do Desporto 2022, desde os desportistas, oriundos de Leiria, que foram os embaixadores, \u00e0 composi\u00e7\u00e3o da comiss\u00e3o de honra.<\/p>\n<p>A coordenadora do Gabinete de Comunica\u00e7\u00e3o, Helena Vasconcelos, dinamizou uma pequena tert\u00falia que juntou profissionais do HSA que praticam desporto de forma regular e de competi\u00e7\u00e3o, para mostrar de que a forma a pr\u00e1tica do exerc\u00edcio f\u00edsico tem impacto nas suas vidas. Partilharam as suas experi\u00eancias, que muito inspiraram os presentes: o enfermeiro Tiago Batalha, que joga futsal, com internacionaliza\u00e7\u00e3o; o m\u00e9dico Miguel Santos, que se dedica \u00e0 corrida, ao ciclismo e ao triatlo; o enfermeiro Manuel Carreira que pratica atletismo e ciclismo; a neuropsic\u00f3loga Catarina Sintra que faz trail e laser run; e o m\u00e9dico Jo\u00e3o Silva que pratica rugby.<\/p>\n<p>Cl\u00e1udia Caseiro, m\u00e9dica interna de forma\u00e7\u00e3o especializada em Medicina Interna no HSA, e Ricardo Rebelo, professor do Polit\u00e9cnico de Leiria, apresentaram o projeto de investiga\u00e7\u00e3o \u201cEfeito da implementa\u00e7\u00e3o de consulta de prescri\u00e7\u00e3o de exerc\u00edcio e mudan\u00e7a comportamental na sa\u00fade e qualidade de vida em doentes hipertensos e\/ou diab\u00e9ticos\u201d, que est\u00e1 a ser implementado no CHL. O projeto prev\u00ea que os participantes realizem, em primeiro lugar, uma avalia\u00e7\u00e3o cl\u00ednica, em contexto de consulta m\u00e9dica de acompanhamento hospitalar, e ser\u00e3o ent\u00e3o encaminhados para uma consulta de mudan\u00e7a comportamental com um psic\u00f3logo. Por fim, ser\u00e3o orientados para a consulta de prescri\u00e7\u00e3o do exerc\u00edcio com um fisiologista do exerc\u00edcio. O estudo tem como objetivo avaliar os efeitos do exerc\u00edcio f\u00edsico e da mudan\u00e7a comportamental na situa\u00e7\u00e3o cl\u00ednica, aptid\u00e3o f\u00edsica e sa\u00fade mental.<\/p>\n<p>Na v\u00e9spera da sess\u00e3o comemorativa, no dia 21 de abril, o Gabinete de Comunica\u00e7\u00e3o dinamizou um peddy paper, com o mote \u201cPercurso da Hist\u00f3ria da Sa\u00fade em Leiria\u201d, dirigido a colaboradores do HSA, familiares e amigos, e foi anunciada a equipa vencedora \u2013 as representantes do Servi\u00e7o de Medicina F\u00edsica e Reabilita\u00e7\u00e3o do HSA. A sess\u00e3o prosseguiu com a homenagem aos colaboradores do HSA j\u00e1 aposentados.<\/p>\n<p>Gon\u00e7alo Lopes, presidente da C\u00e2mara Municipal de Leiria, encerrou a sess\u00e3o comemorativa, frisando a import\u00e2ncia do Desporto e das equipas de alto desempenho, que faz a diversidade e destaca a import\u00e2ncia do trabalho em equipa. \u00abO sucesso das institui\u00e7\u00f5es e, em particular, da sa\u00fade, \u00e9 quando h\u00e1 trabalho de equipa, h\u00e1 uma necessidade, h\u00e1 uma aposta naquilo que \u00e9 a cria\u00e7\u00e3o do esp\u00edrito de equipa, que \u00e9 constitu\u00edda desde os mais criativos, aos que s\u00e3o mais f\u00edsicos, e dentro da cadeia de valor todos eles contribuem para o sucesso das organiza\u00e7\u00f5es.\u00bb<\/p>\n<p>\u00abA pr\u00e1tica desportiva \u00e9 tamb\u00e9m uma aposta do nosso munic\u00edpio. \u00c9 um bem ao investirmos na sa\u00fade, ao investirmos no desporto estamos tamb\u00e9m a investir na sa\u00fade em termos da preven\u00e7\u00e3o. \u00c9 muito importante ter uma comunidade desperta, n\u00e3o s\u00f3 para as quest\u00f5es relacionadas para o desporto, para a cultura, que tem depois impacto naquilo que \u00e9 o n\u00edvel de vida das pessoas, na sua sa\u00fade mental, sua sa\u00fade f\u00edsica, e essa \u00e9 uma obriga\u00e7\u00e3o cada vez maior por parte dos organismos p\u00fablicos, em especial das autarquias\u00bb, afirmou Gon\u00e7alo Lopes.<\/p>\n<p>\u00abQueremos muito agradecer a escolha deste tema do Desporto, num ano em que Leiria \u00e9 a Cidade Europeia do Desporto, uma aposta que queremos fazer na promo\u00e7\u00e3o da atividade desportiva junto da popula\u00e7\u00e3o, seja dos mais novos aos mais idosos, e em especial a todos aqueles que, por qualquer motivo, ficaram de fora da igualdade de oportunidades\u00bb, acrescentou.<\/p>\n<p>O presidente do munic\u00edpio prestou ainda homenagem aos colaboradores aposentados do HSA \u00abque v\u00e3o come\u00e7ar uma nova etapa da vida. \u00c9 tamb\u00e9m um sinal de reconhecimento desejar \u00e0s pessoas que se reformaram nos \u00faltimos anos os maiores sucessos nesta fase da vossa vida, que \u00e9 tamb\u00e9m desafiante e agradecer ao vosso trabalho em prol da sa\u00fade na nossa regi\u00e3o\u00bb.<\/p>\n<p>\u00abUm \u00faltimo agradecimento a tudo o que foi feito nos \u00faltimos anos no combate \u00e0 pandemia. Houve uma resposta extraordin\u00e1ria naquilo que foi a entreajuda e o trabalho em equipa e aqui entra o elevado n\u00edvel de desempenho. Estou eternamente grato ao trabalho que o Centro Hospitalar de Leiria fez, porque foi not\u00e1vel, senti as preocupa\u00e7\u00f5es di\u00e1rias daquilo que \u00e9 gerir estes servi\u00e7os. Em nome do munic\u00edpio e em meu nome pessoal, muito obrigada pela vossa ajuda e parab\u00e9ns pelo vosso trabalho!\u00bb, rematou Gon\u00e7alo Lopes.<\/p>\n<p><strong>\u00a0 \u00a0 Fonte: Midlandcom<\/strong><\/p>\n","protected":false},"excerpt":{"rendered":"<p>\u00abEste desiderato da relev\u00e2ncia da atividade f\u00edsica e do desporto na sa\u00fade e bem-estar da popula\u00e7\u00e3o, ganha-se com o papel do CHL, com promo\u00e7\u00e3o p\u00fablica, com pr\u00e1tica individual e coletiva e com atividade de investiga\u00e7\u00e3o cient\u00edfica na \u00e1rea, fechando-se o ciclo da cria\u00e7\u00e3o de valor que hoje ficou demonstrado\u00bb, destacou Lic\u00ednio de Carvalho, presidente do [&hellip;]<\/p>\n","protected":false},"author":2,"featured_media":16110,"comment_status":"open","ping_status":"open","sticky":false,"template":"","format":"standard","meta":{"footnotes":""},"categories":[6],"tags":[],"class_list":["post-16106","post","type-post","status-publish","format-standard","has-post-thumbnail","hentry","category-saude"],"_links":{"self":[{"href":"https:\/\/tintafresca.net\/index.php\/wp-json\/wp\/v2\/posts\/16106","targetHints":{"allow":["GET"]}}],"collection":[{"href":"https:\/\/tintafresca.net\/index.php\/wp-json\/wp\/v2\/posts"}],"about":[{"href":"https:\/\/tintafresca.net\/index.php\/wp-json\/wp\/v2\/types\/post"}],"author":[{"embeddable":true,"href":"https:\/\/tintafresca.net\/index.php\/wp-json\/wp\/v2\/users\/2"}],"replies":[{"embeddable":true,"href":"https:\/\/tintafresca.net\/index.php\/wp-json\/wp\/v2\/comments?post=16106"}],"version-history":[{"count":1,"href":"https:\/\/tintafresca.net\/index.php\/wp-json\/wp\/v2\/posts\/16106\/revisions"}],"predecessor-version":[{"id":16109,"href":"https:\/\/tintafresca.net\/index.php\/wp-json\/wp\/v2\/posts\/16106\/revisions\/16109"}],"wp:featuredmedia":[{"embeddable":true,"href":"https:\/\/tintafresca.net\/index.php\/wp-json\/wp\/v2\/media\/16110"}],"wp:attachment":[{"href":"https:\/\/tintafresca.net\/index.php\/wp-json\/wp\/v2\/media?parent=16106"}],"wp:term":[{"taxonomy":"category","embeddable":true,"href":"https:\/\/tintafresca.net\/index.php\/wp-json\/wp\/v2\/categories?post=16106"},{"taxonomy":"post_tag","embeddable":true,"href":"https:\/\/tintafresca.net\/index.php\/wp-json\/wp\/v2\/tags?post=16106"}],"curies":[{"name":"wp","href":"https:\/\/api.w.org\/{rel}","templated":true}]}}