{"id":1613,"date":"2021-02-19T18:59:27","date_gmt":"2021-02-19T18:59:27","guid":{"rendered":"https:\/\/tintafresca.net\/?p=1613"},"modified":"2021-02-19T18:59:27","modified_gmt":"2021-02-19T18:59:27","slug":"camara-da-marinha-grande-e-icnf-cooperam-na-recuperacao-do-pinhal-do-rei","status":"publish","type":"post","link":"https:\/\/tintafresca.net\/index.php\/2021\/02\/19\/camara-da-marinha-grande-e-icnf-cooperam-na-recuperacao-do-pinhal-do-rei\/","title":{"rendered":"C\u00e2mara da Marinha Grande e ICNF cooperam na recupera\u00e7\u00e3o do Pinhal do Rei"},"content":{"rendered":"<div id=\"attachment_1615\" style=\"width: 510px\" class=\"wp-caption alignleft\"><img loading=\"lazy\" decoding=\"async\" aria-describedby=\"caption-attachment-1615\" class=\"wp-image-1615 size-full\" src=\"https:\/\/tintafresca.net\/wp-content\/uploads\/2021\/02\/MG_ICNF20.jpg\" alt=\"\" width=\"500\" height=\"333\" \/><p id=\"caption-attachment-1615\" class=\"wp-caption-text\">Delega\u00e7\u00e3o municipal e do ICNF visitaram o Pinhal do Rei<\/p><\/div>\n<p>A presidente da C\u00e2mara Municipal da Marinha Grande, Cid\u00e1lia Ferreira, est\u00e1 a realizar reuni\u00f5es peri\u00f3dicas com a Diretora Regional da Conserva\u00e7\u00e3o da Natureza e Florestas do Centro, F\u00e1tima Reis Ara\u00fajo, e com t\u00e9cnicos do Instituto da Conserva\u00e7\u00e3o da Natureza e das Florestas (ICNF), para acompanhamento e coordena\u00e7\u00e3o conjunta de a\u00e7\u00f5es a realizar no \u00e2mbito da recupera\u00e7\u00e3o do Pinhal do Rei.<\/p>\n<p>Para a presidente da C\u00e2mara Municipal, Cid\u00e1lia Ferreira, \u201cestas reuni\u00f5es e desloca\u00e7\u00f5es ao Pinhal t\u00eam-se revelado bastante produtivas, na medida em que vamos podendo acompanhar as a\u00e7\u00f5es executadas ou a realizar pelo ICNF, contribuindo tamb\u00e9m para a concretiza\u00e7\u00e3o de algumas delas em estreita parceria e indo ao encontro dos desejos da popula\u00e7\u00e3o e das orienta\u00e7\u00f5es do Observat\u00f3rio do Pinhal do Rei\u201d.<\/p>\n<p>Para a diretora regional do Centro do ICNF, F\u00e1tima Ara\u00fajo Reis, \u201cdado que o Pinhal do Rei \u00e9 patrim\u00f3nio do Estado Portugu\u00eas, gerido pelo Instituto da Conserva\u00e7\u00e3o da Natureza e das Florestas, I. P., os dirigentes deste organismo assumiram a responsabilidade pela implementa\u00e7\u00e3o de a\u00e7\u00f5es concertadas e tendentes a serem implementadas no mais breve prazo poss\u00edvel, segundo uma ordem de prioridade\u201d.<\/p>\n<p>As reuni\u00f5es t\u00eam contado tamb\u00e9m com a presen\u00e7a de t\u00e9cnicos do ICNF, da C\u00e2mara Municipal e representante do Observat\u00f3rio do Pinhal Do Rei.<\/p>\n<p>Recentemente foi realizada uma visita \u00e0 Mata para as representantes e t\u00e9cnicos das duas entidades analisarem o melhor local para instalar um parque de atividades l\u00fadicas e de desporto de aventura na natureza, em S\u00e3o Pedro de Moel, pr\u00f3ximo do Jardim Bambi.<\/p>\n<p>A C\u00e2mara Municipal pretende realizar o respetivo projeto, e por isso em conson\u00e2ncia com o ICNF, foi selecionado o local.<\/p>\n<p><strong>A\u00e7\u00f5es de recupera\u00e7\u00e3o do Pinhal do Rei<\/strong><\/p>\n<p>O ICNF tem realizado interven\u00e7\u00f5es recentes na \u00e1rea devastada pelo inc\u00eandio de 2017 e prepara-se para iniciar outras a muito curto prazo, algumas das quais em tempos reclamadas pelo Observat\u00f3rio do Pinhal do Rei, nomeadamente a transplanta\u00e7\u00e3o j\u00e1 realizada das \u00e1rvores que tinham sido plantadas no \u00e2mbito de uma a\u00e7\u00e3o de voluntariado num aceiro para a bordadura da Lagoa da Cova do Lobo.<\/p>\n<p>Outra das a\u00e7\u00f5es, e que est\u00e1 em curso, \u00e9 a requalifica\u00e7\u00e3o de um antigo Campo de Futebol na Vieira, um espa\u00e7o de utiliza\u00e7\u00e3o regular que se pretende devolver \u00e0 utiliza\u00e7\u00e3o da popula\u00e7\u00e3o de forma a conciliar zonas de desporto e de lazer. A interven\u00e7\u00e3o consiste na limpeza do espa\u00e7o e na planta\u00e7\u00e3o de \u00e1rvores aut\u00f3ctones que possam vir a formar uma cortina arb\u00f3rea \u00e0 estrada e, mais tarde, criar zonas de sombra para os seus utilizadores. O campo ir\u00e1 ser convertido em espa\u00e7o de futebol de sete e prev\u00ea-se a coloca\u00e7\u00e3o de mesas para piquenique.<\/p>\n<p>Durante o m\u00eas de dezembro, foi executada a remo\u00e7\u00e3o de lixo, em diferentes pontos do Pinhal, fazendo-se o apelo para que a Mata n\u00e3o seja local de nova deposi\u00e7\u00e3o de res\u00edduos.<\/p>\n<p>Numa a\u00e7\u00e3o conjunta com a C\u00e2mara Municipal, vai ser requalificada a ponte de madeira, localizada na Ribeira de S. Pedro.<\/p>\n<p>A vegeta\u00e7\u00e3o existente nos v\u00e1rios parques de merendas ser\u00e1 cortada, com recurso ao servi\u00e7o p\u00fablico dos Sapadores Florestais.<\/p>\n<p>Considerando a import\u00e2ncia que a ribeira de S. Pedro de Moel representa no contexto da Mata Nacional de Leiria, prev\u00ea-se a instala\u00e7\u00e3o de pain\u00e9is de divulga\u00e7\u00e3o da fauna e da flora mais representativas do local.<\/p>\n<p>Pretende-se intervir na \u00e1rea envolvente \u00e0 Fonte da Fel\u00edcia, mediante a planta\u00e7\u00e3o de esp\u00e9cie aut\u00f3ctones, corte de \u00e1rvores em risco de queda e poda fitossanit\u00e1ria de algumas \u00e1rvores e instala\u00e7\u00e3o de um percurso pedestre ajustado ao espa\u00e7o.<\/p>\n<p>Junto ao Tremelgo vai ser alvo de beneficia\u00e7\u00e3o, onde se pretende substituir o equipamento de apoio e de lazer que se encontra em mau estado, e a limpeza do espa\u00e7o envolvente, mediante o corte e remo\u00e7\u00e3o do arvoredo queimado e partido. Para al\u00e9m disso, preconiza-se uma poda fitossanit\u00e1ria do eucalipto classificado que se encontra nas imedia\u00e7\u00f5es, como complemento ao projeto PDR2020 elaborado para a \u00e1rea.<\/p>\n<p>Outra das v\u00e1rias a\u00e7\u00f5es j\u00e1 previstas \u00e9 a interven\u00e7\u00e3o na zona de Prote\u00e7\u00e3o do Samouco, para corte e remo\u00e7\u00e3o do arvoredo tombado e sintom\u00e1tico e a subsequente planta\u00e7\u00e3o de esp\u00e9cies aut\u00f3ctones.<\/p>\n<p>Ser\u00e3o ainda intervencionadas outras zonas de lazer junto \u00e0 Ponte Nova e requalificada uma das pontes de madeira junto a uma queda de \u00e1gua.<\/p>\n<p><strong>Fonte: GC|CMMG<\/strong><\/p>\n","protected":false},"excerpt":{"rendered":"<p>A presidente da C\u00e2mara Municipal da Marinha Grande, Cid\u00e1lia Ferreira, est\u00e1 a realizar reuni\u00f5es peri\u00f3dicas com a Diretora Regional da Conserva\u00e7\u00e3o da Natureza e Florestas do Centro, F\u00e1tima Reis Ara\u00fajo, e com t\u00e9cnicos do Instituto da Conserva\u00e7\u00e3o da Natureza e das Florestas (ICNF), para acompanhamento e coordena\u00e7\u00e3o conjunta de a\u00e7\u00f5es a realizar no \u00e2mbito da [&hellip;]<\/p>\n","protected":false},"author":2,"featured_media":1616,"comment_status":"open","ping_status":"open","sticky":false,"template":"","format":"standard","meta":{"footnotes":""},"categories":[9],"tags":[],"class_list":["post-1613","post","type-post","status-publish","format-standard","has-post-thumbnail","hentry","category-ambiente"],"_links":{"self":[{"href":"https:\/\/tintafresca.net\/index.php\/wp-json\/wp\/v2\/posts\/1613","targetHints":{"allow":["GET"]}}],"collection":[{"href":"https:\/\/tintafresca.net\/index.php\/wp-json\/wp\/v2\/posts"}],"about":[{"href":"https:\/\/tintafresca.net\/index.php\/wp-json\/wp\/v2\/types\/post"}],"author":[{"embeddable":true,"href":"https:\/\/tintafresca.net\/index.php\/wp-json\/wp\/v2\/users\/2"}],"replies":[{"embeddable":true,"href":"https:\/\/tintafresca.net\/index.php\/wp-json\/wp\/v2\/comments?post=1613"}],"version-history":[{"count":2,"href":"https:\/\/tintafresca.net\/index.php\/wp-json\/wp\/v2\/posts\/1613\/revisions"}],"predecessor-version":[{"id":1617,"href":"https:\/\/tintafresca.net\/index.php\/wp-json\/wp\/v2\/posts\/1613\/revisions\/1617"}],"wp:featuredmedia":[{"embeddable":true,"href":"https:\/\/tintafresca.net\/index.php\/wp-json\/wp\/v2\/media\/1616"}],"wp:attachment":[{"href":"https:\/\/tintafresca.net\/index.php\/wp-json\/wp\/v2\/media?parent=1613"}],"wp:term":[{"taxonomy":"category","embeddable":true,"href":"https:\/\/tintafresca.net\/index.php\/wp-json\/wp\/v2\/categories?post=1613"},{"taxonomy":"post_tag","embeddable":true,"href":"https:\/\/tintafresca.net\/index.php\/wp-json\/wp\/v2\/tags?post=1613"}],"curies":[{"name":"wp","href":"https:\/\/api.w.org\/{rel}","templated":true}]}}