{"id":16173,"date":"2022-05-01T17:55:03","date_gmt":"2022-05-01T17:55:03","guid":{"rendered":"https:\/\/tintafresca.net\/?p=16173"},"modified":"2022-05-01T22:01:05","modified_gmt":"2022-05-01T22:01:05","slug":"sao-pedro-de-moel-e-praia-velha-voltam-a-ser-galardoadas-com-bandeira-azul-23-anos-depois","status":"publish","type":"post","link":"https:\/\/tintafresca.net\/index.php\/2022\/05\/01\/sao-pedro-de-moel-e-praia-velha-voltam-a-ser-galardoadas-com-bandeira-azul-23-anos-depois\/","title":{"rendered":"S\u00e3o Pedro de Moel e Praia Velha voltam a ser  23 anos depois galardoadas com a Bandeira Azul"},"content":{"rendered":"<div id=\"attachment_16175\" style=\"width: 510px\" class=\"wp-caption alignleft\"><img loading=\"lazy\" decoding=\"async\" aria-describedby=\"caption-attachment-16175\" class=\"wp-image-16175 size-full\" src=\"https:\/\/tintafresca.net\/wp-content\/uploads\/2022\/05\/MG_SaoPedroMoel60.jpg\" alt=\"\" width=\"500\" height=\"333\" \/><p id=\"caption-attachment-16175\" class=\"wp-caption-text\">Praia de S\u00e3o Pedro de Moel<\/p><\/div>\n<p>As praias de S\u00e3o Pedro de Moel e Praia Velha foram galardoadas com a Bandeira Azul, pela Associa\u00e7\u00e3o Bandeira Azul da Europa (ABAE), na sequ\u00eancia da candidatura apresentada pelo Munic\u00edpio da Marinha Grande, que, h\u00e1 23 anos, n\u00e3o concorria ao programa.<\/p>\n<p>O an\u00fancio foi feito esta quinta-feira, 28 de abril, em confer\u00eancia de imprensa, pelo J\u00fari Nacional do Programa Bandeira Azul, que felicita o Munic\u00edpio da Marinha Grande \u201cpelo excelente desempenho na \u00e9poca balnear de 2021, que requereu um envolvimento e um empenho excecionais no cumprimento de regras de seguran\u00e7a, para que todos pudessem usufruir de um local t\u00e3o saud\u00e1vel como s\u00e3o as nossas Praias e solicita o mesmo empenho na \u00e9poca balnear de 2022\u201d.<\/p>\n<p>O presidente da C\u00e2mara Municipal, Aur\u00e9lio Ferreira, congratula-se \u201ccom a atribui\u00e7\u00e3o da Bandeira Azul a S\u00e3o Pedro de Moel e Praia Velha, na sequ\u00eancia da nossa decis\u00e3o de voltar a formular a candidatura a este programa, o que n\u00e3o acontecia h\u00e1 23 anos. Trata-se de uma distin\u00e7\u00e3o importante do ponto de vista ambiental e tur\u00edstico, que avalia crit\u00e9rios como natureza ambiental, seguran\u00e7a, bem-estar, infraestruturas de apoio, informa\u00e7\u00e3o aos utentes e sensibiliza\u00e7\u00e3o ambiental\u201d.<\/p>\n<div id=\"attachment_16176\" style=\"width: 510px\" class=\"wp-caption alignleft\"><img loading=\"lazy\" decoding=\"async\" aria-describedby=\"caption-attachment-16176\" class=\"wp-image-16176 size-full\" src=\"https:\/\/tintafresca.net\/wp-content\/uploads\/2022\/05\/MG_Praia-Velha10.jpg\" alt=\"\" width=\"500\" height=\"333\" \/><p id=\"caption-attachment-16176\" class=\"wp-caption-text\">Praia Velha<\/p><\/div>\n<p>Aur\u00e9lio Ferreira justifica a decis\u00e3o de candidatura com o \u201creconhecimento p\u00fablico deste programa, que confere notoriedade deste s\u00edmbolo de qualidade atribu\u00eddo anualmente \u00e0s praias que cumprem v\u00e1rios e exigentes requisitos, tornando-se, um galard\u00e3o de refer\u00eancia, para as estrat\u00e9gias concelhias de sustentabilidade ambiental, com impacto direto na qualifica\u00e7\u00e3o dos territ\u00f3rios\u201d.<\/p>\n<p>O presidente Aur\u00e9lio Ferreira acrescenta que, \u201cem fun\u00e7\u00e3o do resultado obtido com as duas primeiras praias candidatadas, para a \u00e9poca balnear de 2022, \u00e9 objetivo do Munic\u00edpio desenvolver a\u00e7\u00f5es, para que nos pr\u00f3ximos anos possa candidatar as restantes praias do concelho (Praia da Vieira e Pedras Negras), com crit\u00e9rios de elegibilidade, ao Programa Bandeira Azul\u201d.<\/p>\n<p>O J\u00fari Nacional decidiu, por unanimidade, submeter e recomendar as duas praias do Munic\u00edpio da Marinha Grande ao J\u00fari Internacional do Programa Bandeira Azul 2022 que, ap\u00f3s avalia\u00e7\u00e3o final, aprovou as duas candidaturas da Marinha Grande.<\/p>\n<p>Para este ano, das quatro \u00e1guas balneares monitorizadas pela Administra\u00e7\u00e3o da Regi\u00e3o Hidrogr\u00e1fica do Centro (S\u00e3o Pedro de Moel, Praia Velha, Pedras Negras e Paia da Vieira), a C\u00e2mara Municipal candidatou as duas praias para as quais se considerava haver condi\u00e7\u00f5es de elegibilidade para a pr\u00f3xima \u00e9poca balnear de 2022, para o cumprimento dos 19 crit\u00e9rios obrigat\u00f3rios do Programa Bandeira Azul.<\/p>\n<p><strong> Fonte: GCI|CMMG<\/strong><\/p>\n","protected":false},"excerpt":{"rendered":"<p>As praias de S\u00e3o Pedro de Moel e Praia Velha foram galardoadas com a Bandeira Azul, pela Associa\u00e7\u00e3o Bandeira Azul da Europa (ABAE), na sequ\u00eancia da candidatura apresentada pelo Munic\u00edpio da Marinha Grande, que, h\u00e1 23 anos, n\u00e3o concorria ao programa. O an\u00fancio foi feito esta quinta-feira, 28 de abril, em confer\u00eancia de imprensa, pelo [&hellip;]<\/p>\n","protected":false},"author":2,"featured_media":16177,"comment_status":"open","ping_status":"open","sticky":false,"template":"","format":"standard","meta":{"footnotes":""},"categories":[9],"tags":[],"class_list":["post-16173","post","type-post","status-publish","format-standard","has-post-thumbnail","hentry","category-ambiente"],"_links":{"self":[{"href":"https:\/\/tintafresca.net\/index.php\/wp-json\/wp\/v2\/posts\/16173","targetHints":{"allow":["GET"]}}],"collection":[{"href":"https:\/\/tintafresca.net\/index.php\/wp-json\/wp\/v2\/posts"}],"about":[{"href":"https:\/\/tintafresca.net\/index.php\/wp-json\/wp\/v2\/types\/post"}],"author":[{"embeddable":true,"href":"https:\/\/tintafresca.net\/index.php\/wp-json\/wp\/v2\/users\/2"}],"replies":[{"embeddable":true,"href":"https:\/\/tintafresca.net\/index.php\/wp-json\/wp\/v2\/comments?post=16173"}],"version-history":[{"count":5,"href":"https:\/\/tintafresca.net\/index.php\/wp-json\/wp\/v2\/posts\/16173\/revisions"}],"predecessor-version":[{"id":16181,"href":"https:\/\/tintafresca.net\/index.php\/wp-json\/wp\/v2\/posts\/16173\/revisions\/16181"}],"wp:featuredmedia":[{"embeddable":true,"href":"https:\/\/tintafresca.net\/index.php\/wp-json\/wp\/v2\/media\/16177"}],"wp:attachment":[{"href":"https:\/\/tintafresca.net\/index.php\/wp-json\/wp\/v2\/media?parent=16173"}],"wp:term":[{"taxonomy":"category","embeddable":true,"href":"https:\/\/tintafresca.net\/index.php\/wp-json\/wp\/v2\/categories?post=16173"},{"taxonomy":"post_tag","embeddable":true,"href":"https:\/\/tintafresca.net\/index.php\/wp-json\/wp\/v2\/tags?post=16173"}],"curies":[{"name":"wp","href":"https:\/\/api.w.org\/{rel}","templated":true}]}}