{"id":1618,"date":"2021-02-19T19:51:52","date_gmt":"2021-02-19T19:51:52","guid":{"rendered":"https:\/\/tintafresca.net\/?p=1618"},"modified":"2021-02-19T20:11:28","modified_gmt":"2021-02-19T20:11:28","slug":"paulo-batista-santos-acusa-governo-de-ignorar-a-regiao-de-leiria-no-plano-de-recuperacao-e-resiliencia","status":"publish","type":"post","link":"https:\/\/tintafresca.net\/index.php\/2021\/02\/19\/paulo-batista-santos-acusa-governo-de-ignorar-a-regiao-de-leiria-no-plano-de-recuperacao-e-resiliencia\/","title":{"rendered":"Paulo Batista Santos acusa Governo de ignorar a regi\u00e3o de Leiria no Plano de Recupera\u00e7\u00e3o"},"content":{"rendered":"<div id=\"attachment_1345\" style=\"width: 260px\" class=\"wp-caption alignleft\"><img loading=\"lazy\" decoding=\"async\" aria-describedby=\"caption-attachment-1345\" class=\"wp-image-1345 size-full\" src=\"https:\/\/tintafresca.net\/wp-content\/uploads\/2021\/02\/Batalha_Paulo_SANTOS02.jpg\" alt=\"\" width=\"250\" height=\"306\" \/><p id=\"caption-attachment-1345\" class=\"wp-caption-text\">Paulo Batista Santos<\/p><\/div>\n<p>O presidente da C\u00e2mara Municipal da Batalha e vice-presidente da CIM de Leiria, Paulo Batista Santos, em of\u00edcio remetido ao Governo e Conselho Regional do Centro afirma que o Plano de Recupera\u00e7\u00e3o e Resili\u00eancia (PRR) apresentado pelo Governo \u201cn\u00e3o serve a regi\u00e3o de Leiria em dom\u00ednios essenciais como a sa\u00fade, o ambiente ou no dom\u00ednio das infraestruturas de apoio \u00e0s atividades econ\u00f3micas\u201d.<\/p>\n<p>\u201cO Plano de Recupera\u00e7\u00e3o e Resili\u00eancia (PRR) na vers\u00e3o agora em discuss\u00e3o p\u00fablica ignora projetos estruturantes para a regi\u00e3o de Leiria nas \u00e1reas priorit\u00e1rias definidas pelo Governo junto da Comiss\u00e3o Europeia, numa op\u00e7\u00e3o pol\u00edtica que compromete a recupera\u00e7\u00e3o social e a dinamiza\u00e7\u00e3o econ\u00f3mica de uma regi\u00e3o fortemente atingida pelas consequ\u00eancias da pandemia\u201d, considera Paulo Batista Santos.<\/p>\n<p>O autarca da Batalha defende que o documento apresentado pelo Governo, que entrou na quarta-feira em processo de discuss\u00e3o e ausculta\u00e7\u00e3o p\u00fablica, \u201ccondena as aspira\u00e7\u00f5es das cerca de 300 mil pessoas da regi\u00e3o de Leiria e de toda regi\u00e3o Centro de Portugal, porquanto centraliza os principais investimentos nas \u00e1reas metropolitanas de Lisboa e do Porto\u201d.<\/p>\n<p>Recorde-se que o Conselho Regional do Centro aprovou um documento estrat\u00e9gico subscrito pelas 8 comunidades intermunicipais da regi\u00e3o Centro e remetido ao Governo, com projetos concretos de interven\u00e7\u00e3o a considerar no \u00e2mbito do PRR e que identifica como priorit\u00e1rios, entre outros \u00e0 escala regional, a <u>beneficia\u00e7\u00e3o e amplia\u00e7\u00e3o do Centro Hospitalar de Leiria, Pombal e Alcoba\u00e7a (Hospital Santo Andr\u00e9)<\/u>.<\/p>\n<p>Tamb\u00e9m a Comunidade Intermunicipal da Regi\u00e3o de Leiria apresentou ao Governo a necessidade de equacionar no PRR desenvolvido pelo Governo portugu\u00eas e colocado \u00e0 disposi\u00e7\u00e3o pela Uni\u00e3o Europeia, alguns dos investimentos priorit\u00e1rios como a <u>constru\u00e7\u00e3o da ETES do Lis, um projeto essencial ao plano de despolui\u00e7\u00e3o da bacia hidrogr\u00e1fica do Lis, bem como de regulariza\u00e7\u00e3o do setor pecu\u00e1rio, a cria\u00e7\u00e3o de um Parque de Ci\u00eancia e Inova\u00e7\u00e3o da Regi\u00e3o de Leiria, a moderniza\u00e7\u00e3o e eletrifica\u00e7\u00e3o do tro\u00e7o Caldas da Rainha \u2013 Louri\u00e7al da linha do Oeste<\/u>, tudo projetos que s\u00e3o esquecidos no documento agora apresentado pelo Governo.<\/p>\n<p>O concelho da Batalha \u00e9 igualmente prejudicado neste Plano do Governo, uma vez que sem explica\u00e7\u00e3o t\u00e9cnica ou financeira <u>\u00e9 esquecido o projeto de constru\u00e7\u00e3o do n\u00f3 de liga\u00e7\u00e3o entre A1 e IC9, Leiria\/Batalha\/Our\u00e9m<\/u>, no designado programa de promo\u00e7\u00e3o de investimento e realiza\u00e7\u00e3o das \u201cMissing links\u201d e aumento de capacidade da rede vi\u00e1ria e dinamiza\u00e7\u00e3o da \u00e1rea de localiza\u00e7\u00e3o empresarial de S\u00e3o Mamede, F\u00e1tima e Santa Catarina da Serra.<\/p>\n<p>Acresce que todos estes projetos para a regi\u00e3o de Leiria estavam inscritos no Programa Nacional de Investimentos 2030 (PNI 2030), que foi apresentado pelos Ministros das Infraestruturas e da Habita\u00e7\u00e3o, do Ambiente e da A\u00e7\u00e3o Clim\u00e1tica e da Agricultura, e pelo Primeiro-Ministro, em outubro de 2020, e agora n\u00e3o conhecem tradu\u00e7\u00e3o no PRR, sem qualquer explica\u00e7\u00e3o e com graves consequ\u00eancia para o desenvolvimento da regi\u00e3o.<\/p>\n<p>Para Paulo Batista Santos, edil da Batalha, o \u201cPRR na vers\u00e3o at\u00e9 agora escondida pelo Governo \u00e9 um embuste e um erro colossal, que atrasa a regi\u00e3o de Leiria e ignora as necessidades mais prementes para o processo de recupera\u00e7\u00e3o da nossa regi\u00e3o\u201d. \u201c\u00c9 um plano centralizador que concentra recursos em Lisboa e no Porto, privilegia o financiamento dos organismos do Estado e esquece as empresas, o setor social e a generalidade das regi\u00f5es do pa\u00eds\u201d, acrescenta o autarca.<\/p>\n<p><strong>Fonte: MB<\/strong><\/p>\n","protected":false},"excerpt":{"rendered":"<p>O presidente da C\u00e2mara Municipal da Batalha e vice-presidente da CIM de Leiria, Paulo Batista Santos, em of\u00edcio remetido ao Governo e Conselho Regional do Centro afirma que o Plano de Recupera\u00e7\u00e3o e Resili\u00eancia (PRR) apresentado pelo Governo \u201cn\u00e3o serve a regi\u00e3o de Leiria em dom\u00ednios essenciais como a sa\u00fade, o ambiente ou no dom\u00ednio [&hellip;]<\/p>\n","protected":false},"author":2,"featured_media":1345,"comment_status":"open","ping_status":"open","sticky":false,"template":"","format":"standard","meta":{"footnotes":""},"categories":[7],"tags":[],"class_list":["post-1618","post","type-post","status-publish","format-standard","has-post-thumbnail","hentry","category-economia"],"_links":{"self":[{"href":"https:\/\/tintafresca.net\/index.php\/wp-json\/wp\/v2\/posts\/1618","targetHints":{"allow":["GET"]}}],"collection":[{"href":"https:\/\/tintafresca.net\/index.php\/wp-json\/wp\/v2\/posts"}],"about":[{"href":"https:\/\/tintafresca.net\/index.php\/wp-json\/wp\/v2\/types\/post"}],"author":[{"embeddable":true,"href":"https:\/\/tintafresca.net\/index.php\/wp-json\/wp\/v2\/users\/2"}],"replies":[{"embeddable":true,"href":"https:\/\/tintafresca.net\/index.php\/wp-json\/wp\/v2\/comments?post=1618"}],"version-history":[{"count":5,"href":"https:\/\/tintafresca.net\/index.php\/wp-json\/wp\/v2\/posts\/1618\/revisions"}],"predecessor-version":[{"id":1623,"href":"https:\/\/tintafresca.net\/index.php\/wp-json\/wp\/v2\/posts\/1618\/revisions\/1623"}],"wp:featuredmedia":[{"embeddable":true,"href":"https:\/\/tintafresca.net\/index.php\/wp-json\/wp\/v2\/media\/1345"}],"wp:attachment":[{"href":"https:\/\/tintafresca.net\/index.php\/wp-json\/wp\/v2\/media?parent=1618"}],"wp:term":[{"taxonomy":"category","embeddable":true,"href":"https:\/\/tintafresca.net\/index.php\/wp-json\/wp\/v2\/categories?post=1618"},{"taxonomy":"post_tag","embeddable":true,"href":"https:\/\/tintafresca.net\/index.php\/wp-json\/wp\/v2\/tags?post=1618"}],"curies":[{"name":"wp","href":"https:\/\/api.w.org\/{rel}","templated":true}]}}