{"id":16188,"date":"2022-05-02T07:49:15","date_gmt":"2022-05-02T07:49:15","guid":{"rendered":"https:\/\/tintafresca.net\/?p=16188"},"modified":"2022-05-02T12:33:16","modified_gmt":"2022-05-02T12:33:16","slug":"politecnicos-do-distrito-de-santarem-sem-apoios-do-estado-para-avancar-com-candidaturas-aprovadas","status":"publish","type":"post","link":"https:\/\/tintafresca.net\/index.php\/2022\/05\/02\/politecnicos-do-distrito-de-santarem-sem-apoios-do-estado-para-avancar-com-candidaturas-aprovadas\/","title":{"rendered":"Polit\u00e9cnicos do distrito de Santar\u00e9m sem apoios do Estado para candidaturas j\u00e1 aprovadas"},"content":{"rendered":"<div id=\"attachment_16190\" style=\"width: 510px\" class=\"wp-caption alignleft\"><img loading=\"lazy\" decoding=\"async\" aria-describedby=\"caption-attachment-16190\" class=\"wp-image-16190 size-full\" src=\"https:\/\/tintafresca.net\/wp-content\/uploads\/2022\/05\/IPT10.jpg\" alt=\"\" width=\"500\" height=\"375\" \/><p id=\"caption-attachment-16190\" class=\"wp-caption-text\">Instituto Polit\u00e9cnico de Tomar<\/p><\/div>\n<p>A Distrital do PSD de Santar\u00e9m est\u00e1 preocupada com o que se passa no ensino superior e que tem reflexos negativos nos institutos polit\u00e9cnicos da regi\u00e3o. Vieram informa\u00e7\u00f5es a p\u00fablico, atrav\u00e9s da comunica\u00e7\u00e3o social que, em 2019 os Institutos Polit\u00e9cnicos de Santar\u00e9m (IPS) e de Tomar (IPT) concorreram a financiamento extraordin\u00e1rio de um fundo do Minist\u00e9rio das Finan\u00e7as que s\u00f3 contemplou uma institui\u00e7\u00e3o do ensino superior: o ISCTE, de que o ex-ministro das Finan\u00e7as, Jo\u00e3o Le\u00e3o, foi recentemente nomeado vice-reitor e tamb\u00e9m come\u00e7ou a dar aulas neste instituto universit\u00e1rio.<\/p>\n<p>Recorde-se que em 2019 o IPS e o IPT viram aprovadas v\u00e1rias candidaturas a fundos comunit\u00e1rios, as quais s\u00e3o financiadas apenas em 85% dos custos totais, tendo as institui\u00e7\u00f5es que assumir os restantes 15% atrav\u00e9s do seu pr\u00f3prio or\u00e7amento. No entanto, ambos os polit\u00e9cnicos da regi\u00e3o n\u00e3o tinham condi\u00e7\u00f5es para assumir esta componente, uma vez que em 2019 se encontravam numa situa\u00e7\u00e3o de grave risco or\u00e7amental.<\/p>\n<p>Como forma de resolver este problema e evitar que as candidaturas ficassem sem efeito, estes polit\u00e9cnicos requereram ajuda atrav\u00e9s do Minist\u00e9rio da Ci\u00eancia, Tecnologia e Ensino Superior para aceder a um fundo do Minist\u00e9rio das Finan\u00e7as criado para apoiar institui\u00e7\u00f5es nestas condi\u00e7\u00f5es, sem que tenham recebido qualquer resposta at\u00e9 hoje.<\/p>\n<p>Al\u00e9m disso, a distrital do PSD defende que a desertifica\u00e7\u00e3o do interior deve ser combatida atrav\u00e9s do chamado \u201cdespacho das vagas\u201d, que todos os anos determina o n\u00famero de vagas para as candidaturas ao ensino superior. \u00c9 sabido que se for permitido o aumento acentuado de vagas nos grandes centros urbanos de Lisboa e Porto haver\u00e1, necessariamente, uma redu\u00e7\u00e3o do n\u00famero de estudantes colocados nas regi\u00f5es do interior.<\/p>\n<p>\u201cSe n\u00e3o houver regula\u00e7\u00e3o, a maioria dos jovens vai deslocar-se para os grandes centros urbanos em detrimento das institui\u00e7\u00f5es de ensino superior do interior. O Estado tem que tomar essa medida para assegurar que tamb\u00e9m v\u00e3o estudantes para o interior\u201d, afirma o presidente da Distrital do PSD de Santar\u00e9m, Jo\u00e3o Moura.<\/p>\n<p>Esta preocupa\u00e7\u00e3o ganha mais for\u00e7a quando j\u00e1 foi anunciado por parte do ISCTE a abertura e aumento de 11 novos cursos de licenciaturas, isto apesar de as atuais regras em vigor n\u00e3o o permitir, considerando que sempre que um estabelecimento de ensino superior abre um novo curso compromete-se a encerrar outro curso, para que seja evitado o desequil\u00edbrio em todo o sistema. \u201cO problema \u00e9 que, mais uma vez, o ISCTE contornou a legisla\u00e7\u00e3o em vigor integrando estes novos cursos numa candidatura a um aviso do PRR (Plano de Recupera\u00e7\u00e3o e Resili\u00eancia) aprovado pelo Estado. A discrep\u00e2ncia com o interior vai ser enorme e n\u00e3o h\u00e1 equidade nem forma do interior competir com o ISCTE\u201d, lamenta Jo\u00e3o Moura.<\/p>\n<p>Por \u00faltimo, a distrital do PSD de Santar\u00e9m lamenta que a maioria das candidaturas aprovadas no \u00e2mbito do Programa Alojamento Estudantil a Custos Acess\u00edveis (Aviso n.\u00ba 01\/C02-I06\/2022), com um financiamento total de cerca de 375M\u20ac, tenham sido nos grandes centros urbanos. Desta quantia, uma verba \u201cescassa\u201d vai para os estabelecimentos de ensino do distrito de Santar\u00e9m.<\/p>\n<p>\u201cA C\u00e2mara de Santar\u00e9m, por exemplo, disponibilizou apartamentos para serem transformados em resid\u00eancias de estudantes. O problema \u00e9 que s\u00e3o necess\u00e1rias obras, dinheiro que nem o munic\u00edpio nem o Instituto Polit\u00e9cnico de Santar\u00e9m t\u00eam. \u201cSem comparticipa\u00e7\u00e3o do Estado o Polit\u00e9cnico de Santar\u00e9m n\u00e3o tem capacidade financeira para fazer a obra e fica sem hip\u00f3tese de criar mais camas para estudantes universit\u00e1rios\u201d, concluiu Jo\u00e3o Moura.<\/p>\n<p><strong> \u00a0 Fonte: PSD|Santar\u00e9m<\/strong><\/p>\n","protected":false},"excerpt":{"rendered":"<p>A Distrital do PSD de Santar\u00e9m est\u00e1 preocupada com o que se passa no ensino superior e que tem reflexos negativos nos institutos polit\u00e9cnicos da regi\u00e3o. Vieram informa\u00e7\u00f5es a p\u00fablico, atrav\u00e9s da comunica\u00e7\u00e3o social que, em 2019 os Institutos Polit\u00e9cnicos de Santar\u00e9m (IPS) e de Tomar (IPT) concorreram a financiamento extraordin\u00e1rio de um fundo do [&hellip;]<\/p>\n","protected":false},"author":2,"featured_media":16191,"comment_status":"open","ping_status":"open","sticky":false,"template":"","format":"standard","meta":{"footnotes":""},"categories":[14],"tags":[],"class_list":["post-16188","post","type-post","status-publish","format-standard","has-post-thumbnail","hentry","category-educacao"],"_links":{"self":[{"href":"https:\/\/tintafresca.net\/index.php\/wp-json\/wp\/v2\/posts\/16188","targetHints":{"allow":["GET"]}}],"collection":[{"href":"https:\/\/tintafresca.net\/index.php\/wp-json\/wp\/v2\/posts"}],"about":[{"href":"https:\/\/tintafresca.net\/index.php\/wp-json\/wp\/v2\/types\/post"}],"author":[{"embeddable":true,"href":"https:\/\/tintafresca.net\/index.php\/wp-json\/wp\/v2\/users\/2"}],"replies":[{"embeddable":true,"href":"https:\/\/tintafresca.net\/index.php\/wp-json\/wp\/v2\/comments?post=16188"}],"version-history":[{"count":5,"href":"https:\/\/tintafresca.net\/index.php\/wp-json\/wp\/v2\/posts\/16188\/revisions"}],"predecessor-version":[{"id":16196,"href":"https:\/\/tintafresca.net\/index.php\/wp-json\/wp\/v2\/posts\/16188\/revisions\/16196"}],"wp:featuredmedia":[{"embeddable":true,"href":"https:\/\/tintafresca.net\/index.php\/wp-json\/wp\/v2\/media\/16191"}],"wp:attachment":[{"href":"https:\/\/tintafresca.net\/index.php\/wp-json\/wp\/v2\/media?parent=16188"}],"wp:term":[{"taxonomy":"category","embeddable":true,"href":"https:\/\/tintafresca.net\/index.php\/wp-json\/wp\/v2\/categories?post=16188"},{"taxonomy":"post_tag","embeddable":true,"href":"https:\/\/tintafresca.net\/index.php\/wp-json\/wp\/v2\/tags?post=16188"}],"curies":[{"name":"wp","href":"https:\/\/api.w.org\/{rel}","templated":true}]}}