{"id":1625,"date":"2021-02-20T09:45:25","date_gmt":"2021-02-20T09:45:25","guid":{"rendered":"https:\/\/tintafresca.net\/?p=1625"},"modified":"2021-02-20T09:54:51","modified_gmt":"2021-02-20T09:54:51","slug":"camara-municipal-de-torres-vedras-avanca-com-programa-de-apoio-a-rendas-de-empresas","status":"publish","type":"post","link":"https:\/\/tintafresca.net\/index.php\/2021\/02\/20\/camara-municipal-de-torres-vedras-avanca-com-programa-de-apoio-a-rendas-de-empresas\/","title":{"rendered":"C\u00e2mara Municipal de Torres Vedras avan\u00e7a com programa de apoio a rendas de empresas"},"content":{"rendered":"<div id=\"attachment_1224\" style=\"width: 510px\" class=\"wp-caption alignleft\"><img loading=\"lazy\" decoding=\"async\" aria-describedby=\"caption-attachment-1224\" class=\"wp-image-1224 size-full\" src=\"https:\/\/tintafresca.net\/wp-content\/uploads\/2021\/02\/Camara_Torres_Vedras20.jpg\" alt=\"\" width=\"500\" height=\"375\" \/><p id=\"caption-attachment-1224\" class=\"wp-caption-text\">Sede da C\u00e2mara Municipal de Torres Vedras<\/p><\/div>\n<p>A C\u00e2mara Municipal de Torres Vedras aprovou a cria\u00e7\u00e3o do Programa Municipal de Apoio a Contratos de Arrendamento n\u00e3o Habitacionais e outros Contratos de Explora\u00e7\u00e3o e Utiliza\u00e7\u00e3o de Im\u00f3veis. A medida foi aprovada na reuni\u00e3o do executivo municipal desta quarta-feira, 17 de fevereiro, e tem como objetivo apoiar as micro e pequenas empresas com volume de neg\u00f3cios inferior a 250 mil euros que n\u00e3o re\u00fanem condi\u00e7\u00f5es de acesso ao \u201cAPOIAR Rendas\u201d, financiado pelo COMPETE 2020.<\/p>\n<p>As empresas devem ter sede e estabelecimentos no concelho de Torres Vedras e cumprir os crit\u00e9rios definidos nas regras do programa. A taxa de financiamento pode ser de 30% ou 50%, dependendo da quebra de fatura\u00e7\u00e3o registada:<\/p>\n<ul>\n<li>A taxa de financiamento a atribuir \u00e9 de 30% do valor mensal de refer\u00eancia da renda at\u00e9 ao limite m\u00e1ximo de 300\u20ac\/m\u00eas e por estabelecimento, em casos de quebra de fatura\u00e7\u00e3o entre 15% e 40%<\/li>\n<\/ul>\n<ul>\n<li>A taxa de financiamento a atribuir \u00e9 de 50% do valor mensal de refer\u00eancia da renda\u00a0at\u00e9 ao limite m\u00e1ximo de 500\u20ac\/m\u00eas e por estabelecimento, em casos de quebra de fatura\u00e7\u00e3o superior a 40%<\/li>\n<\/ul>\n<p>Os apoios s\u00e3o atribu\u00eddos sob a forma de subven\u00e7\u00e3o n\u00e3o reembols\u00e1vel num limite m\u00e1ximo de 1000\u20ac\/m\u00eas por empresa.<\/p>\n<p>O programa pretende apoiar as empresas que atuem nos setores mais afetados pela pandemia de COVID-19, contando com 25 mil euros por m\u00eas para a sua implementa\u00e7\u00e3o. A medida estar\u00e1 em vigor durante o per\u00edodo legalmente definido para as medidas excecionais relativas \u00e0 situa\u00e7\u00e3o epidemiol\u00f3gica, suportadas na declara\u00e7\u00e3o de Estado de Emerg\u00eancia.<\/p>\n<p>A submiss\u00e3o de candidaturas tem in\u00edcio na pr\u00f3xima segunda-feira, 22 de fevereiro, devendo ser apresentado o formul\u00e1rio do programa e a documenta\u00e7\u00e3o necess\u00e1ria para validar as condi\u00e7\u00f5es de elegibilidade do apoio. Os documentos devem ser enviados para o\u00a0<em>e-mail<\/em>\u00a0<a href=\"mailto:info@investir-tvedras.pt\">info@investir-tvedras.pt<\/a>. As candidaturas podem ser apresentadas at\u00e9 24 de mar\u00e7o, sendo avaliadas por ordem sequencial at\u00e9 ser esgotada a dota\u00e7\u00e3o financeira alocada ao programa.<\/p>\n<p>Consulte os <a href=\"http:\/\/www.cm-tvedras.pt\/assets\/upload\/paginas\/2021\/02\/19\/programa-municipal-de-apoio-a-contratos-de-arrendamento\/programa-municipal-de-apoio-a-contratos-de-arrendamento.pdf\">crit\u00e9rios e condi\u00e7\u00f5es de elegibilidade<\/a><\/p>\n<p><strong>\u00a0 \u00a0Fonte: ACM|CMTV<\/strong><\/p>\n","protected":false},"excerpt":{"rendered":"<p>A C\u00e2mara Municipal de Torres Vedras aprovou a cria\u00e7\u00e3o do Programa Municipal de Apoio a Contratos de Arrendamento n\u00e3o Habitacionais e outros Contratos de Explora\u00e7\u00e3o e Utiliza\u00e7\u00e3o de Im\u00f3veis. A medida foi aprovada na reuni\u00e3o do executivo municipal desta quarta-feira, 17 de fevereiro, e tem como objetivo apoiar as micro e pequenas empresas com volume [&hellip;]<\/p>\n","protected":false},"author":2,"featured_media":1223,"comment_status":"open","ping_status":"open","sticky":false,"template":"","format":"standard","meta":{"footnotes":""},"categories":[7],"tags":[],"class_list":["post-1625","post","type-post","status-publish","format-standard","has-post-thumbnail","hentry","category-economia"],"_links":{"self":[{"href":"https:\/\/tintafresca.net\/index.php\/wp-json\/wp\/v2\/posts\/1625","targetHints":{"allow":["GET"]}}],"collection":[{"href":"https:\/\/tintafresca.net\/index.php\/wp-json\/wp\/v2\/posts"}],"about":[{"href":"https:\/\/tintafresca.net\/index.php\/wp-json\/wp\/v2\/types\/post"}],"author":[{"embeddable":true,"href":"https:\/\/tintafresca.net\/index.php\/wp-json\/wp\/v2\/users\/2"}],"replies":[{"embeddable":true,"href":"https:\/\/tintafresca.net\/index.php\/wp-json\/wp\/v2\/comments?post=1625"}],"version-history":[{"count":3,"href":"https:\/\/tintafresca.net\/index.php\/wp-json\/wp\/v2\/posts\/1625\/revisions"}],"predecessor-version":[{"id":1628,"href":"https:\/\/tintafresca.net\/index.php\/wp-json\/wp\/v2\/posts\/1625\/revisions\/1628"}],"wp:featuredmedia":[{"embeddable":true,"href":"https:\/\/tintafresca.net\/index.php\/wp-json\/wp\/v2\/media\/1223"}],"wp:attachment":[{"href":"https:\/\/tintafresca.net\/index.php\/wp-json\/wp\/v2\/media?parent=1625"}],"wp:term":[{"taxonomy":"category","embeddable":true,"href":"https:\/\/tintafresca.net\/index.php\/wp-json\/wp\/v2\/categories?post=1625"},{"taxonomy":"post_tag","embeddable":true,"href":"https:\/\/tintafresca.net\/index.php\/wp-json\/wp\/v2\/tags?post=1625"}],"curies":[{"name":"wp","href":"https:\/\/api.w.org\/{rel}","templated":true}]}}