{"id":16255,"date":"2022-05-04T12:11:24","date_gmt":"2022-05-04T12:11:24","guid":{"rendered":"https:\/\/tintafresca.net\/?p=16255"},"modified":"2022-05-04T12:17:33","modified_gmt":"2022-05-04T12:17:33","slug":"profissionais-do-centro-hospitalar-de-leiria-participam-nas-i-jornadas-de-saude-mental-de-leiria","status":"publish","type":"post","link":"https:\/\/tintafresca.net\/index.php\/2022\/05\/04\/profissionais-do-centro-hospitalar-de-leiria-participam-nas-i-jornadas-de-saude-mental-de-leiria\/","title":{"rendered":"Profissionais do Centro Hospitalar de Leiria participam nas I Jornadas de Sa\u00fade Mental de Leiria"},"content":{"rendered":"<div id=\"attachment_14950\" style=\"width: 510px\" class=\"wp-caption alignleft\"><img loading=\"lazy\" decoding=\"async\" aria-describedby=\"caption-attachment-14950\" class=\"wp-image-14950 size-full\" src=\"https:\/\/tintafresca.net\/wp-content\/uploads\/2022\/03\/Alcobaca_Antonio_Sales10.jpg\" alt=\"\" width=\"500\" height=\"333\" \/><p id=\"caption-attachment-14950\" class=\"wp-caption-text\">Ant\u00f3nio Lacerda Sales foi um dos participantes nas I Jornadas de Sa\u00fade Mental<\/p><\/div>\n<p>V\u00e1rios profissionais do Centro Hospitalar de Leiria (CHL) participaram, nos dias 29 e 30 de abril, nas I Jornadas de Sa\u00fade Mental, em Leiria, com o mote \u201cN\u00e3o h\u00e1 Sa\u00fade sem Sa\u00fade Mental\u201d. A iniciativa, organizada pela C\u00e2mara Municipal de Leiria, em conjunto com a sua rede de parceiros, decorreu no CDIL \u2013 Centro de Di\u00e1logo Intercultural de Leiria, na Igreja da Miseric\u00f3rdia.<\/p>\n<p>Estiveram presentes na sess\u00e3o de abertura, entre outras individualidades, o Secret\u00e1rio de Estado Adjunto e da Sa\u00fade, Ant\u00f3nio Sales, que falou da import\u00e2ncia da Sa\u00fade Mental e deu a conhecer medidas neste \u00e2mbito, tendo real\u00e7ado a import\u00e2ncia das equipas comunit\u00e1rias no contexto da Pediatria e da Pedopsiquiatria. O presidente do Conselho de Administra\u00e7\u00e3o do CHL, Lic\u00ednio de Carvalho, abordou a tem\u00e1tica em debate, e ainda apresentou as boas pr\u00e1ticas do CHL no que concerne \u00e0 Psiquiatria, \u00e0 Pedopsiquiatria e \u00e0 Psicologia, real\u00e7ando ainda a import\u00e2ncia das distintas \u00e1reas, em especial, nos per\u00edodos da pandemia.<\/p>\n<p>No painel inaugural interveio Jo\u00e3o Redondo, coordenador regional da Sa\u00fade Mental, que falou das pol\u00edticas atuais. O primeiro painel intitulado \u00abSa\u00fade Mental para Todos: da investiga\u00e7\u00e3o \u00e0 A\u00e7\u00e3o\u00bb contou com a participa\u00e7\u00e3o de Joana Correia, assistente de Psicologia Cl\u00ednica, em representa\u00e7\u00e3o do Servi\u00e7o de Psiquiatria e Sa\u00fade Mental do CHL, que conceptualizou a Psiquiatria, abordou o impacto pand\u00e9mico na Sa\u00fade Mental e apresentou val\u00eancias e resultados na experi\u00eancia do CHL. No mesmo debate, a investigadora Teresa Lluch partilhou programas de autocuidado e houve espa\u00e7o para assistir ao v\u00eddeo da Equipa Aventura Social.<\/p>\n<p>No per\u00edodo da tarde, o segundo painel falou da experi\u00eancia com jovens, \u00abA Sa\u00fade Mental em contexto escolar\u00bb, e foi trabalhada por um grupo multidisciplinar com psiquiatras, psic\u00f3logos, associa\u00e7\u00f5es de interven\u00e7\u00e3o e agentes da educa\u00e7\u00e3o, e entre eles, a diretora do Servi\u00e7o de Pedopsiquiatria do CHL, Gra\u00e7a Milheiro, apresentou a experi\u00eancia local do Servi\u00e7o que dirige.<\/p>\n<p>O segundo dia das Jornadas teve in\u00edcio com o painel \u00abPromo\u00e7\u00e3o da Sa\u00fade Mental &#8211; Boas pr\u00e1ticas na comunidade de Leiria\u00bb, dinamizado pelo Gabinete de A\u00e7\u00e3o Social da C\u00e2mara Municipal de Leiria, contando com o suporte da equipa de escolas, Cuidados Prim\u00e1rios de Sa\u00fade e associa\u00e7\u00f5es de Interven\u00e7\u00e3o Local, que apresentaram o trabalho no terreno. Por fim, na mesa redonda com a tem\u00e1tica \u00abArte e Sa\u00fade Mental\u00bb foram apresentados projetos de interven\u00e7\u00e3o em Sa\u00fade, dando destaque ao projeto Manic\u00f3mio, de Lisboa, e o UPA, projeto da SAMP, de Leiria, que contou a modera\u00e7\u00e3o do enfermeiro-chefe do Servi\u00e7o de Ortopedia II, Lu\u00eds Filipe Oliveira.<\/p>\n<p><strong> Fonte: Midlandcom<\/strong><\/p>\n","protected":false},"excerpt":{"rendered":"<p>V\u00e1rios profissionais do Centro Hospitalar de Leiria (CHL) participaram, nos dias 29 e 30 de abril, nas I Jornadas de Sa\u00fade Mental, em Leiria, com o mote \u201cN\u00e3o h\u00e1 Sa\u00fade sem Sa\u00fade Mental\u201d. A iniciativa, organizada pela C\u00e2mara Municipal de Leiria, em conjunto com a sua rede de parceiros, decorreu no CDIL \u2013 Centro de [&hellip;]<\/p>\n","protected":false},"author":2,"featured_media":11397,"comment_status":"open","ping_status":"open","sticky":false,"template":"","format":"standard","meta":{"footnotes":""},"categories":[6],"tags":[],"class_list":["post-16255","post","type-post","status-publish","format-standard","has-post-thumbnail","hentry","category-saude"],"_links":{"self":[{"href":"https:\/\/tintafresca.net\/index.php\/wp-json\/wp\/v2\/posts\/16255","targetHints":{"allow":["GET"]}}],"collection":[{"href":"https:\/\/tintafresca.net\/index.php\/wp-json\/wp\/v2\/posts"}],"about":[{"href":"https:\/\/tintafresca.net\/index.php\/wp-json\/wp\/v2\/types\/post"}],"author":[{"embeddable":true,"href":"https:\/\/tintafresca.net\/index.php\/wp-json\/wp\/v2\/users\/2"}],"replies":[{"embeddable":true,"href":"https:\/\/tintafresca.net\/index.php\/wp-json\/wp\/v2\/comments?post=16255"}],"version-history":[{"count":3,"href":"https:\/\/tintafresca.net\/index.php\/wp-json\/wp\/v2\/posts\/16255\/revisions"}],"predecessor-version":[{"id":16258,"href":"https:\/\/tintafresca.net\/index.php\/wp-json\/wp\/v2\/posts\/16255\/revisions\/16258"}],"wp:featuredmedia":[{"embeddable":true,"href":"https:\/\/tintafresca.net\/index.php\/wp-json\/wp\/v2\/media\/11397"}],"wp:attachment":[{"href":"https:\/\/tintafresca.net\/index.php\/wp-json\/wp\/v2\/media?parent=16255"}],"wp:term":[{"taxonomy":"category","embeddable":true,"href":"https:\/\/tintafresca.net\/index.php\/wp-json\/wp\/v2\/categories?post=16255"},{"taxonomy":"post_tag","embeddable":true,"href":"https:\/\/tintafresca.net\/index.php\/wp-json\/wp\/v2\/tags?post=16255"}],"curies":[{"name":"wp","href":"https:\/\/api.w.org\/{rel}","templated":true}]}}