{"id":16259,"date":"2022-05-04T17:44:24","date_gmt":"2022-05-04T17:44:24","guid":{"rendered":"https:\/\/tintafresca.net\/?p=16259"},"modified":"2022-05-04T17:51:29","modified_gmt":"2022-05-04T17:51:29","slug":"queda-de-arvores-no-parque-verde-de-alcobaca-interdita-passadico-e-obriga-a-reparacoes","status":"publish","type":"post","link":"https:\/\/tintafresca.net\/index.php\/2022\/05\/04\/queda-de-arvores-no-parque-verde-de-alcobaca-interdita-passadico-e-obriga-a-reparacoes\/","title":{"rendered":"Queda de \u00e1rvores no Parque Verde de Alcoba\u00e7a interdita passadi\u00e7o e obriga a repara\u00e7\u00f5es"},"content":{"rendered":"<div id=\"attachment_16261\" style=\"width: 510px\" class=\"wp-caption alignleft\"><img loading=\"lazy\" decoding=\"async\" aria-describedby=\"caption-attachment-16261\" class=\"wp-image-16261 size-full\" src=\"https:\/\/tintafresca.net\/wp-content\/uploads\/2022\/05\/Alcobaca_Parque_Verde_arvores20.jpg\" alt=\"\" width=\"500\" height=\"375\" \/><p id=\"caption-attachment-16261\" class=\"wp-caption-text\">Queda de \u00e1rvore no passadi\u00e7o do Parque Verde<\/p><\/div>\n<p>A queda de \u00e1rvores no Parque Verde da Cidade de Alcoba\u00e7a, devido aos fortes ventos que se fizeram sentir em meados de abril, motivou a interdi\u00e7\u00e3o do passadi\u00e7o do parque, por quest\u00f5es de seguran\u00e7a. Paulo Mateus, vereador da Prote\u00e7\u00e3o Civil do Munic\u00edpio de Alcoba\u00e7a, esclareceu que os trabalhos de repara\u00e7\u00e3o j\u00e1 est\u00e3o a ser efetuados, devendo estar conclu\u00eddos na pr\u00f3xima semana. O Tinta Fresca questionou tamb\u00e9m o vereador sobre a interdi\u00e7\u00e3o do miradouro do Parque Verde que aguarda obras h\u00e1 quase dois anos, tendo este garantido que os trabalhos j\u00e1 est\u00e3o adjudicados e ter\u00e3o in\u00edcio em breve.<\/p>\n<p>Paulo Mateus adiantou que \u201co munic\u00edpio contratou um arborista para fazer um levantamento das \u00e1rvores que apresentavam risco de queda de forma a minimizar o risco de queda de \u00e1rvores, especialmente os choupos, que s\u00e3o \u00e1rvores que sob a\u00e7\u00e3o de ventos fortes podem cair com alguma facilidade\u201d.<\/p>\n<p>O respons\u00e1vel da Prote\u00e7\u00e3o Civil avan\u00e7ou que \u201co munic\u00edpio fez este trabalho preventivo, mas infelizmente ainda ca\u00edram duas \u00e1rvores aquando do vento forte que se fez sentir h\u00e1 duas semanas atr\u00e1s\u201d, garantindo que \u201co passadi\u00e7o est\u00e1 a ser reparado\u00a0 e no decorrer da pr\u00f3xima semana estar\u00e1 conclu\u00eddo\u201d. O vereador salientou tamb\u00e9m que no \u00e2mbito do \u201cabate de 22 choupos em risco de queda, foram posteriormente plantadas 50 \u00e1rvores na sua maioria aut\u00f3ctones\u201d.<\/p>\n<p>Questionado sobre a demora na repara\u00e7\u00e3o do miradouro do Parque Verde, que se encontra interdito ao p\u00fablico h\u00e1 cerca de dois anos, Paulo Mateus, adiantou que \u201co Miradouro foi constru\u00eddo fora do \u00e2mbito da empreitada do Parque Verde. A repara\u00e7\u00e3o do miradouro j\u00e1 foi adjudicada \u00e0 empresa desde outubro de 2021 mas, devido aos constrangimentos do COVID-19, esta n\u00e3o conseguiu proceder \u00e0s repara\u00e7\u00f5es\u201d, que \u201cser\u00e3o efetuadas depois de terminarem outros trabalhos\u201d.<\/p>\n<p>Paulo Mateus explicou que \u201cos danos do Miradouro foram resultantes de escorregamento da margem do rio pelo que n\u00e3o se enquadram na garantia\u201d e que \u201cdevido aos constrangimentos da pandemia COVID19, o empreiteiro ainda n\u00e3o pode efetuar a obra. O vereador admite que \u201co munic\u00edpio tem pressionado para procederem \u00e0 repara\u00e7\u00e3o mas a justifica\u00e7\u00e3o foi a falta de funcion\u00e1rios devido \u00e0 pandemia\u201d. No entanto, assegura que \u201ca empresa Toscca vai reparar logo que termine uma obra que tem em curso\u201d.<\/p>\n<p><strong> \u00a0 \u00a0M\u00f3nica Alexandre<\/strong><\/p>\n","protected":false},"excerpt":{"rendered":"<p>A queda de \u00e1rvores no Parque Verde da Cidade de Alcoba\u00e7a, devido aos fortes ventos que se fizeram sentir em meados de abril, motivou a interdi\u00e7\u00e3o do passadi\u00e7o do parque, por quest\u00f5es de seguran\u00e7a. Paulo Mateus, vereador da Prote\u00e7\u00e3o Civil do Munic\u00edpio de Alcoba\u00e7a, esclareceu que os trabalhos de repara\u00e7\u00e3o j\u00e1 est\u00e3o a ser efetuados, [&hellip;]<\/p>\n","protected":false},"author":2,"featured_media":16262,"comment_status":"open","ping_status":"open","sticky":false,"template":"","format":"standard","meta":{"footnotes":""},"categories":[9],"tags":[],"class_list":["post-16259","post","type-post","status-publish","format-standard","has-post-thumbnail","hentry","category-ambiente"],"_links":{"self":[{"href":"https:\/\/tintafresca.net\/index.php\/wp-json\/wp\/v2\/posts\/16259","targetHints":{"allow":["GET"]}}],"collection":[{"href":"https:\/\/tintafresca.net\/index.php\/wp-json\/wp\/v2\/posts"}],"about":[{"href":"https:\/\/tintafresca.net\/index.php\/wp-json\/wp\/v2\/types\/post"}],"author":[{"embeddable":true,"href":"https:\/\/tintafresca.net\/index.php\/wp-json\/wp\/v2\/users\/2"}],"replies":[{"embeddable":true,"href":"https:\/\/tintafresca.net\/index.php\/wp-json\/wp\/v2\/comments?post=16259"}],"version-history":[{"count":4,"href":"https:\/\/tintafresca.net\/index.php\/wp-json\/wp\/v2\/posts\/16259\/revisions"}],"predecessor-version":[{"id":16265,"href":"https:\/\/tintafresca.net\/index.php\/wp-json\/wp\/v2\/posts\/16259\/revisions\/16265"}],"wp:featuredmedia":[{"embeddable":true,"href":"https:\/\/tintafresca.net\/index.php\/wp-json\/wp\/v2\/media\/16262"}],"wp:attachment":[{"href":"https:\/\/tintafresca.net\/index.php\/wp-json\/wp\/v2\/media?parent=16259"}],"wp:term":[{"taxonomy":"category","embeddable":true,"href":"https:\/\/tintafresca.net\/index.php\/wp-json\/wp\/v2\/categories?post=16259"},{"taxonomy":"post_tag","embeddable":true,"href":"https:\/\/tintafresca.net\/index.php\/wp-json\/wp\/v2\/tags?post=16259"}],"curies":[{"name":"wp","href":"https:\/\/api.w.org\/{rel}","templated":true}]}}