{"id":16284,"date":"2022-05-05T13:31:44","date_gmt":"2022-05-05T13:31:44","guid":{"rendered":"https:\/\/tintafresca.net\/?p=16284"},"modified":"2022-05-05T13:39:05","modified_gmt":"2022-05-05T13:39:05","slug":"sao-martinho-do-porto-e-paredes-da-vitoria-renovam-a-certificacao-da-bandeira-azul","status":"publish","type":"post","link":"https:\/\/tintafresca.net\/index.php\/2022\/05\/05\/sao-martinho-do-porto-e-paredes-da-vitoria-renovam-a-certificacao-da-bandeira-azul\/","title":{"rendered":"S\u00e3o Martinho do Porto e Paredes da Vit\u00f3ria renovam a certifica\u00e7\u00e3o da Bandeira Azul"},"content":{"rendered":"<div id=\"attachment_16288\" style=\"width: 510px\" class=\"wp-caption alignleft\"><img loading=\"lazy\" decoding=\"async\" aria-describedby=\"caption-attachment-16288\" class=\"wp-image-16288 size-full\" src=\"https:\/\/tintafresca.net\/wp-content\/uploads\/2022\/05\/Alcobaca_SAO-MARTINHO-PORTO10.jpg\" alt=\"\" width=\"500\" height=\"333\" \/><p id=\"caption-attachment-16288\" class=\"wp-caption-text\">Paia de S\u00e3o Martinho do Porto<\/p><\/div>\n<p>A Associa\u00e7\u00e3o Bandeira Azul anunciou recentemente a lista de 2022 das praias galardoadas com a Bandeira Azul. S\u00e3o Martinho e Paredes da Vit\u00f3ria obtiveram uma vez mais esta importante certifica\u00e7\u00e3o que atesta a sua qualidade a n\u00edvel ambiental, seguran\u00e7a e conforto.<\/p>\n<p>Ser\u00e1 a 18\u00aa vez que S\u00e3o Martinho do Porto exibe a Bandeira Azul durante a \u00e9poca balnear ao passo que Paredes da Vit\u00f3ria \u00e9 reconhecida pelo 22\u00ba ano desde a cria\u00e7\u00e3o da certifica\u00e7\u00e3o europeia em 1987, pela Funda\u00e7\u00e3o para a Educa\u00e7\u00e3o Ambiental, com o apoio da Comiss\u00e3o Europeia.<\/p>\n<p>\u201cA reincid\u00eancia deste reconhecimento internacional da qualidade das nossas praias \u00e9 motivo de grande orgulho para o Munic\u00edpio e para os alcobacenses. Ao longo dos anos, a C\u00e2mara Municipal tem investido fortemente na melhoria das condi\u00e7\u00f5es de seguran\u00e7a, acessibilidade e conforto das nossas praias que constituem excelentes op\u00e7\u00f5es de f\u00e9rias quer para os turistas quer para os nossos mun\u00edcipes. Tudo faremos para continuar a honrar a responsabilidade que esta distin\u00e7\u00e3o exige\u201d, afirma o presidente da C\u00e2mara Municipal de Alcoba\u00e7a, Herm\u00ednio Rodrigues.<\/p>\n<div id=\"attachment_16289\" style=\"width: 510px\" class=\"wp-caption alignleft\"><img loading=\"lazy\" decoding=\"async\" aria-describedby=\"caption-attachment-16289\" class=\"wp-image-16289 size-full\" src=\"https:\/\/tintafresca.net\/wp-content\/uploads\/2022\/05\/Alcobaca_PAREDES10.jpg\" alt=\"\" width=\"500\" height=\"333\" \/><p id=\"caption-attachment-16289\" class=\"wp-caption-text\">Praia de Paredes da Vit\u00f3ria<\/p><\/div>\n<p>Ambas as praias do concelho constam numa lista de 431 bandeiras azuis atribu\u00eddas a 393 praias, 18 marinas e 20 embarca\u00e7\u00f5es ecotur\u00edsticas. S\u00e3o mais 21 praias, mais duas marinas e mais nove embarca\u00e7\u00f5es de ecoturismo do que no ano passado.<\/p>\n<p><strong>\u00a0 \u00a0 Fonte: GRPP|CMA<\/strong><\/p>\n","protected":false},"excerpt":{"rendered":"<p>A Associa\u00e7\u00e3o Bandeira Azul anunciou recentemente a lista de 2022 das praias galardoadas com a Bandeira Azul. S\u00e3o Martinho e Paredes da Vit\u00f3ria obtiveram uma vez mais esta importante certifica\u00e7\u00e3o que atesta a sua qualidade a n\u00edvel ambiental, seguran\u00e7a e conforto. Ser\u00e1 a 18\u00aa vez que S\u00e3o Martinho do Porto exibe a Bandeira Azul durante [&hellip;]<\/p>\n","protected":false},"author":2,"featured_media":16291,"comment_status":"open","ping_status":"open","sticky":false,"template":"","format":"standard","meta":{"footnotes":""},"categories":[9],"tags":[],"class_list":["post-16284","post","type-post","status-publish","format-standard","has-post-thumbnail","hentry","category-ambiente"],"_links":{"self":[{"href":"https:\/\/tintafresca.net\/index.php\/wp-json\/wp\/v2\/posts\/16284","targetHints":{"allow":["GET"]}}],"collection":[{"href":"https:\/\/tintafresca.net\/index.php\/wp-json\/wp\/v2\/posts"}],"about":[{"href":"https:\/\/tintafresca.net\/index.php\/wp-json\/wp\/v2\/types\/post"}],"author":[{"embeddable":true,"href":"https:\/\/tintafresca.net\/index.php\/wp-json\/wp\/v2\/users\/2"}],"replies":[{"embeddable":true,"href":"https:\/\/tintafresca.net\/index.php\/wp-json\/wp\/v2\/comments?post=16284"}],"version-history":[{"count":3,"href":"https:\/\/tintafresca.net\/index.php\/wp-json\/wp\/v2\/posts\/16284\/revisions"}],"predecessor-version":[{"id":16290,"href":"https:\/\/tintafresca.net\/index.php\/wp-json\/wp\/v2\/posts\/16284\/revisions\/16290"}],"wp:featuredmedia":[{"embeddable":true,"href":"https:\/\/tintafresca.net\/index.php\/wp-json\/wp\/v2\/media\/16291"}],"wp:attachment":[{"href":"https:\/\/tintafresca.net\/index.php\/wp-json\/wp\/v2\/media?parent=16284"}],"wp:term":[{"taxonomy":"category","embeddable":true,"href":"https:\/\/tintafresca.net\/index.php\/wp-json\/wp\/v2\/categories?post=16284"},{"taxonomy":"post_tag","embeddable":true,"href":"https:\/\/tintafresca.net\/index.php\/wp-json\/wp\/v2\/tags?post=16284"}],"curies":[{"name":"wp","href":"https:\/\/api.w.org\/{rel}","templated":true}]}}