{"id":16369,"date":"2022-05-08T09:40:50","date_gmt":"2022-05-08T09:40:50","guid":{"rendered":"https:\/\/tintafresca.net\/?p=16369"},"modified":"2022-05-08T09:49:51","modified_gmt":"2022-05-08T09:49:51","slug":"centro-2020-aprova-17-projetos-liderados-por-instituicoes-do-sistema-cientifico-e-tecnologico-regional","status":"publish","type":"post","link":"https:\/\/tintafresca.net\/index.php\/2022\/05\/08\/centro-2020-aprova-17-projetos-liderados-por-instituicoes-do-sistema-cientifico-e-tecnologico-regional\/","title":{"rendered":"Centro 2020 aprova 17 projetos para a liga\u00e7\u00e3o entre investiga\u00e7\u00e3o e empresas"},"content":{"rendered":"<div id=\"attachment_16371\" style=\"width: 364px\" class=\"wp-caption alignleft\"><img loading=\"lazy\" decoding=\"async\" aria-describedby=\"caption-attachment-16371\" class=\"wp-image-16371 size-full\" src=\"https:\/\/tintafresca.net\/wp-content\/uploads\/2022\/05\/Leiria_Visita-Manuel_Heitor_CDRSP_IPL_40.jpg\" alt=\"\" width=\"354\" height=\"522\" \/><p id=\"caption-attachment-16371\" class=\"wp-caption-text\">Projetos Prova de Conceito dos Polit\u00e9cnicos de Leiria e Tomar foram tamb\u00e9m aprovados<\/p><\/div>\n<p>A Comiss\u00e3o Diretiva do Programa Centro 2020 aprovou 17 Projetos de Prova de Conceito, projetos liderados por Institui\u00e7\u00f5es do Sistema Cient\u00edfico e Tecnol\u00f3gico regional que promovem a coopera\u00e7\u00e3o entre entidades produtoras de conhecimento e o tecido empresarial.<\/p>\n<p>Dos 17 projetos aprovados, que ter\u00e3o um apoio de fundos da Uni\u00e3o Europeia de cerca de 2 milh\u00f5es de euros, tr\u00eas s\u00e3o da Universidade da Beira Interior, um do Tagusvalley &#8211; Associa\u00e7\u00e3o para a Promo\u00e7\u00e3o e Desenvolvimento do Tecnop\u00f3lo do Vale do Tejo, dois do Instituto Pedro Nunes, cinco da Universidade de Aveiro, tr\u00eas da Universidade de Coimbra, um do Instituto Polit\u00e9cnico de Leiria, um do Instituto Polit\u00e9cnico de Tomar e um do Instituto de Telecomunica\u00e7\u00f5es.<\/p>\n<p>O objetivo destes projetos \u00e9 valorizar o conhecimento j\u00e1 produzido em projetos de investiga\u00e7\u00e3o, nomeadamente atrav\u00e9s da produ\u00e7\u00e3o de prot\u00f3tipos laboratoriais, ensaios ou pr\u00e9-s\u00e9ries semi-industriais, que permitam uma primeira valida\u00e7\u00e3o desses resultados com o objetivo de serem transferidos para o mercado e explorados de forma \u00fatil pelas empresas.<\/p>\n<p>Para assinalar estas aprova\u00e7\u00f5es, <u>no dia 9 de maio, dia da Europa<\/u>, a Comiss\u00e3o Directiva do Programa Centro 20202 realizar\u00e1 uma visita a dois destes projetos:<\/p>\n<ul>\n<li>Projeto \u201cBlueComposite: Utiliza\u00e7\u00e3o de biocomp\u00f3sitos para liberta\u00e7\u00e3o controlada de moduladores microbianos em sistemas de aquicultura de recircula\u00e7\u00e3o (RAS)\u201d da Universidade de Aveiro<\/li>\n<li>Projeto \u201cNanoLIP: Nanopart\u00edculas lip\u00eddicas s\u00f3lidas para o tratamento de tumores cerebrais\u201d da Universidade de Coimbra<\/li>\n<\/ul>\n<p><strong>\u00a0 \u00a0 \u00a0 \u00a0 \u00a0 \u00a0 \u00a0Programa da visita aos projetos financiados<\/strong><\/p>\n<p><strong><u>Aveiro<\/u><\/strong><\/p>\n<ul>\n<li><strong>10h30<\/strong>\u00a0&#8211; Rece\u00e7\u00e3o na Sala do Senado Universidade de Aveiro<br \/>\nAbertura<br \/>\nJo\u00e3o Veloso, Vice-Reitor da Universidade de Aveiro<br \/>\nApresenta\u00e7\u00e3o do projeto<br \/>\n. Newton Gomes, Investigador Principal, Universidade de Aveiro<br \/>\nApresenta\u00e7\u00e3o dos resultados do aviso de concurso para apoio \u00e0s Provas de Conceito<br \/>\nIsabel Damasceno, Presidente da Comiss\u00e3o de Coordena\u00e7\u00e3o e Desenvolvimento Regional do Centro<br \/>\n11.00 horas &#8211; Visita ao Laborat\u00f3rio de Estudos Moleculares e Ambientes Marinhos (LEMAM) da Universidade de Aveiro<\/li>\n<\/ul>\n<p><strong><u>Coimbra<\/u><\/strong><\/p>\n<p><strong>16h30<\/strong>\u00a0&#8211; Rece\u00e7\u00e3o na Sala Garcia D\u2019Orta (Faculdade de Farm\u00e1cia da Universidade de Coimbra)<br \/>\nAbertura<br \/>\n. Am\u00edlcar Falc\u00e3o, Reitor da Universidade de Coimbra<br \/>\n. Fernando Ramos, Diretor da Faculdade de Farm\u00e1cia, Universidade de Coimbra<br \/>\n. Eduardo Bacelar Pinto, Administrador da Ag\u00eancia Nacional de Inova\u00e7\u00e3o S. A<br \/>\nApresenta\u00e7\u00e3o do projeto<br \/>\n. Carla Vitorino, Investigador Principal, Professora Auxiliar, Faculdade de Farm\u00e1cia, Universidade de Coimbra (FFUC)<br \/>\n. Miguel Castelo Branco, Professor Catedr\u00e1tico, Faculdade de Medicina, Universidade de Coimbra, Vice-Diretor do Instituto de Ci\u00eancias Nucleares Aplicadas \u00e0 Sa\u00fade (ICNAS)<br \/>\nApresenta\u00e7\u00e3o dos resultados do aviso de concurso para apoio \u00e0s Provas de Conceito<br \/>\n. Isabel Damasceno, Presidente da Comiss\u00e3o de Coordena\u00e7\u00e3o e Desenvolvimento Regional do Centro.<br \/>\n17.00 horas &#8211; Visita ao Laborat\u00f3rio de Desenvolvimento e Tecnologias do Medicamento (FFUC).<\/p>\n<p><strong> \u00a0 Fonte: CCDR|Centro<\/strong><\/p>\n","protected":false},"excerpt":{"rendered":"<p>A Comiss\u00e3o Diretiva do Programa Centro 2020 aprovou 17 Projetos de Prova de Conceito, projetos liderados por Institui\u00e7\u00f5es do Sistema Cient\u00edfico e Tecnol\u00f3gico regional que promovem a coopera\u00e7\u00e3o entre entidades produtoras de conhecimento e o tecido empresarial. Dos 17 projetos aprovados, que ter\u00e3o um apoio de fundos da Uni\u00e3o Europeia de cerca de 2 milh\u00f5es [&hellip;]<\/p>\n","protected":false},"author":2,"featured_media":16372,"comment_status":"open","ping_status":"open","sticky":false,"template":"","format":"standard","meta":{"footnotes":""},"categories":[7,14],"tags":[],"class_list":["post-16369","post","type-post","status-publish","format-standard","has-post-thumbnail","hentry","category-economia","category-educacao"],"_links":{"self":[{"href":"https:\/\/tintafresca.net\/index.php\/wp-json\/wp\/v2\/posts\/16369","targetHints":{"allow":["GET"]}}],"collection":[{"href":"https:\/\/tintafresca.net\/index.php\/wp-json\/wp\/v2\/posts"}],"about":[{"href":"https:\/\/tintafresca.net\/index.php\/wp-json\/wp\/v2\/types\/post"}],"author":[{"embeddable":true,"href":"https:\/\/tintafresca.net\/index.php\/wp-json\/wp\/v2\/users\/2"}],"replies":[{"embeddable":true,"href":"https:\/\/tintafresca.net\/index.php\/wp-json\/wp\/v2\/comments?post=16369"}],"version-history":[{"count":3,"href":"https:\/\/tintafresca.net\/index.php\/wp-json\/wp\/v2\/posts\/16369\/revisions"}],"predecessor-version":[{"id":16374,"href":"https:\/\/tintafresca.net\/index.php\/wp-json\/wp\/v2\/posts\/16369\/revisions\/16374"}],"wp:featuredmedia":[{"embeddable":true,"href":"https:\/\/tintafresca.net\/index.php\/wp-json\/wp\/v2\/media\/16372"}],"wp:attachment":[{"href":"https:\/\/tintafresca.net\/index.php\/wp-json\/wp\/v2\/media?parent=16369"}],"wp:term":[{"taxonomy":"category","embeddable":true,"href":"https:\/\/tintafresca.net\/index.php\/wp-json\/wp\/v2\/categories?post=16369"},{"taxonomy":"post_tag","embeddable":true,"href":"https:\/\/tintafresca.net\/index.php\/wp-json\/wp\/v2\/tags?post=16369"}],"curies":[{"name":"wp","href":"https:\/\/api.w.org\/{rel}","templated":true}]}}