{"id":16380,"date":"2022-05-08T13:57:19","date_gmt":"2022-05-08T13:57:19","guid":{"rendered":"https:\/\/tintafresca.net\/?p=16380"},"modified":"2022-05-08T13:59:21","modified_gmt":"2022-05-08T13:59:21","slug":"turismo-centro-de-portugal-publica-livro-para-promover-a-regiao-como-destino-dos-nomadas-digitais","status":"publish","type":"post","link":"https:\/\/tintafresca.net\/index.php\/2022\/05\/08\/turismo-centro-de-portugal-publica-livro-para-promover-a-regiao-como-destino-dos-nomadas-digitais\/","title":{"rendered":"Turismo Centro de Portugal publica livro para promover a regi\u00e3o como destino dos &#8220;n\u00f3madas digitais&#8221;"},"content":{"rendered":"<div id=\"attachment_16382\" style=\"width: 510px\" class=\"wp-caption alignleft\"><img loading=\"lazy\" decoding=\"async\" aria-describedby=\"caption-attachment-16382\" class=\"wp-image-16382 size-full\" src=\"https:\/\/tintafresca.net\/wp-content\/uploads\/2022\/05\/Peniche_TCP_nomadas_digitais10.jpg\" alt=\"\" width=\"500\" height=\"706\" \/><p id=\"caption-attachment-16382\" class=\"wp-caption-text\">Capa do livro<\/p><\/div>\n<p>O Turismo Centro de Portugal promove o lan\u00e7amento do livro \u201cWork From Centro de Portugal\u201d, que ter\u00e1 lugar no dia 10 de maio, a partir das 11h, no Hotel Selina Peniche.<\/p>\n<p>Este livro resulta de uma iniciativa da Turismo Centro de Portugal, que visa promover a regi\u00e3o como destino preferencial para os chamados &#8220;n\u00f3madas digitais&#8221;, que fazem do seu port\u00e1til o local do trabalho. Nas suas p\u00e1ginas contam-se as hist\u00f3rias de pessoas que mostram como \u00e9 viver e trabalhar no Centro de Portugal.<\/p>\n<p>O lan\u00e7amento contar\u00e1 com interven\u00e7\u00f5es da secret\u00e1ria de Estado do Turismo,\u00a0Rita Marques, e do presidente da Turismo Centro de Portugal,\u00a0Pedro Machado, na sess\u00e3o de encerramento. Antes, uma mesa-redonda juntar\u00e1\u00a0Carlos Bernardo<strong>,<\/strong> um dos autores do projeto,\u00a0Larissa Amaral\u00a0e\u00a0Filipe de Moraes, n\u00f3madas digitais, e\u00a0Filipa Cardoso, diretora do Departamento de Comunica\u00e7\u00e3o e Marketing Digital do Turismo de Portugal.<\/p>\n<p><strong>\u00a0 Fonte: TCP e PV<\/strong><\/p>\n","protected":false},"excerpt":{"rendered":"<p>O Turismo Centro de Portugal promove o lan\u00e7amento do livro \u201cWork From Centro de Portugal\u201d, que ter\u00e1 lugar no dia 10 de maio, a partir das 11h, no Hotel Selina Peniche. Este livro resulta de uma iniciativa da Turismo Centro de Portugal, que visa promover a regi\u00e3o como destino preferencial para os chamados &#8220;n\u00f3madas digitais&#8221;, [&hellip;]<\/p>\n","protected":false},"author":2,"featured_media":16383,"comment_status":"open","ping_status":"open","sticky":false,"template":"","format":"standard","meta":{"footnotes":""},"categories":[7,11],"tags":[],"class_list":["post-16380","post","type-post","status-publish","format-standard","has-post-thumbnail","hentry","category-economia","category-sociedade"],"_links":{"self":[{"href":"https:\/\/tintafresca.net\/index.php\/wp-json\/wp\/v2\/posts\/16380","targetHints":{"allow":["GET"]}}],"collection":[{"href":"https:\/\/tintafresca.net\/index.php\/wp-json\/wp\/v2\/posts"}],"about":[{"href":"https:\/\/tintafresca.net\/index.php\/wp-json\/wp\/v2\/types\/post"}],"author":[{"embeddable":true,"href":"https:\/\/tintafresca.net\/index.php\/wp-json\/wp\/v2\/users\/2"}],"replies":[{"embeddable":true,"href":"https:\/\/tintafresca.net\/index.php\/wp-json\/wp\/v2\/comments?post=16380"}],"version-history":[{"count":2,"href":"https:\/\/tintafresca.net\/index.php\/wp-json\/wp\/v2\/posts\/16380\/revisions"}],"predecessor-version":[{"id":16384,"href":"https:\/\/tintafresca.net\/index.php\/wp-json\/wp\/v2\/posts\/16380\/revisions\/16384"}],"wp:featuredmedia":[{"embeddable":true,"href":"https:\/\/tintafresca.net\/index.php\/wp-json\/wp\/v2\/media\/16383"}],"wp:attachment":[{"href":"https:\/\/tintafresca.net\/index.php\/wp-json\/wp\/v2\/media?parent=16380"}],"wp:term":[{"taxonomy":"category","embeddable":true,"href":"https:\/\/tintafresca.net\/index.php\/wp-json\/wp\/v2\/categories?post=16380"},{"taxonomy":"post_tag","embeddable":true,"href":"https:\/\/tintafresca.net\/index.php\/wp-json\/wp\/v2\/tags?post=16380"}],"curies":[{"name":"wp","href":"https:\/\/api.w.org\/{rel}","templated":true}]}}