{"id":16404,"date":"2022-05-09T17:22:53","date_gmt":"2022-05-09T17:22:53","guid":{"rendered":"https:\/\/tintafresca.net\/?p=16404"},"modified":"2022-05-10T09:37:32","modified_gmt":"2022-05-10T09:37:32","slug":"centro-hospitalar-de-leiria-encerra-as-areas-dedicadas-a-doentes-com-suspeita-de-infecao-respiratoria","status":"publish","type":"post","link":"https:\/\/tintafresca.net\/index.php\/2022\/05\/09\/centro-hospitalar-de-leiria-encerra-as-areas-dedicadas-a-doentes-com-suspeita-de-infecao-respiratoria\/","title":{"rendered":"Centro Hospitalar de Leiria fecha \u00e1reas dedicadas a doentes com suspeita de Infe\u00e7\u00e3o Respirat\u00f3ria"},"content":{"rendered":"<div id=\"attachment_10131\" style=\"width: 510px\" class=\"wp-caption alignleft\"><img loading=\"lazy\" decoding=\"async\" aria-describedby=\"caption-attachment-10131\" class=\"wp-image-10131 size-full\" src=\"https:\/\/tintafresca.net\/wp-content\/uploads\/2021\/10\/Hospital-de-Santo-Andre-Leiria10.jpg\" alt=\"\" width=\"500\" height=\"375\" srcset=\"https:\/\/tintafresca.net\/wp-content\/uploads\/2021\/10\/Hospital-de-Santo-Andre-Leiria10.jpg 500w, https:\/\/tintafresca.net\/wp-content\/uploads\/2021\/10\/Hospital-de-Santo-Andre-Leiria10-300x225.jpg 300w\" sizes=\"auto, (max-width: 500px) 100vw, 500px\" \/><p id=\"caption-attachment-10131\" class=\"wp-caption-text\">Hospital de Santo Andr\u00e9<\/p><\/div>\n<p>O Centro Hospitalar de Leiria (CHL) vai encerrar as \u00c1reas Dedicadas a Doentes com suspeita de Infe\u00e7\u00e3o Respirat\u00f3ria Aguda (ADR), assim como as \u00e1reas dedicadas Covid-19 nos internamentos, com exce\u00e7\u00e3o no Bloco de Partos e no Servi\u00e7o de Medicina Intensiva, e adaptar os circuitos e medidas de preven\u00e7\u00e3o e controlo de infe\u00e7\u00e3o nos Servi\u00e7os de Urg\u00eancia e internamento hospitalar. Esta delibera\u00e7\u00e3o do Conselho de Administra\u00e7\u00e3o cumpre a norma da Dire\u00e7\u00e3o-Geral de Sa\u00fade n.\u00ba 004\/2020 atualizada a 21 de abril de 2022.<\/p>\n<p>A \u00c1rea Dedicada a Doentes com suspeita de Infe\u00e7\u00e3o Respirat\u00f3ria Aguda do Servi\u00e7o de Urg\u00eancia Geral (SUG) encerra \u00e0s 8h00 do dia 10 de maio, passando a vigorar o circuito interno de encaminhamento do doente respirat\u00f3rio no SUG. O Servi\u00e7o de Urg\u00eancia Pedi\u00e1trica deixa de ter uma \u00e1rea destinada aos doentes com suspeita ou confirma\u00e7\u00e3o de Covid-19 (sala de espera e observa\u00e7\u00e3o), mantendo as medidas de preven\u00e7\u00e3o e controlo de infe\u00e7\u00e3o, e reservando uma \u00e1rea para realiza\u00e7\u00e3o dos testes adequados para Covid-19. No internamento do Servi\u00e7o de Pediatria \u00e9 garantido o isolamento de got\u00edculas ou de via a\u00e9rea, conforme a necessidade.<\/p>\n<p>De acordo com as orienta\u00e7\u00f5es do Grupo Coordenador Local do Programa de Preven\u00e7\u00e3o e Controlo de Infe\u00e7\u00f5es e de Resist\u00eancia ao Antimicrobianos (GCL-PPCIRA) do CHL, as tr\u00eas unidades hospitalares devem garantir que o internamento dos utentes com suspeita ou confirma\u00e7\u00e3o de infe\u00e7\u00e3o por SARS-CoV-2 ocorra em seguran\u00e7a, com a implementa\u00e7\u00e3o de medidas de preven\u00e7\u00e3o e controlo de infe\u00e7\u00e3o, com a utiliza\u00e7\u00e3o de equipamentos de prote\u00e7\u00e3o individual adequados pelos profissionais de sa\u00fade, higiene das m\u00e3os e uso de m\u00e1scara cir\u00fargica por todos os utentes.<\/p>\n<p>Os cuidados aos doentes com infe\u00e7\u00e3o por SARS-CoV-2 que necessitam de internamento ser\u00e3o assumidos pelos servi\u00e7os de cada especialidade, tendo em considera\u00e7\u00e3o que nos doentes que n\u00e3o necessitem ou n\u00e3o se preveja a necessidade de procedimentos geradores de aeross\u00f3is, o internamento deve ser efetuado com medidas de isolamento de got\u00edculas e de contacto, em quartos ou coortes espec\u00edficos.<\/p>\n<p>Por sua vez, nos doentes que necessitem ou se preveja a necessidade de procedimentos geradores de aeross\u00f3is, o internamento deve ser efetuado com medidas de isolamento da via \u00e1rea e de contacto, em quartos ou coortes espec\u00edficos (quartos de press\u00e3o negativa, por exemplo).<\/p>\n<p>Por fim, os doentes que necessitem de cuidados muito diferenciados, devem ser internados em zonas dedicadas destas unidades (como o Servi\u00e7o de Medicina Intensiva, Unidade de AVC ou Unidade de Neurocr\u00edticos), para garantir em simult\u00e2neo a adequa\u00e7\u00e3o presta\u00e7\u00e3o de cuidados de sa\u00fade diferenciados e das medidas de preven\u00e7\u00e3o e controlo de infe\u00e7\u00e3o.<\/p>\n<p><strong> \u00a0 \u00a0 \u00a0Fonte: Midlandcom<\/strong><\/p>\n","protected":false},"excerpt":{"rendered":"<p>O Centro Hospitalar de Leiria (CHL) vai encerrar as \u00c1reas Dedicadas a Doentes com suspeita de Infe\u00e7\u00e3o Respirat\u00f3ria Aguda (ADR), assim como as \u00e1reas dedicadas Covid-19 nos internamentos, com exce\u00e7\u00e3o no Bloco de Partos e no Servi\u00e7o de Medicina Intensiva, e adaptar os circuitos e medidas de preven\u00e7\u00e3o e controlo de infe\u00e7\u00e3o nos Servi\u00e7os de [&hellip;]<\/p>\n","protected":false},"author":2,"featured_media":11443,"comment_status":"open","ping_status":"open","sticky":false,"template":"","format":"standard","meta":{"footnotes":""},"categories":[6],"tags":[],"class_list":["post-16404","post","type-post","status-publish","format-standard","has-post-thumbnail","hentry","category-saude"],"_links":{"self":[{"href":"https:\/\/tintafresca.net\/index.php\/wp-json\/wp\/v2\/posts\/16404","targetHints":{"allow":["GET"]}}],"collection":[{"href":"https:\/\/tintafresca.net\/index.php\/wp-json\/wp\/v2\/posts"}],"about":[{"href":"https:\/\/tintafresca.net\/index.php\/wp-json\/wp\/v2\/types\/post"}],"author":[{"embeddable":true,"href":"https:\/\/tintafresca.net\/index.php\/wp-json\/wp\/v2\/users\/2"}],"replies":[{"embeddable":true,"href":"https:\/\/tintafresca.net\/index.php\/wp-json\/wp\/v2\/comments?post=16404"}],"version-history":[{"count":5,"href":"https:\/\/tintafresca.net\/index.php\/wp-json\/wp\/v2\/posts\/16404\/revisions"}],"predecessor-version":[{"id":16409,"href":"https:\/\/tintafresca.net\/index.php\/wp-json\/wp\/v2\/posts\/16404\/revisions\/16409"}],"wp:featuredmedia":[{"embeddable":true,"href":"https:\/\/tintafresca.net\/index.php\/wp-json\/wp\/v2\/media\/11443"}],"wp:attachment":[{"href":"https:\/\/tintafresca.net\/index.php\/wp-json\/wp\/v2\/media?parent=16404"}],"wp:term":[{"taxonomy":"category","embeddable":true,"href":"https:\/\/tintafresca.net\/index.php\/wp-json\/wp\/v2\/categories?post=16404"},{"taxonomy":"post_tag","embeddable":true,"href":"https:\/\/tintafresca.net\/index.php\/wp-json\/wp\/v2\/tags?post=16404"}],"curies":[{"name":"wp","href":"https:\/\/api.w.org\/{rel}","templated":true}]}}