{"id":16433,"date":"2022-05-10T18:29:03","date_gmt":"2022-05-10T18:29:03","guid":{"rendered":"https:\/\/tintafresca.net\/?p=16433"},"modified":"2022-05-10T19:11:09","modified_gmt":"2022-05-10T19:11:09","slug":"festival-nazare-mares-de-maio-2022-junta-cultura-e-ambiente-durante-um-mes-inteiro","status":"publish","type":"post","link":"https:\/\/tintafresca.net\/index.php\/2022\/05\/10\/festival-nazare-mares-de-maio-2022-junta-cultura-e-ambiente-durante-um-mes-inteiro\/","title":{"rendered":"Festival Nazar\u00e9 Mar\u00e9s de Maio 2022 junta cultura e ambiente durante um m\u00eas inteiro"},"content":{"rendered":"<div id=\"attachment_16435\" style=\"width: 510px\" class=\"wp-caption alignleft\"><img loading=\"lazy\" decoding=\"async\" aria-describedby=\"caption-attachment-16435\" class=\"wp-image-16435 size-full\" src=\"https:\/\/tintafresca.net\/wp-content\/uploads\/2022\/05\/Nazare_maio10.jpg\" alt=\"\" width=\"500\" height=\"700\" \/><p id=\"caption-attachment-16435\" class=\"wp-caption-text\">Cartaz<\/p><\/div>\n<p>O IV Nazar\u00e9 Mar\u00e9s de Maio 2022 inaugurou tr\u00eas exposi\u00e7\u00f5es que estar\u00e3o patentes ao p\u00fablico at\u00e9 31 de maio: \u00abBiodiversidade com Arte\u00bb (Mar Alto), \u00abMaria do Mar &#8211; Capsula do Tempo &#8211; A Nazar\u00e9 Hoje\u00bb (Teatro Chaby Pinheiro) e \u00abPescadores e Aves Marinhas, Aliados por um Mar Sustent\u00e1vel\u00bb (Externato Dom Fuas Roupinho). Al\u00e9m disso, realizaram-se mais duas iniciativas integradas no festival.<\/p>\n<p>Assim, no dia 6 de maio, de manh\u00e3, numa iniciativa pedida pelo Externato Dom Fuas Roupinho e idealizada pela Associa\u00e7\u00e3o Nazar\u00e9 Mar\u00e9s de Maio e parceiros, realizou-se o \u00abEspecial Multim\u00e9dia Maritima\u00bb sob o lema &#8220;A comunica\u00e7\u00e3o multim\u00e9dia facilita a compreens\u00e3o e a aprendizagem&#8221;, preparada especialmente para os alunos de Inform\u00e1tica do Externato Dom Fuas Roupinho.<\/p>\n<p>A iniciativa consistiu numa viagem mar\u00edtima dando a conhecer aves marinhas, o Canh\u00e3o da Nazar\u00e9, o promont\u00f3rio e a sua biodiversidade e uma visita \u00e0 zona de pesqueiros com o objetivo de os incentivar para a capacidade de observa\u00e7\u00e3o e desafiar a criatividade no \u00e2mbito da fotografia e v\u00eddeo para uma melhor ilustra\u00e7\u00e3o do meio marinho e fomentar o seu crescimento e desenvolvimento, para al\u00e9m de procurar lan\u00e7ar o debate e a reflex\u00e3o da sociedade para a necessidade de conhecer, promover e preservar a biodiversidade marinha. O trabalho realizado ser\u00e1 posteriormente discutido em sala.<\/p>\n<p>As iniciativas sucedem-se e no pr\u00f3ximo dia 12 haver\u00e1 uma aula aberta ao ar livre para a comunidade escolar sob a forma de jornada de explora\u00e7\u00e3o \u00abExpedi\u00e7\u00e3o Serra da Pescaria\u00bb visitando a Serra da Pescaria, onde observar\u00e3o a flora e fauna selvagem da primavera, o conjunto de f\u00f3sseis, essencialmente marinhos como bivalves, corais, ouri\u00e7os do mar, etc. e a pedreira para observa\u00e7\u00e3o das pistas dos dinossauros.<\/p>\n<p>No dia 13, em sala, haver\u00e1 uma aula aberta para a comunidade escolar sobre o \u00abDia da L\u00edngua Portuguesa\u00bb, no \u00e2mbito do Dia Mundial da L\u00edngua Portuguesa celebrada em 5 de Maio, sendo a aula prestada pela Cam\u00f5es Instituto da Coopera\u00e7\u00e3o e da L\u00edngua, do Minist\u00e9rio de Neg\u00f3cios Estrangeiros.<\/p>\n<p>Porque as iniciativas do IV Nazar\u00e9 Mar\u00e9s de Maio 2022 n\u00e3o se ficam por aqui, n\u00e3o esquecer no dia 20, dia em que se celebra dia europeu do mar, a realiza\u00e7\u00e3o do \u00abDia Escolar do Mar\u00bb no porto da Nazar\u00e9 e \u00e0 noite uma espetacular noite de fados com a tem\u00e1tica \u00abmar\u00bb coreografado pelo Grupo de Dan\u00e7as e Cantares da Nazar\u00e9 \u00abO Fado que o Mar nos deu\u00bb onde Maria Gandayo e seus convidados interpretar\u00e3o can\u00e7\u00f5es do report\u00f3rio da Am\u00e1lia Rodrigues, Celeste Rodrigues, Trist\u00e3o da Silva, Carlos Ramos, Tony de Matos, Alfredo Monderrey, Ana Moura e outras can\u00e7\u00f5es da sua autoria.<\/p>\n<p>No dia 30 e 31 de maio, \u00abO Pescador, A Pesca, O Mar E A Escola\u00bb far\u00e1 as honras de encerramento do IV Nazar\u00e9 Mar\u00e9s de Maio 2022, numa aula aberta com a participa\u00e7\u00e3o da Marinha Portuguesa, For-Mar, Docapesca, Nazar\u00e9 Onda_Wave, Associa\u00e7\u00e3o Biblioteca da Nazar\u00e9 e Centro Biomarinho da Nazar\u00e9.<\/p>\n<p>Ainda no \u00e2mbito do Ciclo de Confer\u00eancias 2022 &#8211; Cidadania e Desenvolvimento que integra o IV Nazar\u00e9 Mar\u00e9s de Maio 2022 n\u00e3o esquecer que no dia 21 de maio, pelas 15 horas, no Pal\u00e1cio Real da Confraria de Nossa Senhora da Nazar\u00e9 haver\u00e1 a confer\u00eancia \u00abBiodiversidade: Altera\u00e7\u00f5es Clim\u00e1ticas e Consequ\u00eancias Ambientais\u00bb com a participa\u00e7\u00e3o de Carlos Antunes, matem\u00e1tico e investigador (Faculdade de Ci\u00eancias de Lisboa), Filomena Carvalho, docente da Escola Superior de Tecnologia e Gest\u00e3o (Polit\u00e9cnico de Leiria), Neide P Areia, Alexandre O. Tavares e Pedro J. M.<\/p>\n<p><em>A <\/em>organiza\u00e7\u00e3o \u00e9 da Nazar\u00e9 Mar\u00e9s de Maio &#8211; Associa\u00e7\u00e3o para o Desenvolvimento Integrado do Concelho da Nazar\u00e9.<\/p>\n","protected":false},"excerpt":{"rendered":"<p>O IV Nazar\u00e9 Mar\u00e9s de Maio 2022 inaugurou tr\u00eas exposi\u00e7\u00f5es que estar\u00e3o patentes ao p\u00fablico at\u00e9 31 de maio: \u00abBiodiversidade com Arte\u00bb (Mar Alto), \u00abMaria do Mar &#8211; Capsula do Tempo &#8211; A Nazar\u00e9 Hoje\u00bb (Teatro Chaby Pinheiro) e \u00abPescadores e Aves Marinhas, Aliados por um Mar Sustent\u00e1vel\u00bb (Externato Dom Fuas Roupinho). Al\u00e9m disso, realizaram-se [&hellip;]<\/p>\n","protected":false},"author":2,"featured_media":16436,"comment_status":"open","ping_status":"open","sticky":false,"template":"","format":"standard","meta":{"footnotes":""},"categories":[9,14],"tags":[],"class_list":["post-16433","post","type-post","status-publish","format-standard","has-post-thumbnail","hentry","category-ambiente","category-educacao"],"_links":{"self":[{"href":"https:\/\/tintafresca.net\/index.php\/wp-json\/wp\/v2\/posts\/16433","targetHints":{"allow":["GET"]}}],"collection":[{"href":"https:\/\/tintafresca.net\/index.php\/wp-json\/wp\/v2\/posts"}],"about":[{"href":"https:\/\/tintafresca.net\/index.php\/wp-json\/wp\/v2\/types\/post"}],"author":[{"embeddable":true,"href":"https:\/\/tintafresca.net\/index.php\/wp-json\/wp\/v2\/users\/2"}],"replies":[{"embeddable":true,"href":"https:\/\/tintafresca.net\/index.php\/wp-json\/wp\/v2\/comments?post=16433"}],"version-history":[{"count":2,"href":"https:\/\/tintafresca.net\/index.php\/wp-json\/wp\/v2\/posts\/16433\/revisions"}],"predecessor-version":[{"id":16437,"href":"https:\/\/tintafresca.net\/index.php\/wp-json\/wp\/v2\/posts\/16433\/revisions\/16437"}],"wp:featuredmedia":[{"embeddable":true,"href":"https:\/\/tintafresca.net\/index.php\/wp-json\/wp\/v2\/media\/16436"}],"wp:attachment":[{"href":"https:\/\/tintafresca.net\/index.php\/wp-json\/wp\/v2\/media?parent=16433"}],"wp:term":[{"taxonomy":"category","embeddable":true,"href":"https:\/\/tintafresca.net\/index.php\/wp-json\/wp\/v2\/categories?post=16433"},{"taxonomy":"post_tag","embeddable":true,"href":"https:\/\/tintafresca.net\/index.php\/wp-json\/wp\/v2\/tags?post=16433"}],"curies":[{"name":"wp","href":"https:\/\/api.w.org\/{rel}","templated":true}]}}