{"id":16438,"date":"2022-05-10T22:08:23","date_gmt":"2022-05-10T22:08:23","guid":{"rendered":"https:\/\/tintafresca.net\/?p=16438"},"modified":"2022-05-10T22:08:23","modified_gmt":"2022-05-10T22:08:23","slug":"obras-na-rua-d-jose-alves-correia-da-silva-avancam-em-leiria-para-a-segunda-subfase","status":"publish","type":"post","link":"https:\/\/tintafresca.net\/index.php\/2022\/05\/10\/obras-na-rua-d-jose-alves-correia-da-silva-avancam-em-leiria-para-a-segunda-subfase\/","title":{"rendered":"Obras na Rua D. Jos\u00e9 Alves Correia da Silva avan\u00e7am em Leiria para a segunda subfase"},"content":{"rendered":"<div id=\"attachment_16441\" style=\"width: 510px\" class=\"wp-caption alignleft\"><img loading=\"lazy\" decoding=\"async\" aria-describedby=\"caption-attachment-16441\" class=\"wp-image-16441 size-full\" src=\"https:\/\/tintafresca.net\/wp-content\/uploads\/2022\/05\/Leiria_Avenida_jose_alves10.jpg\" alt=\"\" width=\"500\" height=\"281\" \/><p id=\"caption-attachment-16441\" class=\"wp-caption-text\">Rua D. Jos\u00e9 Alves Correia da Silva<\/p><\/div>\n<p>Tem in\u00edcio no dia 16 de maio a segunda etapa da primeira fase de requalifica\u00e7\u00e3o da Rua D. Jos\u00e9 Alves Correia da Silva, que ir\u00e1 intervir no tro\u00e7o entre a Rua Poeta Jos\u00e9 Marques da Cruz e a Rua de S\u00e3o Jo\u00e3o, prevendo-se que tenha uma dura\u00e7\u00e3o de cinco meses.<\/p>\n<p>O corte de tr\u00e2nsito atualmente em vigor ir\u00e1 manter-se ainda ao longo da pr\u00f3xima semana, com implementa\u00e7\u00e3o de sem\u00e1foros tempor\u00e1rios, sendo que, posteriormente, a circula\u00e7\u00e3o estar\u00e1 cortada entre a Rua Dr. Francisco Ant\u00f3nio Dias e a Rua de S\u00e3o Jo\u00e3o, entre as 9h30 e as 17h, sendo permitido o acesso a moradores, comerciantes locais, ve\u00edculos de emerg\u00eancia, ao Regimento de Artilharia n.\u00ba 4 e ao posto de combust\u00edvel.<\/p>\n<p>Durante este per\u00edodo, e consultando o mapa interativo dispon\u00edvel no site do <a href=\"https:\/\/www.cm-leiria.pt\/areas-de-atividade\/obras-municipais\/rua-d-jose-alves-correia-da-silva-1-fase-em-curso\/desvios-de-transito-2-subfase\">Munic\u00edpio de Leiria<\/a>, a alternativa fica assegurada pelo desvio atrav\u00e9s da Rua Dr. Francisco Ant\u00f3nio Dias, Rua da Malaposta, Estrada da Mour\u00e3 e Rua de S\u00e3o Jo\u00e3o.<\/p>\n<p>No restante per\u00edodo hor\u00e1rio, o tr\u00e2nsito ficar\u00e1 a circular alternadamente atrav\u00e9s de sem\u00e1foros.<\/p>\n<p>Durante o primeiro m\u00eas desta segunda subfase, que coincide com o final do ano escolar, o sistema de sem\u00e1foros estar\u00e1 tamb\u00e9m em funcionamento entre as 8h e as 17h30, sendo a circula\u00e7\u00e3o feita sem qualquer condicionalismo nas restantes horas.<\/p>\n<p>Esta empreitada, a realizar numa extens\u00e3o total de 600 metros e com um investimento de 973.449,94 euros e um prazo de execu\u00e7\u00e3o de 340 dias, pretende aumentar a seguran\u00e7a rodovi\u00e1ria para condutores e pe\u00f5es e reordenar o estacionamento p\u00fablico, para al\u00e9m de requalificar o espa\u00e7o urbano, com adapta\u00e7\u00e3o \u00e0 mobilidade reduzida, aumentar passeios e implementar medidas de redu\u00e7\u00e3o da velocidade.<\/p>\n<p>Est\u00e3o inclu\u00eddos nos trabalhos a requalifica\u00e7\u00e3o das infraestruturas subterr\u00e2neas (\u00e1gua, esgotos dom\u00e9sticos e pluviais, g\u00e1s, rede el\u00e9trica e telecomunica\u00e7\u00f5es), pavimenta\u00e7\u00e3o em bet\u00e3o betuminoso, cria\u00e7\u00e3o de passadeiras com sinaliza\u00e7\u00e3o LED e sensor de pe\u00f5es, substitui\u00e7\u00e3o da rede de ilumina\u00e7\u00e3o p\u00fablica, planta\u00e7\u00e3o de cinco olaias e a instala\u00e7\u00e3o de uma ilha ecol\u00f3gica.<\/p>\n<p>Estando a primeira subfase em conclus\u00e3o, e dentro do prazo previsto, a \u00faltima etapa da obra ir\u00e1 incidir no tro\u00e7o entre a Rua de S\u00e3o Jo\u00e3o e o viaduto da A8 e dever\u00e1 decorrer durante dois meses.<\/p>\n<p><strong>\u00a0 Fonte: GRPG|CML<\/strong><\/p>\n","protected":false},"excerpt":{"rendered":"<p>Tem in\u00edcio no dia 16 de maio a segunda etapa da primeira fase de requalifica\u00e7\u00e3o da Rua D. Jos\u00e9 Alves Correia da Silva, que ir\u00e1 intervir no tro\u00e7o entre a Rua Poeta Jos\u00e9 Marques da Cruz e a Rua de S\u00e3o Jo\u00e3o, prevendo-se que tenha uma dura\u00e7\u00e3o de cinco meses. O corte de tr\u00e2nsito atualmente [&hellip;]<\/p>\n","protected":false},"author":2,"featured_media":16443,"comment_status":"open","ping_status":"open","sticky":false,"template":"","format":"standard","meta":{"footnotes":""},"categories":[9],"tags":[],"class_list":["post-16438","post","type-post","status-publish","format-standard","has-post-thumbnail","hentry","category-ambiente"],"_links":{"self":[{"href":"https:\/\/tintafresca.net\/index.php\/wp-json\/wp\/v2\/posts\/16438","targetHints":{"allow":["GET"]}}],"collection":[{"href":"https:\/\/tintafresca.net\/index.php\/wp-json\/wp\/v2\/posts"}],"about":[{"href":"https:\/\/tintafresca.net\/index.php\/wp-json\/wp\/v2\/types\/post"}],"author":[{"embeddable":true,"href":"https:\/\/tintafresca.net\/index.php\/wp-json\/wp\/v2\/users\/2"}],"replies":[{"embeddable":true,"href":"https:\/\/tintafresca.net\/index.php\/wp-json\/wp\/v2\/comments?post=16438"}],"version-history":[{"count":2,"href":"https:\/\/tintafresca.net\/index.php\/wp-json\/wp\/v2\/posts\/16438\/revisions"}],"predecessor-version":[{"id":16442,"href":"https:\/\/tintafresca.net\/index.php\/wp-json\/wp\/v2\/posts\/16438\/revisions\/16442"}],"wp:featuredmedia":[{"embeddable":true,"href":"https:\/\/tintafresca.net\/index.php\/wp-json\/wp\/v2\/media\/16443"}],"wp:attachment":[{"href":"https:\/\/tintafresca.net\/index.php\/wp-json\/wp\/v2\/media?parent=16438"}],"wp:term":[{"taxonomy":"category","embeddable":true,"href":"https:\/\/tintafresca.net\/index.php\/wp-json\/wp\/v2\/categories?post=16438"},{"taxonomy":"post_tag","embeddable":true,"href":"https:\/\/tintafresca.net\/index.php\/wp-json\/wp\/v2\/tags?post=16438"}],"curies":[{"name":"wp","href":"https:\/\/api.w.org\/{rel}","templated":true}]}}