{"id":16470,"date":"2022-05-11T12:19:49","date_gmt":"2022-05-11T12:19:49","guid":{"rendered":"https:\/\/tintafresca.net\/?p=16470"},"modified":"2022-05-11T12:23:16","modified_gmt":"2022-05-11T12:23:16","slug":"centro-hospitalar-de-leiria-participa-na-conferencia-a-saude-como-prioridade-para-a-retoma-economica-e-social","status":"publish","type":"post","link":"https:\/\/tintafresca.net\/index.php\/2022\/05\/11\/centro-hospitalar-de-leiria-participa-na-conferencia-a-saude-como-prioridade-para-a-retoma-economica-e-social\/","title":{"rendered":"Centro Hospitalar de Leiria participa na confer\u00eancia \u201cA Sa\u00fade como prioridade para a retoma econ\u00f3mica e social\u201d"},"content":{"rendered":"<div id=\"attachment_16472\" style=\"width: 510px\" class=\"wp-caption alignleft\"><img loading=\"lazy\" decoding=\"async\" aria-describedby=\"caption-attachment-16472\" class=\"wp-image-16472 size-full\" src=\"https:\/\/tintafresca.net\/wp-content\/uploads\/2022\/05\/CHL_Conferencia_20.jpg\" alt=\"\" width=\"500\" height=\"333\" \/><p id=\"caption-attachment-16472\" class=\"wp-caption-text\">Lic\u00ednio de Carvalho<\/p><\/div>\n<p>Lic\u00ednio de Carvalho, presidente do Conselho de Administra\u00e7\u00e3o (CA) do Centro Hospitalar de Leiria (CHL), representou a institui\u00e7\u00e3o na Confer\u00eancia \u201cXV Legislatura \u2013 A Sa\u00fade como prioridade para a retoma econ\u00f3mica e social\u201d, promovida a 28 de abril pelo Conselho Estrat\u00e9gico Nacional da Sa\u00fade da CIP \u2013 Confedera\u00e7\u00e3o Empresarial de Portugal.<\/p>\n<p>A sess\u00e3o de abertura contou com as interven\u00e7\u00f5es de Ant\u00f3nio Saraiva, presidente da CIP \u2013 Confedera\u00e7\u00e3o Empresarial de Portugal, e de Jo\u00e3o Neves, secret\u00e1rio de Estado da Economia. \u201cA Sa\u00fade como oportunidade econ\u00f3mica para o pa\u00eds\u201d foi o tema do primeiro debate, que teve como keynote speaker Zorro Mendes, professor e presidente do departamento de Economia do ISEG, e as interven\u00e7\u00f5es de Maria do Carmo Neves, presidente da Associa\u00e7\u00e3o Portuguesa de Medicamentos Gen\u00e9ricos e Biossimilares (APOGEN), Lu\u00eds Pereira, vice-presidente da Associa\u00e7\u00e3o Portuguesa das Empresas de Dispositivos M\u00e9dicos (Apormed), de Armindo Monteiro, vice-presidente da Confedera\u00e7\u00e3o Empresarial de Portugal (CIP), e de Paula Alves, CEO IBET.<\/p>\n<p>\u00d3scar Gaspar, presidente da Associa\u00e7\u00e3o Portuguesa de Hospitaliza\u00e7\u00e3o Privada, foi o keynote speaker do debate \u201cLi\u00e7\u00f5es da pandemia e acesso \u00e0 prote\u00e7\u00e3o da Sa\u00fade\u201d. Andr\u00e9 Macedo foi o moderador deste painel, que contou com os contributos de Lic\u00ednio de Carvalho, Abel Bruno Henriques, presidente da Federa\u00e7\u00e3o Nacional dos Prestadores de Cuidados de Sa\u00fade, Cristina Pereirinha, representante da Associa\u00e7\u00e3o Careca Power, e Maria de Bel\u00e9m Roseira, ex-ministra da Sa\u00fade.<\/p>\n<p>\u00abA gest\u00e3o da pandemia foi algo novo, e pela primeira vez desde o in\u00edcio do SNS, pass\u00e1mos da gest\u00e3o da incerteza para a gest\u00e3o da surpresa, o que foi transversal a todos os n\u00edveis. O Minist\u00e9rio da Sa\u00fade esteve sempre muito pr\u00f3ximo dos prestadores e das institui\u00e7\u00f5es. Estas tiveram que se reinventar para ajustarem as suas estruturas, de modo a para darem resposta a esta nova procura\u00bb, afirmou Lic\u00ednio de Carvalho.<\/p>\n<div id=\"attachment_16473\" style=\"width: 510px\" class=\"wp-caption alignleft\"><img loading=\"lazy\" decoding=\"async\" aria-describedby=\"caption-attachment-16473\" class=\"wp-image-16473 size-full\" src=\"https:\/\/tintafresca.net\/wp-content\/uploads\/2022\/05\/CHL_Conferencia_10.jpg\" alt=\"\" width=\"500\" height=\"333\" \/><p id=\"caption-attachment-16473\" class=\"wp-caption-text\">Confer\u00eancia \u201cXV Legislatura \u2013 A Sa\u00fade como prioridade para a retoma econ\u00f3mica e social\u201d<\/p><\/div>\n<p>Quanto \u00e0 resposta das institui\u00e7\u00f5es \u00e0 pandemia, o presidente do CA do CHL considerou que \u00abhouve desigualdade por raz\u00f5es \u00f3bvias: o surgimento da pandemia e os picos n\u00e3o se distribu\u00edram uniformemente em todo o SNS. Por exemplo, toda a regi\u00e3o Centro e Sul foi poupada na primeira fase da pandemia, e por isso conseguimos manter muita pr\u00e1tica e muita atividade, por termos n\u00fameros mais baixos de doen\u00e7a Covid\u00bb.<\/p>\n<p>Abel Henriques falou do decr\u00e9scimo na realiza\u00e7\u00e3o de meios complementares de diagn\u00f3stico e terap\u00eautica durante a pandemia, com base nos dados do INE que reportam a hospitais p\u00fablicos e privados. \u00abHouve alguma quebra derivada da desconfian\u00e7a e medo iniciais com o Covid-19, mas paulatinamente os cidad\u00e3os come\u00e7aram a fazer os exames complementares de diagn\u00f3stico. Quanto aos utentes que s\u00f3 t\u00eam acesso aos cuidados de sa\u00fade atrav\u00e9s do seu n\u00famero do SNS, registou-se uma quebra de 24% em 2020 relativamente a 2019.\u00bb<\/p>\n<p>Cristina Pereirinha deu o seu testemunho de diagn\u00f3stico de doen\u00e7a oncol\u00f3gica, mas tamb\u00e9m partilhou a dificuldade que outras pessoas da Associa\u00e7\u00e3o tiveram em chegar a um diagn\u00f3stico ou manter ativos os seus tratamentos no que respeita \u00e0 resposta das institui\u00e7\u00f5es p\u00fablicas de sa\u00fade, sobretudo.<\/p>\n<p>Maria de Bel\u00e9m Roseira falou da import\u00e2ncia de ver a sa\u00fade como um investimento e n\u00e3o como um custo, algo que a Organiza\u00e7\u00e3o Mundial de Sa\u00fade j\u00e1 defende h\u00e1 muitos anos. \u00abO direito \u00e0 prote\u00e7\u00e3o da sa\u00fade deve ser visto como um direito humano e tem de ser gerido como tal. \u00c9 uma quest\u00e3o \u00e9tica e n\u00e3o uma quest\u00e3o ideol\u00f3gica\u00bb, defendeu. \u00ab\u00c9 o momento para identificar problemas e tratar das causas dos mesmos. Em Portugal ficaram claras v\u00e1rias falhas, como a debilidade da estrutura de sa\u00fade p\u00fablica, o que prejudicou o atendimento e o seguimento que \u00e9 a miss\u00e3o dos cuidados de sa\u00fade prim\u00e1rios, e portanto, temos de investir nessas \u00e1reas.\u00bb<\/p>\n<p>\u00d3scar Gaspar falou sobre a lei da contratualiza\u00e7\u00e3o em Portugal \u00abque n\u00e3o permite que se contrate no privado ao mesmo pre\u00e7o que no SNS. H\u00e1 sempre uma necessidade de poupan\u00e7a quando o Estado recorre ao privado. Na pr\u00e1tica, tem que haver vontade pol\u00edtica, e h\u00e1 disponibilidade dos privados para se articularem com o Estado. H\u00e1 vontade e capacidade para investirmos mais, e j\u00e1 deix\u00e1mos isso claro nos Minist\u00e9rios da Sa\u00fade e das Finan\u00e7as.\u00bb<\/p>\n<p>A terminar o debate, Lic\u00ednio de Carvalho respondeu \u00e0 quest\u00e3o sobre uma futura articula\u00e7\u00e3o mais acentuada entre as institui\u00e7\u00f5es de sa\u00fade p\u00fablicas e privadas. \u00abRelativamente ao p\u00fablico e ao privado, posso dizer que n\u00f3s em Leiria e na regi\u00e3o onde estamos nunca deix\u00e1mos de colaborar (ali\u00e1s colabora\u00e7\u00e3o que se mant\u00e9m ainda hoje e desde sempre) com o setor privado e com o setor social. Inclusivamente, durante a pandemia, tivemos camas no privado que eram da responsabilidade do hospital, faz\u00edamos hospitaliza\u00e7\u00e3o domicili\u00e1ria em camas sociais, a quem alug\u00e1mos para tratar os doentes, e inclusivamente doentes com Covid-19, porque a resposta p\u00fablica \u00e9 insuficiente.\u00bb<\/p>\n<p>\u00ab\u00c9 poss\u00edvel e acontece a colabora\u00e7\u00e3o com o setor privado. Nunca senti o peso do preconceito ideol\u00f3gico. N\u00f3s precisamos mais do Sistema Nacional de Sa\u00fade do que do Servi\u00e7o Nacional de Sa\u00fade, por mais que isto custe, a quem \u00e9 f\u00e3 do SNS, onde eu me incluo. A quest\u00e3o \u00e9 que precisamos de tratar do problema \u00e0s pessoas. Se os recursos n\u00e3o est\u00e3o no p\u00fablico e est\u00e3o no privado, \u00e9 nossa responsabilidade fazer com que os doentes acompanhem e sigam esses recursos\u00bb, real\u00e7ou Lic\u00ednio de Carvalho.<\/p>\n<p>O \u201cInvestimento p\u00fablico em Sa\u00fade e a Converg\u00eancia Internacional\u201d foi o tema do \u00faltimo painel, que teve como keynote speaker Cyril Shiever, presidente da Mid-Europe MSD, e contou com os contributos de Eurico Castro Alves, presidente da Comiss\u00e3o Organizadora da Conven\u00e7\u00e3o Nacional da Sa\u00fade, de Ema Paulino, presidente da Associa\u00e7\u00e3o Nacional de Farm\u00e1cias, de V\u00edtor Herdeiro, presidente da Administra\u00e7\u00e3o Central do Sistema de Sa\u00fade, e de Jos\u00e9 Fragata, m\u00e9dico e vice-reitor da Universidade Nova de Lisboa.<\/p>\n<p>A confer\u00eancia terminou com as interven\u00e7\u00f5es de Jo\u00e3o Almeida Lopes, presidente da Associa\u00e7\u00e3o Portuguesa da Ind\u00fastria Farmac\u00eautica (APIFARMA) e de Ant\u00f3nio Lacerda Sales, secret\u00e1rio de Estado Adjunto e da Sa\u00fade.<\/p>\n<p><strong> \u00a0Fonte: Midlandcom<\/strong><\/p>\n","protected":false},"excerpt":{"rendered":"<p>Lic\u00ednio de Carvalho, presidente do Conselho de Administra\u00e7\u00e3o (CA) do Centro Hospitalar de Leiria (CHL), representou a institui\u00e7\u00e3o na Confer\u00eancia \u201cXV Legislatura \u2013 A Sa\u00fade como prioridade para a retoma econ\u00f3mica e social\u201d, promovida a 28 de abril pelo Conselho Estrat\u00e9gico Nacional da Sa\u00fade da CIP \u2013 Confedera\u00e7\u00e3o Empresarial de Portugal. A sess\u00e3o de abertura [&hellip;]<\/p>\n","protected":false},"author":2,"featured_media":16475,"comment_status":"open","ping_status":"open","sticky":false,"template":"","format":"standard","meta":{"footnotes":""},"categories":[6],"tags":[],"class_list":["post-16470","post","type-post","status-publish","format-standard","has-post-thumbnail","hentry","category-saude"],"_links":{"self":[{"href":"https:\/\/tintafresca.net\/index.php\/wp-json\/wp\/v2\/posts\/16470","targetHints":{"allow":["GET"]}}],"collection":[{"href":"https:\/\/tintafresca.net\/index.php\/wp-json\/wp\/v2\/posts"}],"about":[{"href":"https:\/\/tintafresca.net\/index.php\/wp-json\/wp\/v2\/types\/post"}],"author":[{"embeddable":true,"href":"https:\/\/tintafresca.net\/index.php\/wp-json\/wp\/v2\/users\/2"}],"replies":[{"embeddable":true,"href":"https:\/\/tintafresca.net\/index.php\/wp-json\/wp\/v2\/comments?post=16470"}],"version-history":[{"count":2,"href":"https:\/\/tintafresca.net\/index.php\/wp-json\/wp\/v2\/posts\/16470\/revisions"}],"predecessor-version":[{"id":16474,"href":"https:\/\/tintafresca.net\/index.php\/wp-json\/wp\/v2\/posts\/16470\/revisions\/16474"}],"wp:featuredmedia":[{"embeddable":true,"href":"https:\/\/tintafresca.net\/index.php\/wp-json\/wp\/v2\/media\/16475"}],"wp:attachment":[{"href":"https:\/\/tintafresca.net\/index.php\/wp-json\/wp\/v2\/media?parent=16470"}],"wp:term":[{"taxonomy":"category","embeddable":true,"href":"https:\/\/tintafresca.net\/index.php\/wp-json\/wp\/v2\/categories?post=16470"},{"taxonomy":"post_tag","embeddable":true,"href":"https:\/\/tintafresca.net\/index.php\/wp-json\/wp\/v2\/tags?post=16470"}],"curies":[{"name":"wp","href":"https:\/\/api.w.org\/{rel}","templated":true}]}}