{"id":16515,"date":"2022-05-12T22:52:59","date_gmt":"2022-05-12T22:52:59","guid":{"rendered":"https:\/\/tintafresca.net\/?p=16515"},"modified":"2022-05-12T22:59:36","modified_gmt":"2022-05-12T22:59:36","slug":"essencia-ser-humanidade-vai-levar-a-cultura-a-quatro-mil-criancas-e-jovens-em-tomar","status":"publish","type":"post","link":"https:\/\/tintafresca.net\/index.php\/2022\/05\/12\/essencia-ser-humanidade-vai-levar-a-cultura-a-quatro-mil-criancas-e-jovens-em-tomar\/","title":{"rendered":"Ess\u00eancia \u2013 Ser Humanidade vai levar a cultura a quatro mil crian\u00e7as e jovens em Tomar"},"content":{"rendered":"<div id=\"attachment_16516\" style=\"width: 510px\" class=\"wp-caption alignleft\"><img loading=\"lazy\" decoding=\"async\" aria-describedby=\"caption-attachment-16516\" class=\"wp-image-16516 size-full\" src=\"https:\/\/tintafresca.net\/wp-content\/uploads\/2022\/05\/Tomar_Cultura_infantil10.jpg\" alt=\"\" width=\"500\" height=\"333\" \/><p id=\"caption-attachment-16516\" class=\"wp-caption-text\">Apresenta\u00e7\u00e3o da iniciativa Ess\u00eancia \u2013 Ser Humanidade: Semana Cultural, da Crian\u00e7a e do Ambiente de Tomar<\/p><\/div>\n<p>Foi apresentada na ter\u00e7a-feira, 10 de maio, na Biblioteca Municipal de Tomar, a iniciativa Ess\u00eancia \u2013 Ser Humanidade: Semana Cultural, da Crian\u00e7a e do Ambiente. Integrando as comemora\u00e7\u00f5es do Dia Mundial da Crian\u00e7a, do Dia Mundial do Ambiente e a 5\u00aa Semana Cultural do Agrupamento de Escola Templ\u00e1rios (AET), o projeto pretende envolver toda a comunidade, incluindo cerca de quatro mil crian\u00e7as e jovens, e realiza-se entre os dias 31 de maio e 7 de junho, incluindo v\u00e1rios espet\u00e1culos de dan\u00e7a, m\u00fasica, teatro, workshops de aperfei\u00e7oamento art\u00edstico e\u00a0\u00a0exposi\u00e7\u00f5es, em locais diversos como o Mouch\u00e3o, o Convento de Cristo, o Cine-Teatro Para\u00edso, a Biblioteca Municipal ou a Junta de Freguesia Urbana.<\/p>\n<p>O projeto, que ser\u00e1 realizado no seguimento do objetivo presente no Pr\u00e9mio Aut\u00e1rquico \u201cAristides de Sousa Mendes e outros salvadores portugueses\u201d, pretende sensibilizar a comunidade para os valores universais, do humanismo e da justi\u00e7a, garantindo a participa\u00e7\u00e3o da popula\u00e7\u00e3o na constru\u00e7\u00e3o dessa ideia.<\/p>\n<p>Esta 1.\u00aa edi\u00e7\u00e3o vai ser dedicada a \u00c2ngela Tamagnini, procurando abordar os temas atrav\u00e9s de uma programa\u00e7\u00e3o multidisciplinar que promova a hist\u00f3ria local, nacional e internacional, dando a conhecer algumas personalidades cujas a\u00e7\u00f5es tiveram impacto na comunidade em que se inseriram e explorando o patrim\u00f3nio cultural material e imaterial dos territ\u00f3rios representados.<\/p>\n<p>A organiza\u00e7\u00e3o \u00e9 uma parceria entre o Munic\u00edpio de Tomar, a Junta de Freguesia Urbana e o Agrupamento de Escolas Templ\u00e1rios, que estiveram representados na apresenta\u00e7\u00e3o respetivamente pela vereadora Filipa Fernandes, pelo presidente Augusto Barros e pelo diretor Paulo Macedo.<\/p>\n<p>Na ocasi\u00e3o foi tamb\u00e9m inaugurada a exposi\u00e7\u00e3o \u201cEss\u00eancia\u201d, que integra trabalhos de dois alunos de Artes da Escola J\u00e1come Ratton: Margarida Sofia Neves e Rodriw. Uma mostra que se integra j\u00e1 no evento, sendo que os alunos concorreram para criar a imagem da \u201cEss\u00eancia\u201d, cuja escolha recaiu num desenho de Margarida Neves.<\/p>\n<p>Do programa fazem parte as atividades para todas as\u00a0turmas do pr\u00e9-escolar e 1.\u00ba Ciclo do Ensino B\u00e1sico do concelho, dias 31 de maio e 1 de junho, no Mouch\u00e3o; bem como a exposi\u00e7\u00e3o \u201cEm cada porta, um sorriso\u201d, de 31 de maio a 9 de junho nos dois edif\u00edcios da Junta de Freguesia.<\/p>\n<p>A 3 de junho, um dos pontos altos da \u201cEss\u00eancia\u201d, o espet\u00e1culo \u201cPoemas da Liberdade\u201d pela Orquestra Zohra, uma orquestra feminina de mulheres afeg\u00e3s refugiadas em Portugal, a ter lugar no Cine-Teatro Para\u00edso, pelas 21h30. A entrada custar\u00e1 5 \u20ac, valor que servir\u00e1 para ajudar a custear a compra de novos instrumentos, uma vez que usam ainda aqueles que conseguiram trazer consigo em condi\u00e7\u00f5es prec\u00e1rias.<\/p>\n<p>No dia 4, s\u00e1bado, haver\u00e1 teatro pelo Fatias de C\u00e1 na Quinta da Granja, dan\u00e7a de Am\u00e9lia Bentes no Convento de Cristo e Festa da M\u00fasica dos alunos do Agrupamento no Mouch\u00e3o.<\/p>\n<p>No domingo, 5, o Mouch\u00e3o recebe Mostra do Ambiente e m\u00fasica pela Canto Firme.<\/p>\n<p>No dia 6, workshop de Sofia \u00c2ngelo no Convento de Cristo (repete no dia seguinte), m\u00fasica pela Canto Firme e dan\u00e7a pela Sociedade Gualdim Pais, ambas no Mouch\u00e3o, e espet\u00e1culo de Electroville Jukebox no audit\u00f3rio da Canto Firme.<\/p>\n<p>Finalmente, na ter\u00e7a, dia 7 de junho, o Mouch\u00e3o receber\u00e1 ainda espet\u00e1culos de dan\u00e7a, m\u00fasica e teatro (pela Canto Firme, Gualdim Pais e \u00c1gora) durante a manh\u00e3 e, \u00e0 tarde, espet\u00e1culo da Companhia de Teatro Templ\u00e1rios e Concerto de Encerramento.<\/p>\n<p><strong>\u00a0 \u00a0 \u00a0Fonte: GCI|CMT<\/strong><\/p>\n","protected":false},"excerpt":{"rendered":"<p>Foi apresentada na ter\u00e7a-feira, 10 de maio, na Biblioteca Municipal de Tomar, a iniciativa Ess\u00eancia \u2013 Ser Humanidade: Semana Cultural, da Crian\u00e7a e do Ambiente. Integrando as comemora\u00e7\u00f5es do Dia Mundial da Crian\u00e7a, do Dia Mundial do Ambiente e a 5\u00aa Semana Cultural do Agrupamento de Escola Templ\u00e1rios (AET), o projeto pretende envolver toda a [&hellip;]<\/p>\n","protected":false},"author":2,"featured_media":16517,"comment_status":"open","ping_status":"open","sticky":false,"template":"","format":"standard","meta":{"footnotes":""},"categories":[5,14],"tags":[],"class_list":["post-16515","post","type-post","status-publish","format-standard","has-post-thumbnail","hentry","category-artes","category-educacao"],"_links":{"self":[{"href":"https:\/\/tintafresca.net\/index.php\/wp-json\/wp\/v2\/posts\/16515","targetHints":{"allow":["GET"]}}],"collection":[{"href":"https:\/\/tintafresca.net\/index.php\/wp-json\/wp\/v2\/posts"}],"about":[{"href":"https:\/\/tintafresca.net\/index.php\/wp-json\/wp\/v2\/types\/post"}],"author":[{"embeddable":true,"href":"https:\/\/tintafresca.net\/index.php\/wp-json\/wp\/v2\/users\/2"}],"replies":[{"embeddable":true,"href":"https:\/\/tintafresca.net\/index.php\/wp-json\/wp\/v2\/comments?post=16515"}],"version-history":[{"count":2,"href":"https:\/\/tintafresca.net\/index.php\/wp-json\/wp\/v2\/posts\/16515\/revisions"}],"predecessor-version":[{"id":16519,"href":"https:\/\/tintafresca.net\/index.php\/wp-json\/wp\/v2\/posts\/16515\/revisions\/16519"}],"wp:featuredmedia":[{"embeddable":true,"href":"https:\/\/tintafresca.net\/index.php\/wp-json\/wp\/v2\/media\/16517"}],"wp:attachment":[{"href":"https:\/\/tintafresca.net\/index.php\/wp-json\/wp\/v2\/media?parent=16515"}],"wp:term":[{"taxonomy":"category","embeddable":true,"href":"https:\/\/tintafresca.net\/index.php\/wp-json\/wp\/v2\/categories?post=16515"},{"taxonomy":"post_tag","embeddable":true,"href":"https:\/\/tintafresca.net\/index.php\/wp-json\/wp\/v2\/tags?post=16515"}],"curies":[{"name":"wp","href":"https:\/\/api.w.org\/{rel}","templated":true}]}}