{"id":16568,"date":"2022-05-14T23:44:24","date_gmt":"2022-05-14T23:44:24","guid":{"rendered":"https:\/\/tintafresca.net\/?p=16568"},"modified":"2022-05-16T13:23:22","modified_gmt":"2022-05-16T13:23:22","slug":"psd-critica-situacao-caotica-dos-cuidados-de-saude-primarios-no-oeste","status":"publish","type":"post","link":"https:\/\/tintafresca.net\/index.php\/2022\/05\/14\/psd-critica-situacao-caotica-dos-cuidados-de-saude-primarios-no-oeste\/","title":{"rendered":"PSD critica \u201csitua\u00e7\u00e3o ca\u00f3tica dos cuidados de sa\u00fade prim\u00e1rios no Oeste\u201d"},"content":{"rendered":"<div id=\"attachment_13186\" style=\"width: 510px\" class=\"wp-caption alignleft\"><img loading=\"lazy\" decoding=\"async\" aria-describedby=\"caption-attachment-13186\" class=\"wp-image-13186 size-full\" src=\"https:\/\/tintafresca.net\/wp-content\/uploads\/2022\/01\/TV_SUMC-Torres-Vedras10.jpg\" alt=\"\" width=\"500\" height=\"337\" \/><p id=\"caption-attachment-13186\" class=\"wp-caption-text\">Hospital de Torres Vedras<\/p><\/div>\n<p>A Comiss\u00e3o Pol\u00edtica do Partido Social Democrata da \u00c1rea Oeste, reunida no Cadaval, no dia 12 de maio de 2022, constatou o que classifica de \u201csitua\u00e7\u00e3o ca\u00f3tica em que se encontra a resposta aos cuidados de sa\u00fade prim\u00e1rios \u00e0 popula\u00e7\u00e3o daquele concelho. As pessoas n\u00e3o conseguem marcar uma consulta m\u00e9dica, ou demoram v\u00e1rios meses para conseguir uma consulta, ou t\u00eam de se deslocar ao s\u00e1bado de madrugada para uma fila improvisada \u00e0 porta do Centro de Sa\u00fade para obter uma consulta m\u00e9dica.\u201d<\/p>\n<p>Tamb\u00e9m \u201cos Hospitais de Torres Vedras e Caldas da Rainha n\u00e3o conseguem responder \u00e0 aflu\u00eancia das pessoas \u00e0s urg\u00eancias e muitas permanecem horas deitadas em macas, que por sua vez impedem os Bombeiros de prosseguir para a pr\u00f3xima urg\u00eancia por terem de esperar tamb\u00e9m eles horas pelas macas.\u201d<\/p>\n<p>Esta \u00e9 a segunda vez em 15 dias que a Comiss\u00e3o Pol\u00edtica Distrital \u00e9 confrontada com o que considera \u201csitua\u00e7\u00e3o ca\u00f3tica na Sa\u00fade no Oeste, nos cuidados de sa\u00fade prim\u00e1rios e nas urg\u00eancias dos hospitais\u201d, e por isso, exige que o Governo resolva o assunto com urg\u00eancia.<\/p>\n<p><strong> \u00a0Fonte: PSD|Oeste<\/strong><\/p>\n","protected":false},"excerpt":{"rendered":"<p>A Comiss\u00e3o Pol\u00edtica do Partido Social Democrata da \u00c1rea Oeste, reunida no Cadaval, no dia 12 de maio de 2022, constatou o que classifica de \u201csitua\u00e7\u00e3o ca\u00f3tica em que se encontra a resposta aos cuidados de sa\u00fade prim\u00e1rios \u00e0 popula\u00e7\u00e3o daquele concelho. As pessoas n\u00e3o conseguem marcar uma consulta m\u00e9dica, ou demoram v\u00e1rios meses para [&hellip;]<\/p>\n","protected":false},"author":2,"featured_media":16571,"comment_status":"open","ping_status":"open","sticky":false,"template":"","format":"standard","meta":{"footnotes":""},"categories":[6],"tags":[],"class_list":["post-16568","post","type-post","status-publish","format-standard","has-post-thumbnail","hentry","category-saude"],"_links":{"self":[{"href":"https:\/\/tintafresca.net\/index.php\/wp-json\/wp\/v2\/posts\/16568","targetHints":{"allow":["GET"]}}],"collection":[{"href":"https:\/\/tintafresca.net\/index.php\/wp-json\/wp\/v2\/posts"}],"about":[{"href":"https:\/\/tintafresca.net\/index.php\/wp-json\/wp\/v2\/types\/post"}],"author":[{"embeddable":true,"href":"https:\/\/tintafresca.net\/index.php\/wp-json\/wp\/v2\/users\/2"}],"replies":[{"embeddable":true,"href":"https:\/\/tintafresca.net\/index.php\/wp-json\/wp\/v2\/comments?post=16568"}],"version-history":[{"count":5,"href":"https:\/\/tintafresca.net\/index.php\/wp-json\/wp\/v2\/posts\/16568\/revisions"}],"predecessor-version":[{"id":16574,"href":"https:\/\/tintafresca.net\/index.php\/wp-json\/wp\/v2\/posts\/16568\/revisions\/16574"}],"wp:featuredmedia":[{"embeddable":true,"href":"https:\/\/tintafresca.net\/index.php\/wp-json\/wp\/v2\/media\/16571"}],"wp:attachment":[{"href":"https:\/\/tintafresca.net\/index.php\/wp-json\/wp\/v2\/media?parent=16568"}],"wp:term":[{"taxonomy":"category","embeddable":true,"href":"https:\/\/tintafresca.net\/index.php\/wp-json\/wp\/v2\/categories?post=16568"},{"taxonomy":"post_tag","embeddable":true,"href":"https:\/\/tintafresca.net\/index.php\/wp-json\/wp\/v2\/tags?post=16568"}],"curies":[{"name":"wp","href":"https:\/\/api.w.org\/{rel}","templated":true}]}}