{"id":16654,"date":"2022-05-17T21:11:43","date_gmt":"2022-05-17T21:11:43","guid":{"rendered":"https:\/\/tintafresca.net\/?p=16654"},"modified":"2022-05-17T21:14:20","modified_gmt":"2022-05-17T21:14:20","slug":"dia-internacional-dos-museus-celebrado-na-marinha-grande","status":"publish","type":"post","link":"https:\/\/tintafresca.net\/index.php\/2022\/05\/17\/dia-internacional-dos-museus-celebrado-na-marinha-grande\/","title":{"rendered":"Dia Internacional dos Museus celebrado na Marinha Grande"},"content":{"rendered":"<div id=\"attachment_16656\" style=\"width: 510px\" class=\"wp-caption alignleft\"><img loading=\"lazy\" decoding=\"async\" aria-describedby=\"caption-attachment-16656\" class=\"wp-image-16656 size-full\" src=\"https:\/\/tintafresca.net\/wp-content\/uploads\/2022\/05\/MG_Dia_Museus10.jpg\" alt=\"\" width=\"500\" height=\"332\" srcset=\"https:\/\/tintafresca.net\/wp-content\/uploads\/2022\/05\/MG_Dia_Museus10.jpg 500w, https:\/\/tintafresca.net\/wp-content\/uploads\/2022\/05\/MG_Dia_Museus10-300x199.jpg 300w\" sizes=\"auto, (max-width: 500px) 100vw, 500px\" \/><p id=\"caption-attachment-16656\" class=\"wp-caption-text\">Visita guiada na Noite Europeia dos Museus<\/p><\/div>\n<p>At\u00e9 ao dia 28 de maio, a Marinha Grande acolhe as comemora\u00e7\u00f5es do Dia Internacional dos Museus, que se assinala no dia 18 de maio, com v\u00e1rias atividades dirigidas \u00e0s fam\u00edlias, que \u00a0tiveram in\u00edcio no passado fim de semana.<\/p>\n<p>O programa, organizado pelo Munic\u00edpio, decorre no Museu do Vidro e no Museu Joaquim Correia e enquadra-se tamb\u00e9m na comemora\u00e7\u00e3o do Ano Internacional do Vidro, decretado pela Organiza\u00e7\u00e3o das Na\u00e7\u00f5es Unidas, englobando visitas guiadas, visitas encenadas, concertos, performances de dan\u00e7a e inaugura\u00e7\u00e3o de exposi\u00e7\u00f5es.<\/p>\n<p>No s\u00e1bado, 14 de maio, o Museu Joaquim Correia realizou uma visita guiada e a Noite Europeia dos Museus, com a atua\u00e7\u00e3o do Rancho Folcl\u00f3rico de Picassinos.<\/p>\n<p>Est\u00e3o previstas as seguintes iniciativas:<\/p>\n<p><strong>17 a 22 de maio<\/strong><\/p>\n<p><strong>Museu do Vidro<br \/>\n<\/strong>Entradas gratuitas<br \/>\n17, 18, 19, 20, 24, 25 e 27 de maio . 09h30 e 10h30<br \/>\nMuseu do Vidro . P\u00fablico escolar<br \/>\nVisitas encenadas<\/p>\n<p>Estas visitas de curta dura\u00e7\u00e3o dirigidas sobretudo a crian\u00e7as, com uma linguagem simples e acess\u00edvel e de formato leve e descontra\u00eddo, t\u00eam como objetivo principal que os mais novos possam saber mais sobre a hist\u00f3ria do vidro e processos de fabrico, com o registo c\u00f3mico que j\u00e1 marca o trabalho do Teatro \u00e0 Solta.<\/p>\n<p>Destinat\u00e1rios: crian\u00e7as dos 6 aos 10 anos de idade<br \/>\nDura\u00e7\u00e3o: 40 minutos<br \/>\nLimite de participantes: 20 crian\u00e7as<br \/>\nInscri\u00e7\u00e3o pr\u00e9via atrav\u00e9s do email museu.vidro@cm-mgrande.pt<br \/>\nOrganiza\u00e7\u00e3o: CMMG &#8211; Museu do Vidro e Teatro \u00c0 Solta<\/p>\n<p>18, 19 e 20 de maio . 09h30\/10h30\/14h30<br \/>\n<strong>Museu Joaquim Correia<br \/>\n<\/strong>Atividades do servi\u00e7o educativo para o pr\u00e9-escolar<br \/>\nVisita ao museu e atividades l\u00fadico-art\u00edsticas para os alunos do pr\u00e9-escolar subordinadas ao tema O Poder dos Museus, designado pela ICOM para celebrar o Dia Internacional dos Museus em 2022.<br \/>\nOrganiza\u00e7\u00e3o: C\u00e2mara Municipal Marinha Grande &#8211; Museu Joaquim Correia<\/p>\n<p>21 de maio . 11h00<br \/>\n<strong>Museu Joaquim Correia<br \/>\n<\/strong>Recital de Poesia<br \/>\nPara encerrar a exposi\u00e7\u00e3o \u201cArte de saber ser\u201d, cujo desenvolvimento art\u00edstico partiu da explora\u00e7\u00e3o da literatura, os alunos da Escola P\u00e1tio da In\u00eas recitar\u00e3o poemas de Afonso Lopes Vieira e de Cam\u00f5es, figuras po\u00e9ticas representadas no museu por retratos da autoria de Joaquim Correia, acompanhados pela Orquestra da EPI.<br \/>\nOrganiza\u00e7\u00e3o: C\u00e2mara Municipal Marinha Grande &#8211; Museu Joaquim Correia e EPI<\/p>\n<p>21 de maio . 17<strong>h00<\/strong><br \/>\n<strong>N\u00facleo de Arte Contempor\u00e2nea do Museu do Vidro<\/strong><br \/>\nInaugura\u00e7\u00e3o da Exposi\u00e7\u00e3o tempor\u00e1ria \u201cA persist\u00eancia da mat\u00e9ria: 20 anos VICARTE\u201d<\/p>\n<p>Esta exposi\u00e7\u00e3o d\u00e1-nos a conhecer a obra de mais de trinta artistas que em determinado momento do seu percurso art\u00edstico desenvolveram pesquisa art\u00edstica e\/ou cient\u00edfica na Unidade de Investiga\u00e7\u00e3o VICARTE \u2013 Vidro e Cer\u00e2mica para as Artes, que em 2022, Ano Internacional do Vidro, celebra os seus 20 anos de exist\u00eancia.<\/p>\n<p>\u201cVidro e cer\u00e2mica, materiais que interagem com outros, dando origem a obras ricas na variedade. Materiais que s\u00f3 por si, d\u00e3o corpo a obras de arte para nossa frui\u00e7\u00e3o. Obras n\u00e3o utilit\u00e1rias ou decorativas, mas que, por isso mesmo e porque veiculam significados e sentimentos, nos remetem para o patamar criativo, onde a arte acontece.\u201d (Teresa Almeida, artista e membro da VICARTE).<br \/>\nOrganiza\u00e7\u00e3o: CMMG \/ Museu do Vidro e Unidade de Investiga\u00e7\u00e3o VICARTE \u2013 Vidro e Cer\u00e2mica para as Artes<\/p>\n<p>22 de maio . 10h30<br \/>\n<strong>Museu do Vidro<\/strong><br \/>\nWorkshop para fam\u00edlias \u201cVidro 100% sustent\u00e1vel\u201d<\/p>\n<p>O Teatro \u00e9 a forma mais pr\u00f3xima da vida, e permite trabalhar temas de uma forma l\u00fadica. Neste\u00a0workshop,\u00a0as crian\u00e7as v\u00e3o aprender sobre a sustentabilidade do vidro, enquanto desenvolvem a sua criatividade, aprendem t\u00e9cnicas de comunica\u00e7\u00e3o e melhoram\u00a0a concentra\u00e7\u00e3o, mem\u00f3ria e capacidade de trabalhar em grupo.<\/p>\n<p>Destinat\u00e1rios: crian\u00e7as dos 6 aos 12 anos de idade<br \/>\nDura\u00e7\u00e3o: 2h30<br \/>\nLimite de participantes: 20 crian\u00e7as<br \/>\nInscri\u00e7\u00e3o pr\u00e9via at\u00e9 ao dia 19 de maio, atrav\u00e9s do email museu.vidro@cm-mgrande.pt<br \/>\nOrganiza\u00e7\u00e3o: CMMG &#8211; Museu do Vidro e Folhas Plat\u00f3nicas &#8211; Associa\u00e7\u00e3o Cultural<\/p>\n<p>22 de maio . 14h30 e 16h00<br \/>\n<strong>Museu do Vidro<\/strong><br \/>\nVisitas encenadas ao Museu do Vidro<\/p>\n<p>Estas vistas pretendem dar a conhecer de uma forma mais l\u00fadica e interativa algumas curiosidades que incentivam os participantes a querer saber mais sobre a hist\u00f3ria da cidade e do Museu do Vidro.<\/p>\n<p>O Vidro j\u00e1 \u00e9 usado no mundo h\u00e1 milhares de anos, mas a chegada da Real F\u00e1brica de Vidros mudou para sempre a Marinha Grande. A hist\u00f3ria da f\u00e1brica confunde-se com a hist\u00f3ria da cidade e \u00e9 imposs\u00edvel falar-se de marinhenses sem falarmos de Guilherme Stephens, de Pinhal do Rei ou de mestres vidreiros. Felizmente, h\u00e1 um peda\u00e7o desta Hist\u00f3ria preservada no antigo pal\u00e1cio Stephens, pronta a ser descoberta! Pensada especialmente para os mais novos &#8211; mas aberta a participantes de todas as idades &#8211; esta aventura vem com reis e figuras hist\u00f3ricas, com moldes, um mergulhador e at\u00e9 tem um concurso pelo meio. Prontos para esta incr\u00edvel aventura \u00e0 descoberta do vidro e da Marinha Grande?<\/p>\n<p>FICHA T\u00c9CNICA E ART\u00cdSTICA<br \/>\nCria\u00e7\u00e3o original Teatro \u00e0 Solta<br \/>\nCo-produ\u00e7\u00e3o Munic\u00edpio da Marinha Grande<br \/>\nDura\u00e7\u00e3o: 30 minutos<br \/>\nClassifica\u00e7\u00e3o: M 6<br \/>\nDramaturgia e Adere\u00e7os: Susana Rodrigues<br \/>\nEncena\u00e7\u00e3o: Crist\u00f3v\u00e3o Carvalheiro<br \/>\nInterpreta\u00e7\u00e3o: Crist\u00f3v\u00e3o Carvalheiro e Marco Paiva<br \/>\nFigurinos: Teatro \u00e0 Solta e Museu do Vidro\/ Munic\u00edpio da Marinha Grande<br \/>\nFotografia: Carolina Miguel<br \/>\nInscri\u00e7\u00e3o pr\u00e9via at\u00e9 ao dia 21 de maio, atrav\u00e9s do email museu.vidro@cm-mgrande.pt<br \/>\nOrganiza\u00e7\u00e3o: CMMG &#8211; Museu do Vidro e Teatro \u00c0 Solta<\/p>\n<p>27 de maio . 09h15 \u00e0s 13h25<br \/>\nAlunos do 7\u00ba ao 12\u00ba ano<br \/>\n<strong>Museus e centro da Marinha Grande<br \/>\n<\/strong>\u201cRoteiros com Hist\u00f3ria\u201d<\/p>\n<p>Mapeamento do patrim\u00f3nio da cidade da Marinha Grande. Os alunos do Agrupamento de Escolas da Marinha Grande Poente ir\u00e3o percorrer as ruas da Marinha Grande e tomar\u00e3o conhecimento \u201cin Loco\u201d do Patrim\u00f3nio e da Hist\u00f3ria Local atrav\u00e9s de pontos de controlo marcados num mapa de orienta\u00e7\u00e3o onde ter\u00e3o de responder a quest\u00f5es sobre os mesmos.<\/p>\n<p>Objetivos da atividade:<br \/>\n&#8211; Desenvolver um esp\u00edrito cr\u00edtico\/anal\u00edtico perante o patrim\u00f3nio cultural local.<br \/>\n&#8211; Aplicar conhecimentos adquiridos em novas situa\u00e7\u00f5es;<br \/>\n&#8211; Conhecer \/Aprofundar temas e conceitos gerais mediante o estudo do patrim\u00f3nio local\/regional;<br \/>\nRespeitar e valorizar o patrim\u00f3nio local na sua diversidade.<br \/>\nOrganiza\u00e7\u00e3o: Grupo 400 \u2013 Hist\u00f3ria do Agrupamento de Escolas Marinha Grande Poente e CMMG<\/p>\n<p>28 de maio . 11h00<\/p>\n<p><strong>Museu do Vidro<br \/>\n<\/strong>\u201cDan\u00e7a nos Museus\u201d<\/p>\n<p>A partir da cole\u00e7\u00e3o do Museu do Vidro e da sua envolv\u00eancia natural e arquitet\u00f3nica,\u00a0Inesa\u00a0Markava\u00a0desenvolver\u00e1 um espet\u00e1culo tem\u00e1tico para o p\u00fablico\u00a0familiar\u00a0numa l\u00f3gica de artes performativas com o foco na linguagem da dan\u00e7a cl\u00e1ssica e\u00a0contempor\u00e2nea. Durante\u00a0a performance, os participantes s\u00e3o convidados a\u00a0re-imaginar\u00a0o espa\u00e7o expositivo e\u00a0a re-inventar\u00a0a exposi\u00e7\u00e3o ao explorar o universo do movimento, do som e das artes pl\u00e1sticas.<\/p>\n<p>Destinat\u00e1rios: crian\u00e7as dos 3 aos 10 anos de idade<br \/>\nDura\u00e7\u00e3o: cerca de 40 minutos<br \/>\nLimite de participantes: 15 pessoas<br \/>\nInscri\u00e7\u00e3o pr\u00e9via at\u00e9 ao dia 27 de maio, atrav\u00e9s do email museu.vidro@cm-mgrande.pt<br \/>\nOrganiza\u00e7\u00e3o: CMMG &#8211; Museu do Vidro e Inesa Markava<\/p>\n<p>28 de maio . 15h00<br \/>\nMuseu Joaquim Correia<br \/>\nOrquestra Filarm\u00f3nica da Amieirinha<\/p>\n<p>Para inaugurar a exposi\u00e7\u00e3o \u201cOs afetodom\u00e9sticos\u201d, de Pedro Fonseca Jorge, a Orquestra Filarm\u00f3nica da Amieirinha far\u00e1 uma participa\u00e7\u00e3o combinando pe\u00e7as contempor\u00e2neas de artistas internacionais que refletem musicalmente sobre a arte e os museus com o trabalho do artista visual Pedro Fonseca Jorge.<\/p>\n<p>Organiza\u00e7\u00e3o: CMMG\/ Clube Recreativo Amieirinhense<\/p>\n<p>28 de maio . 16h00<br \/>\n<strong>Museu Joaquim Correia<br \/>\n<\/strong>Inaugura\u00e7\u00e3o da exposi\u00e7\u00e3o \u201cOs Afetodom\u00e9sticos\u201d, de Pedro Fonseca Jorge<\/p>\n<p>\u201cPedro Fonseca Jorge foi n\u00f3mada inintencional, habitando muitas casas e poucos lares. Interv\u00e9m por isso sobre os seus objetos de afeto, e sobre outros objetos para lhes devotar afeto, no criar de um ref\u00fagio antes inexequ\u00edvel, mas tornado pris\u00e3o quando dele nos interditam a sa\u00edda.\u201d Exposi\u00e7\u00e3o patente no Museu Joaquim Correia de 28 de maio a 30 de setembro de 2022.<\/p>\n<p>Organiza\u00e7\u00e3o: CMMG, LIDA &#8211; Laborat\u00f3rio de Investiga\u00e7\u00e3o em Design e Artes, da ESAD.CR do Polit\u00e9cnico de Leiria\/ CMMG<\/p>\n<p>28 de maio . 16h45 . Museu Joaquim Correia<\/p>\n<p>\u201cBia-a-dia&#8221;, performance por Beatriz Duarte<\/p>\n<p>\u201cBeatriz c(que)ria um universo alternativo no qual os objetos do dia a dia, apesar de serem os mesmos que encontramos no nosso, t\u00eam uma vida diferente. Um copo torna-se um sapato e talvez um regador seja um copo.\u202f\u201c<\/p>\n<p>Organiza\u00e7\u00e3o: CMMG, LIDA &#8211; Laborat\u00f3rio de Investiga\u00e7\u00e3o em Design e Artes, da ESAD.CR do Polit\u00e9cnico de Leiria\/ CMMG.<\/p>\n<p><strong>Fonte: GCI|CMMG<\/strong><\/p>\n","protected":false},"excerpt":{"rendered":"<p>At\u00e9 ao dia 28 de maio, a Marinha Grande acolhe as comemora\u00e7\u00f5es do Dia Internacional dos Museus, que se assinala no dia 18 de maio, com v\u00e1rias atividades dirigidas \u00e0s fam\u00edlias, que \u00a0tiveram in\u00edcio no passado fim de semana. O programa, organizado pelo Munic\u00edpio, decorre no Museu do Vidro e no Museu Joaquim Correia e [&hellip;]<\/p>\n","protected":false},"author":2,"featured_media":16657,"comment_status":"open","ping_status":"open","sticky":false,"template":"","format":"standard","meta":{"footnotes":""},"categories":[10],"tags":[],"class_list":["post-16654","post","type-post","status-publish","format-standard","has-post-thumbnail","hentry","category-patrimonio"],"_links":{"self":[{"href":"https:\/\/tintafresca.net\/index.php\/wp-json\/wp\/v2\/posts\/16654","targetHints":{"allow":["GET"]}}],"collection":[{"href":"https:\/\/tintafresca.net\/index.php\/wp-json\/wp\/v2\/posts"}],"about":[{"href":"https:\/\/tintafresca.net\/index.php\/wp-json\/wp\/v2\/types\/post"}],"author":[{"embeddable":true,"href":"https:\/\/tintafresca.net\/index.php\/wp-json\/wp\/v2\/users\/2"}],"replies":[{"embeddable":true,"href":"https:\/\/tintafresca.net\/index.php\/wp-json\/wp\/v2\/comments?post=16654"}],"version-history":[{"count":2,"href":"https:\/\/tintafresca.net\/index.php\/wp-json\/wp\/v2\/posts\/16654\/revisions"}],"predecessor-version":[{"id":16658,"href":"https:\/\/tintafresca.net\/index.php\/wp-json\/wp\/v2\/posts\/16654\/revisions\/16658"}],"wp:featuredmedia":[{"embeddable":true,"href":"https:\/\/tintafresca.net\/index.php\/wp-json\/wp\/v2\/media\/16657"}],"wp:attachment":[{"href":"https:\/\/tintafresca.net\/index.php\/wp-json\/wp\/v2\/media?parent=16654"}],"wp:term":[{"taxonomy":"category","embeddable":true,"href":"https:\/\/tintafresca.net\/index.php\/wp-json\/wp\/v2\/categories?post=16654"},{"taxonomy":"post_tag","embeddable":true,"href":"https:\/\/tintafresca.net\/index.php\/wp-json\/wp\/v2\/tags?post=16654"}],"curies":[{"name":"wp","href":"https:\/\/api.w.org\/{rel}","templated":true}]}}