{"id":16702,"date":"2022-05-19T10:51:38","date_gmt":"2022-05-19T10:51:38","guid":{"rendered":"https:\/\/tintafresca.net\/?p=16702"},"modified":"2022-05-19T10:54:58","modified_gmt":"2022-05-19T10:54:58","slug":"bom-dia-ceramica-celebra-uma-das-mais-ancestrais-tradicoes-industriais-do-concelho-de-alcobaca","status":"publish","type":"post","link":"https:\/\/tintafresca.net\/index.php\/2022\/05\/19\/bom-dia-ceramica-celebra-uma-das-mais-ancestrais-tradicoes-industriais-do-concelho-de-alcobaca\/","title":{"rendered":"Bom Dia Cer\u00e2mica celebra uma das mais ancestrais tradi\u00e7\u00f5es industriais do concelho de Alcoba\u00e7a"},"content":{"rendered":"<div id=\"attachment_16704\" style=\"width: 410px\" class=\"wp-caption alignleft\"><img loading=\"lazy\" decoding=\"async\" aria-describedby=\"caption-attachment-16704\" class=\"wp-image-16704\" src=\"https:\/\/tintafresca.net\/wp-content\/uploads\/2022\/05\/Alcobaca_BOM-DIA-CERAMICA.jpg\" alt=\"\" width=\"400\" height=\"370\" srcset=\"https:\/\/tintafresca.net\/wp-content\/uploads\/2022\/05\/Alcobaca_BOM-DIA-CERAMICA.jpg 589w, https:\/\/tintafresca.net\/wp-content\/uploads\/2022\/05\/Alcobaca_BOM-DIA-CERAMICA-300x278.jpg 300w\" sizes=\"auto, (max-width: 400px) 100vw, 400px\" \/><p id=\"caption-attachment-16704\" class=\"wp-caption-text\">Log\u00f3tipo da iniciativa<\/p><\/div>\n<p>Como em anos anteriores, as cidades e vilas de cer\u00e2mica portuguesas e membros honor\u00e1rios que a comp\u00f5em, participam na jornada europeia das Cidades Cer\u00e2micas Bom Dia, Cer\u00e2mica! de 21 e 22 de maio de 2022, com o objetivo de chamar a aten\u00e7\u00e3o do p\u00fablico para a cer\u00e2mica nacional e europeia, atrav\u00e9s da realiza\u00e7\u00e3o de v\u00e1rios eventos.<\/p>\n<p>Exposi\u00e7\u00f5es, visitas guiadas, hor\u00e1rio especial de funcionamento das oficinas e ateli\u00eas cer\u00e2micos ou empresas cer\u00e2micas, demonstra\u00e7\u00f5es de decora\u00e7\u00e3o de cer\u00e2mica, jogos, museus abertos \u00e0 noite, atividades para crian\u00e7as, performances, concertos com instrumentos cer\u00e2micos, confer\u00eancias e palestras, e muitos mais comp\u00f5e o programa desta iniciativa internacional.<\/p>\n<p>O Munic\u00edpio de Alcoba\u00e7a, enquanto membro fundador da APCVC, integra um programa variado onde ganha destaque os dias abertos nos museus, a exposi\u00e7\u00e3o \u201cMuseu na Aldeia: Cabe\u00e7as vai ao Museu Raul da Bernarda\u201d e as visitas guiadas do Mosteiro de Alcoba\u00e7a (DGPC) e Mosteiro de Coz. Associado ao programa est\u00e1 ainda uma programa\u00e7\u00e3o online que integra a programa\u00e7\u00e3o europeia via v\u00eddeo streaming.<\/p>\n<p>&#8220;O Bom Dia Cer\u00e2mica realiza-se em Alcoba\u00e7a desde 2017 e representa um momento de celebra\u00e7\u00e3o de uma das mais ancestrais tradi\u00e7\u00f5es industriais do concelho e de todo o pa\u00eds. Na qualidade de membro fundador da Associa\u00e7\u00e3o Portuguesa de Cidades e Vilas Cer\u00e2micas, \u00e9 com orgulho que o Munic\u00edpio se associa uma vez mais a esta iniciativa internacional que confere prest\u00edgio e notoriedade a este setor que tem sido um exemplo de resist\u00eancia aos mais diversos contextos adversos&#8221;, afirma o presidente da C\u00e2mara Municipal de Alcoba\u00e7a, Herm\u00ednio Rodrigues.<\/p>\n<p>Consulte em baixo o programa completo.<\/p>\n<p><strong>Bom Dia, Cer\u00e2mica!<\/strong><\/p>\n<p>21 e 22 maio<br \/>\nMuseu Raul da Bernarda | Online | Mosteiro de Alcoba\u00e7a<\/p>\n<p>21 e 22 maio<\/p>\n<p>Dia Aberto no Museu<\/p>\n<p>\u00bb Visita \u00e0 exposi\u00e7\u00e3o permanente da cole\u00e7\u00e3o da antiga f\u00e1brica Raul da Bernarda, reportando \u00e0 lou\u00e7a art\u00edstica de Alcoba\u00e7a de finais do s\u00e9culo XIX aos anos 50 do s\u00e9culo XX.<br \/>\n\u00bb Exposi\u00e7\u00e3o Museu na Aldeia:<br \/>\nCabe\u00e7as vai ao Museu Raul da Bernarda<br \/>\nExposi\u00e7\u00e3o Tempor\u00e1ria<br \/>\nProdu\u00e7\u00e3o: SAMP | Rede Cultura 2027 | CMA \u2013 Museu Raul da Bernarda<br \/>\nMuseu Raul da Bernarda<br \/>\n10h00 \u00e0s 13h00 e 14h00 \u00e0s 17h00<\/p>\n<p>21 E 22 MAIO<\/p>\n<p>ONLINE &#8211; Registo v\u00eddeo da iniciativa do projeto Museu na Aldeia no Museu Raul da Bernarda<\/p>\n<p>Registo v\u00eddeo da apresenta\u00e7\u00e3o performativa \u201cAldeia Vai ao Museu\u201d da comunidade de Cabe\u00e7as (Alvai\u00e1zare) e da inaugura\u00e7\u00e3o da exposi\u00e7\u00e3o \u201cMuseu na Aldeia: Cabe\u00e7as vai ao Museu Raul da Bernarda\u201d realizada a 19 de abril de 2022.<\/p>\n<p>A Aldeia de Cabe\u00e7as (Alvai\u00e1zere) foi a mais recente comunidade a realizar a inaugura\u00e7\u00e3o da sua pr\u00f3pria exposi\u00e7\u00e3o no \u00e2mbito do projeto Museu na Aldeia, desenvolvido pela Sociedade Art\u00edstica e Musical de Pousos (SAMP, Leiria), inserido na programa\u00e7\u00e3o da Rede Cultura 2027. A obra de co-cria\u00e7\u00e3o desenvolvida pela comunidade de Cabe\u00e7as, em conjunto com profissionais do Museu envolvido e a equipa art\u00edstica SAMP, teve como inspira\u00e7\u00e3o a escultura de cer\u00e2mica \u201cCabe\u00e7a Cruzada II\u201d de Alberto Cidraes.<\/p>\n<p>V\u00eddeo dispon\u00edvel a partir das 01h00 de 21-05 &#8211; https:\/\/youtu.be\/Nj1blNyZ5sw<\/p>\n<p>22 maio . 15 h<\/p>\n<p>\u00bb Visita Guiada do Mosteiro De Alcoba\u00e7a<br \/>\nOs n\u00facleos de escultura em Terracota do Mosteiro<br \/>\nVisita orientada por Cec\u00edlia Gil<br \/>\nP\u00fablico geral | Entrada gratuita | 90 min | N\u00ba participantes: 15 pessoas<br \/>\nInscri\u00e7\u00e3o pr\u00e9via: visitas@malcobaca.dgpc.pt<\/p>\n<p><strong> \u00a0 Fonte: GRPP|CMA<\/strong><\/p>\n","protected":false},"excerpt":{"rendered":"<p>Como em anos anteriores, as cidades e vilas de cer\u00e2mica portuguesas e membros honor\u00e1rios que a comp\u00f5em, participam na jornada europeia das Cidades Cer\u00e2micas Bom Dia, Cer\u00e2mica! de 21 e 22 de maio de 2022, com o objetivo de chamar a aten\u00e7\u00e3o do p\u00fablico para a cer\u00e2mica nacional e europeia, atrav\u00e9s da realiza\u00e7\u00e3o de v\u00e1rios [&hellip;]<\/p>\n","protected":false},"author":2,"featured_media":16705,"comment_status":"open","ping_status":"open","sticky":false,"template":"","format":"standard","meta":{"footnotes":""},"categories":[7,10],"tags":[],"class_list":["post-16702","post","type-post","status-publish","format-standard","has-post-thumbnail","hentry","category-economia","category-patrimonio"],"_links":{"self":[{"href":"https:\/\/tintafresca.net\/index.php\/wp-json\/wp\/v2\/posts\/16702","targetHints":{"allow":["GET"]}}],"collection":[{"href":"https:\/\/tintafresca.net\/index.php\/wp-json\/wp\/v2\/posts"}],"about":[{"href":"https:\/\/tintafresca.net\/index.php\/wp-json\/wp\/v2\/types\/post"}],"author":[{"embeddable":true,"href":"https:\/\/tintafresca.net\/index.php\/wp-json\/wp\/v2\/users\/2"}],"replies":[{"embeddable":true,"href":"https:\/\/tintafresca.net\/index.php\/wp-json\/wp\/v2\/comments?post=16702"}],"version-history":[{"count":2,"href":"https:\/\/tintafresca.net\/index.php\/wp-json\/wp\/v2\/posts\/16702\/revisions"}],"predecessor-version":[{"id":16706,"href":"https:\/\/tintafresca.net\/index.php\/wp-json\/wp\/v2\/posts\/16702\/revisions\/16706"}],"wp:featuredmedia":[{"embeddable":true,"href":"https:\/\/tintafresca.net\/index.php\/wp-json\/wp\/v2\/media\/16705"}],"wp:attachment":[{"href":"https:\/\/tintafresca.net\/index.php\/wp-json\/wp\/v2\/media?parent=16702"}],"wp:term":[{"taxonomy":"category","embeddable":true,"href":"https:\/\/tintafresca.net\/index.php\/wp-json\/wp\/v2\/categories?post=16702"},{"taxonomy":"post_tag","embeddable":true,"href":"https:\/\/tintafresca.net\/index.php\/wp-json\/wp\/v2\/tags?post=16702"}],"curies":[{"name":"wp","href":"https:\/\/api.w.org\/{rel}","templated":true}]}}