{"id":16726,"date":"2022-05-20T18:35:56","date_gmt":"2022-05-20T18:35:56","guid":{"rendered":"https:\/\/tintafresca.net\/?p=16726"},"modified":"2022-05-20T18:42:06","modified_gmt":"2022-05-20T18:42:06","slug":"leiria-e-alcobaca-recebem-coloquio-internacional-francesas-em-portugal","status":"publish","type":"post","link":"https:\/\/tintafresca.net\/index.php\/2022\/05\/20\/leiria-e-alcobaca-recebem-coloquio-internacional-francesas-em-portugal\/","title":{"rendered":"Leiria e Alcoba\u00e7a recebem Col\u00f3quio Internacional Francesas em Portugal"},"content":{"rendered":"<div id=\"attachment_16729\" style=\"width: 367px\" class=\"wp-caption alignleft\"><img loading=\"lazy\" decoding=\"async\" aria-describedby=\"caption-attachment-16729\" class=\"wp-image-16729 size-full\" src=\"https:\/\/tintafresca.net\/wp-content\/uploads\/2022\/05\/Leiria_Alcobaca_Mulheres_Francesas20.png\" alt=\"\" width=\"357\" height=\"531\" srcset=\"https:\/\/tintafresca.net\/wp-content\/uploads\/2022\/05\/Leiria_Alcobaca_Mulheres_Francesas20.png 357w, https:\/\/tintafresca.net\/wp-content\/uploads\/2022\/05\/Leiria_Alcobaca_Mulheres_Francesas20-202x300.png 202w\" sizes=\"auto, (max-width: 357px) 100vw, 357px\" \/><p id=\"caption-attachment-16729\" class=\"wp-caption-text\">Cartaz<\/p><\/div>\n<p>No \u00e2mbito da Temporada Cruzada Portugal &#8211; Fran\u00e7a que est\u00e1 a ter lugar nos dois pa\u00edses, est\u00e1 a decorrer o Col\u00f3quio Internacional Francesas em Portugal. Itiner\u00e1rios m\u00faltiplos. As sess\u00f5es decorrem em Leiria na sexta-feira e em Alcoba\u00e7a no s\u00e1bado, dia 21 de maio. Depois, em Outubro, teremos a vers\u00e3o contr\u00e1rias, Portuguesas em Fran\u00e7a, que ter\u00e1 lugar na Sorbonne em Paris.<\/p>\n<p>O Col\u00f3quio bilateral procurar\u00e1 (re)colocar em primeiro plano mulheres artistas, cientistas, pol\u00edticas, portuguesas e francesas, resgatando-as das margens para uma centralidade que tantas vezes lhes foi\/\u00e9 injustamente negada. Transdisciplinar, centra-se nas mulheres francesas que permaneceram em Portugal ou para quem Portugal desempenhou um papel essencial e, do mesmo modo, o lado franc\u00eas do projeto iluminar\u00e1 a perman\u00eancia mais ou menos longa de intelectuais e artistas portuguesas em Fran\u00e7a e a poss\u00edvel influ\u00eancia no ambiente art\u00edstico, pol\u00edtico ou cient\u00edfico local e suas repercuss\u00f5es.<\/p>\n<p>Este projeto est\u00e1 inserido no eixo da\u00a0Igualdade de g\u00e9nero \/ paridade (valoriza\u00e7\u00e3o de artistas mulheres, autoras, cientistas, desportistas, profissionais da cultura&#8230;) porque, enquadrado nos designados Estudos sobre as Mulheres\/Gender Studies, implicando a interseccionalidade, o eixo escolhido serve o prop\u00f3sito (tamb\u00e9m \u00e0 luz do ODS 5,) sobre o qual \u00e9 ancorado este projeto, para dar a conhecer vida e obras de mulheres cujo protagonismo n\u00e3o foi considerado pelo c\u00e2none nos diversos dom\u00ednios cient\u00edficos em que inscreveram os seus nomes na Hist\u00f3ria.<\/p>\n<p>\u00abAs profiss\u00f5es n\u00e3o t\u00eam g\u00e9nero\u00bb \u00e9 uma das chamadas de aten\u00e7\u00e3o da UNESCO para que n\u00e3o se percam talentos e voca\u00e7\u00f5es em mais de metade da humanidade, pelo que estimamos contribuir para a consolida\u00e7\u00e3o desse desiderato, adianta o historiador Jorge Pereira de Sampaio.<\/p>\n<p>O Col\u00f3quio \u00e9 organizado pela\u00a0ADEPA &#8211; Associa\u00e7\u00e3o de Defesa e Valoriza\u00e7\u00e3o do Patrim\u00f3nio Cultural da Regi\u00e3o de Alcoba\u00e7a (fundada em 1977, uma das mais antigas no g\u00e9nero no Pa\u00eds) tendo parceria com as C\u00e2maras Municipais de Leiria e de Alcoba\u00e7a bem como de diversas universidades portuguesas e estrangeiras. Ao inv\u00e9s de se realizar em Lisboa, procurou-se deliberadamente a descentraliza\u00e7\u00e3o de modo a que a Cultura n\u00e3o se restrinja \u00e0 Capital mas possa atingir novos p\u00fablicos em Portugal. Alguns oradores convidados s\u00e3o oriundos de outros pa\u00edses e espelhar\u00e3o a diversidade intr\u00ednseca da tem\u00e1tica abordada.<\/p>\n<p><strong>\u00a0 \u00a0 \u00a0 \u00a0 Programa<\/strong><\/p>\n<p><img loading=\"lazy\" decoding=\"async\" class=\"wp-image-16728 size-full\" src=\"https:\/\/tintafresca.net\/wp-content\/uploads\/2022\/05\/Leiria_Alcobaca_Mulheres_Francesas.png\" alt=\"\" width=\"842\" height=\"599\" srcset=\"https:\/\/tintafresca.net\/wp-content\/uploads\/2022\/05\/Leiria_Alcobaca_Mulheres_Francesas.png 842w, https:\/\/tintafresca.net\/wp-content\/uploads\/2022\/05\/Leiria_Alcobaca_Mulheres_Francesas-300x213.png 300w, https:\/\/tintafresca.net\/wp-content\/uploads\/2022\/05\/Leiria_Alcobaca_Mulheres_Francesas-768x546.png 768w\" sizes=\"auto, (max-width: 842px) 100vw, 842px\" \/><\/p>\n","protected":false},"excerpt":{"rendered":"<p>No \u00e2mbito da Temporada Cruzada Portugal &#8211; Fran\u00e7a que est\u00e1 a ter lugar nos dois pa\u00edses, est\u00e1 a decorrer o Col\u00f3quio Internacional Francesas em Portugal. Itiner\u00e1rios m\u00faltiplos. As sess\u00f5es decorrem em Leiria na sexta-feira e em Alcoba\u00e7a no s\u00e1bado, dia 21 de maio. Depois, em Outubro, teremos a vers\u00e3o contr\u00e1rias, Portuguesas em Fran\u00e7a, que ter\u00e1 [&hellip;]<\/p>\n","protected":false},"author":2,"featured_media":16730,"comment_status":"open","ping_status":"open","sticky":false,"template":"","format":"standard","meta":{"footnotes":""},"categories":[10],"tags":[],"class_list":["post-16726","post","type-post","status-publish","format-standard","has-post-thumbnail","hentry","category-patrimonio"],"_links":{"self":[{"href":"https:\/\/tintafresca.net\/index.php\/wp-json\/wp\/v2\/posts\/16726","targetHints":{"allow":["GET"]}}],"collection":[{"href":"https:\/\/tintafresca.net\/index.php\/wp-json\/wp\/v2\/posts"}],"about":[{"href":"https:\/\/tintafresca.net\/index.php\/wp-json\/wp\/v2\/types\/post"}],"author":[{"embeddable":true,"href":"https:\/\/tintafresca.net\/index.php\/wp-json\/wp\/v2\/users\/2"}],"replies":[{"embeddable":true,"href":"https:\/\/tintafresca.net\/index.php\/wp-json\/wp\/v2\/comments?post=16726"}],"version-history":[{"count":2,"href":"https:\/\/tintafresca.net\/index.php\/wp-json\/wp\/v2\/posts\/16726\/revisions"}],"predecessor-version":[{"id":16731,"href":"https:\/\/tintafresca.net\/index.php\/wp-json\/wp\/v2\/posts\/16726\/revisions\/16731"}],"wp:featuredmedia":[{"embeddable":true,"href":"https:\/\/tintafresca.net\/index.php\/wp-json\/wp\/v2\/media\/16730"}],"wp:attachment":[{"href":"https:\/\/tintafresca.net\/index.php\/wp-json\/wp\/v2\/media?parent=16726"}],"wp:term":[{"taxonomy":"category","embeddable":true,"href":"https:\/\/tintafresca.net\/index.php\/wp-json\/wp\/v2\/categories?post=16726"},{"taxonomy":"post_tag","embeddable":true,"href":"https:\/\/tintafresca.net\/index.php\/wp-json\/wp\/v2\/tags?post=16726"}],"curies":[{"name":"wp","href":"https:\/\/api.w.org\/{rel}","templated":true}]}}