{"id":16732,"date":"2022-05-20T22:16:52","date_gmt":"2022-05-20T22:16:52","guid":{"rendered":"https:\/\/tintafresca.net\/?p=16732"},"modified":"2022-05-20T22:16:52","modified_gmt":"2022-05-20T22:16:52","slug":"psiquiatria-do-centro-hospitalar-do-oeste-obtem-2-o-premio-series-clinicas-no-vii-forum-neurociencias","status":"publish","type":"post","link":"https:\/\/tintafresca.net\/index.php\/2022\/05\/20\/psiquiatria-do-centro-hospitalar-do-oeste-obtem-2-o-premio-series-clinicas-no-vii-forum-neurociencias\/","title":{"rendered":"Psiquiatria do Centro Hospitalar do Oeste obt\u00e9m 2.\u00ba pr\u00e9mio \u2018S\u00e9ries Cl\u00ednicas\u2019 no VII F\u00f3rum Neuroci\u00eancias"},"content":{"rendered":"<div id=\"attachment_16734\" style=\"width: 510px\" class=\"wp-caption alignleft\"><img loading=\"lazy\" decoding=\"async\" aria-describedby=\"caption-attachment-16734\" class=\"wp-image-16734 size-full\" src=\"https:\/\/tintafresca.net\/wp-content\/uploads\/2022\/05\/CHO_Entrega-Premio-Psiquiatria10.jpg\" alt=\"\" width=\"500\" height=\"375\" srcset=\"https:\/\/tintafresca.net\/wp-content\/uploads\/2022\/05\/CHO_Entrega-Premio-Psiquiatria10.jpg 500w, https:\/\/tintafresca.net\/wp-content\/uploads\/2022\/05\/CHO_Entrega-Premio-Psiquiatria10-300x225.jpg 300w\" sizes=\"auto, (max-width: 500px) 100vw, 500px\" \/><p id=\"caption-attachment-16734\" class=\"wp-caption-text\">Entrega dos pr\u00e9mios J<em>anssen Neuroscience RWE Award 2022<\/em>\u00a0<\/p><\/div>\n<p>A equipa da Consulta do Primeiro Epis\u00f3dio Psic\u00f3tico do CRI de Psiquiatria e Sa\u00fade Mental do Centro Hospitalar do Oeste recebeu o 2.\u00ba pr\u00e9mio\u00a0<em>Janssen Neuroscience RWE Award 2022<\/em>\u00a0na categoria \u2018S\u00e9ries Cl\u00ednicas\u2019, no dia 14 de maio de 2022 no VII F\u00f3rum Neuroci\u00eancias, que decorreu em Lisboa.<\/p>\n<p>O trabalho intitulado \u00abCaracteriza\u00e7\u00e3o Cl\u00ednica e Demogr\u00e1fica dos doentes seguidos na Consulta de Primeiro Epis\u00f3dio Psic\u00f3tico do Centro Hospitalar do Oeste\u00bb foi desenvolvido pela Dra. Sofia Marques, Dra. C\u00e1tia Dias, Dr. Hugo Silva, Dra. Liliana Ferreira, Dra. M\u00f3nica Grais, Enf.\u00ba Nuno \u00c1gua, Dra. Patr\u00edcia Frade e Enf.\u00aa Vera Leal, e premiado com o valor de 1.500 euros.<\/p>\n<p>O estudo foi apresentado pela Dra. Liliana Ferreira, e o pr\u00e9mio foi recebido pela Enf.\u00aa Vera Leal, tem sido votado pelos pares. Este trabalho pretendeu caracterizar a amostra de doentes com primeiro epis\u00f3dio psic\u00f3tico relativamente aos dados sociodemogr\u00e1ficos, diagn\u00f3stico psiqui\u00e1trico, consumo de subst\u00e2ncias psicoativas e principais interven\u00e7\u00f5es realizadas.<\/p>\n<p>Para a diretora do Departamento de Psiquiatria e Sa\u00fade Mental do CHOeste, Dra. Patr\u00edcia Frade, a atribui\u00e7\u00e3o deste pr\u00e9mio \u00e9 o reconhecimento de alguns anos de trabalho nesta \u00e1rea do Primeiro Epis\u00f3dio Psic\u00f3tico e que vem provar que \u00e9 poss\u00edvel fazer um trabalho diferenciado nos hospitais perif\u00e9ricos, e assim proporcionar \u00e0 popula\u00e7\u00e3o interven\u00e7\u00f5es precoces que melhoram o progn\u00f3stico de doen\u00e7as mentais graves, mesmo longe dos Hospitais Centrais.\u00a0 Trata-se de interven\u00e7\u00f5es que exigem uma grande dedica\u00e7\u00e3o dos profissionais envolvidos.<\/p>\n<p>Institu\u00eddo pela\u00a0<em>Janssen-Cilag<\/em>\u00a0Farmac\u00eautica, este pr\u00e9mio\u00a0tem por objetivo galardoar trabalhos cient\u00edficos em \u201c<em>real world evidence<\/em>\u201d de Psiquiatria na \u00e1rea das Psicoses e da Esquizofrenia, com a finalidade de promover a investiga\u00e7\u00e3o nestes dom\u00ednios.<\/p>\n<p>O Centro Hospitalar do Oeste integra os hospitais de Caldas da Rainha, Torres Vedras e Peniche, tendo uma \u00e1rea de influ\u00eancia constitu\u00edda pelas popula\u00e7\u00f5es dos concelhos de Caldas da Rainha, \u00d3bidos, Peniche, Bombarral, Torres Vedras, Cadaval e Lourinh\u00e3 e de parte dos concelhos de Alcoba\u00e7a e de Mafra.<\/p>\n<p><strong>\u00a0 Fonte: GC|CHO<\/strong><\/p>\n","protected":false},"excerpt":{"rendered":"<p>A equipa da Consulta do Primeiro Epis\u00f3dio Psic\u00f3tico do CRI de Psiquiatria e Sa\u00fade Mental do Centro Hospitalar do Oeste recebeu o 2.\u00ba pr\u00e9mio\u00a0Janssen Neuroscience RWE Award 2022\u00a0na categoria \u2018S\u00e9ries Cl\u00ednicas\u2019, no dia 14 de maio de 2022 no VII F\u00f3rum Neuroci\u00eancias, que decorreu em Lisboa. O trabalho intitulado \u00abCaracteriza\u00e7\u00e3o Cl\u00ednica e Demogr\u00e1fica dos doentes [&hellip;]<\/p>\n","protected":false},"author":2,"featured_media":16735,"comment_status":"open","ping_status":"open","sticky":false,"template":"","format":"standard","meta":{"footnotes":""},"categories":[6],"tags":[],"class_list":["post-16732","post","type-post","status-publish","format-standard","has-post-thumbnail","hentry","category-saude"],"_links":{"self":[{"href":"https:\/\/tintafresca.net\/index.php\/wp-json\/wp\/v2\/posts\/16732","targetHints":{"allow":["GET"]}}],"collection":[{"href":"https:\/\/tintafresca.net\/index.php\/wp-json\/wp\/v2\/posts"}],"about":[{"href":"https:\/\/tintafresca.net\/index.php\/wp-json\/wp\/v2\/types\/post"}],"author":[{"embeddable":true,"href":"https:\/\/tintafresca.net\/index.php\/wp-json\/wp\/v2\/users\/2"}],"replies":[{"embeddable":true,"href":"https:\/\/tintafresca.net\/index.php\/wp-json\/wp\/v2\/comments?post=16732"}],"version-history":[{"count":2,"href":"https:\/\/tintafresca.net\/index.php\/wp-json\/wp\/v2\/posts\/16732\/revisions"}],"predecessor-version":[{"id":16736,"href":"https:\/\/tintafresca.net\/index.php\/wp-json\/wp\/v2\/posts\/16732\/revisions\/16736"}],"wp:featuredmedia":[{"embeddable":true,"href":"https:\/\/tintafresca.net\/index.php\/wp-json\/wp\/v2\/media\/16735"}],"wp:attachment":[{"href":"https:\/\/tintafresca.net\/index.php\/wp-json\/wp\/v2\/media?parent=16732"}],"wp:term":[{"taxonomy":"category","embeddable":true,"href":"https:\/\/tintafresca.net\/index.php\/wp-json\/wp\/v2\/categories?post=16732"},{"taxonomy":"post_tag","embeddable":true,"href":"https:\/\/tintafresca.net\/index.php\/wp-json\/wp\/v2\/tags?post=16732"}],"curies":[{"name":"wp","href":"https:\/\/api.w.org\/{rel}","templated":true}]}}