{"id":16763,"date":"2022-05-21T15:42:32","date_gmt":"2022-05-21T15:42:32","guid":{"rendered":"https:\/\/tintafresca.net\/?p=16763"},"modified":"2022-05-21T19:40:50","modified_gmt":"2022-05-21T19:40:50","slug":"feira-do-livro-de-leiria-celebra-a-leitura-no-mercado-de-santana-com-destaque-para-as-criancas","status":"publish","type":"post","link":"https:\/\/tintafresca.net\/index.php\/2022\/05\/21\/feira-do-livro-de-leiria-celebra-a-leitura-no-mercado-de-santana-com-destaque-para-as-criancas\/","title":{"rendered":"Feira do Livro de Leiria celebra a leitura no Mercado de Sant\u2019Ana com destaque para as crian\u00e7as"},"content":{"rendered":"<div id=\"attachment_12414\" style=\"width: 510px\" class=\"wp-caption alignleft\"><img loading=\"lazy\" decoding=\"async\" aria-describedby=\"caption-attachment-12414\" class=\"wp-image-12414 size-full\" src=\"https:\/\/tintafresca.net\/wp-content\/uploads\/2021\/12\/Mercado-Santana-de-Leiria10.jpg\" alt=\"\" width=\"500\" height=\"375\" \/><p id=\"caption-attachment-12414\" class=\"wp-caption-text\">Feira do Livro de Leiria volta a ocupar o Mercado de Sant\u2019Ana<\/p><\/div>\n<p>A Feira do Livro de Leiria volta a ocupar o Mercado de Sant\u2019Ana, e, de 1 a 5 de junho, traz \u00e0 cidade nomes conhecidos da literatura nacional, como Valter Hugo M\u00e3e, Francisco Moita Flores e M\u00e1rio Augusto, entre outros, na semana em que se assinala o Dia da Crian\u00e7a.<\/p>\n<p>Para a vereadora da Educa\u00e7\u00e3o, o evento \u00e9 j\u00e1 uma refer\u00eancia na promo\u00e7\u00e3o da leitura e do livro, que se torna ainda mais relevante devido ao n\u00famero \u201cassustador\u201d de livros que os portugueses leem, referindo-se aos 60 por cento da popula\u00e7\u00e3o n\u00e3o pegou em qualquer livro em 2021.<\/p>\n<p>Para al\u00e9m do apoio aos livreiros em contexto de pandemia, Anabela Gra\u00e7a destacou tamb\u00e9m o car\u00e1ter pedag\u00f3gico da Feira do Livro, j\u00e1 que os alunos dos estabelecimentos de ensino do concelho receberam informa\u00e7\u00e3o sobre os autores que estar\u00e3o presentes e c\u00f3pias dos respetivos livros, para que conhe\u00e7am previamente os escritores com quem ir\u00e3o contactar.<\/p>\n<p>Dado o sucesso da iniciativa, \u201ca parceria \u00e9 para manter\u201d, defendeu Lino Ferreira, Presidente da ACILIS &#8211; Associa\u00e7\u00e3o de Com\u00e9rcio, Ind\u00fastria, Servi\u00e7os e Turismo da Regi\u00e3o de Leiria, para quem um dos aspetos mais positivos do certame \u00e9 o facto de trazer crian\u00e7as \u00e0 cidade.<\/p>\n<p>A programa\u00e7\u00e3o da Feira do Livro, que no primeiro dia ser\u00e1 dedicado ao Dia da Crian\u00e7a, inclui ainda a participa\u00e7\u00e3o da escritora e ilustradora, Alice Vieira, Catarina Sobral, Susana Cardoso Ferreira, Carmen Garcia, Nuno Nepomuceno e de Raul Minh\u2019Alma, que, em conjunto com alguns momentos musicais e de anima\u00e7\u00e3o, protagonizados pela Animoeste, Nuno Esperto e Instituto Jovens M\u00fasicos, fazem da literatura o centro das aten\u00e7\u00f5es.<\/p>\n<p>As livrarias Arquivo, Note (Continente), Gr\u00e1fica de Leiria, Letras e Livros, FNAC e a Papelaria AFA\u2019s (Batalha) marcar\u00e3o presen\u00e7a na edi\u00e7\u00e3o deste ano, numa iniciativa j\u00e1 marcante do panorama da literatura leiriense e organizada em conjunto pelo Munic\u00edpio de Leiria e pela ACILIS.<\/p>\n<p>Crian\u00e7as e adultos poder\u00e3o tamb\u00e9m assistir \u00e0 entrega dos pr\u00e9mios do concurso de escrita criativa Jos\u00e9 Saramago e do concurso de ilustra\u00e7\u00e3o de contos infantis, para al\u00e9m de participar num workshop de escrita criativa com Pedro Chagas Freitas.<\/p>\n<p>\u00c0 semelhan\u00e7a dos anos anteriores, cada aluno das escolas do concelho ir\u00e1 receber um voucher no valor de tr\u00eas euros para descontar em compras nas livrarias do evento.<\/p>\n<p>A Feira do Livro estar\u00e1 aberta das 10:00 \u00e0s 19:00, na quarta e quinta-feira, das 10:00 \u00e0s 23:00, na sexta-feira, das 14:00 \u00e0s 23:00, no s\u00e1bado, e das 14:00 \u00e0s 19:00, no domingo.<\/p>\n<p><strong>\u00a0 \u00a0 Fonte: DCRP|CML<\/strong><\/p>\n","protected":false},"excerpt":{"rendered":"<p>A Feira do Livro de Leiria volta a ocupar o Mercado de Sant\u2019Ana, e, de 1 a 5 de junho, traz \u00e0 cidade nomes conhecidos da literatura nacional, como Valter Hugo M\u00e3e, Francisco Moita Flores e M\u00e1rio Augusto, entre outros, na semana em que se assinala o Dia da Crian\u00e7a. Para a vereadora da Educa\u00e7\u00e3o, [&hellip;]<\/p>\n","protected":false},"author":2,"featured_media":12415,"comment_status":"open","ping_status":"open","sticky":false,"template":"","format":"standard","meta":{"footnotes":""},"categories":[5,14],"tags":[],"class_list":["post-16763","post","type-post","status-publish","format-standard","has-post-thumbnail","hentry","category-artes","category-educacao"],"_links":{"self":[{"href":"https:\/\/tintafresca.net\/index.php\/wp-json\/wp\/v2\/posts\/16763","targetHints":{"allow":["GET"]}}],"collection":[{"href":"https:\/\/tintafresca.net\/index.php\/wp-json\/wp\/v2\/posts"}],"about":[{"href":"https:\/\/tintafresca.net\/index.php\/wp-json\/wp\/v2\/types\/post"}],"author":[{"embeddable":true,"href":"https:\/\/tintafresca.net\/index.php\/wp-json\/wp\/v2\/users\/2"}],"replies":[{"embeddable":true,"href":"https:\/\/tintafresca.net\/index.php\/wp-json\/wp\/v2\/comments?post=16763"}],"version-history":[{"count":3,"href":"https:\/\/tintafresca.net\/index.php\/wp-json\/wp\/v2\/posts\/16763\/revisions"}],"predecessor-version":[{"id":16767,"href":"https:\/\/tintafresca.net\/index.php\/wp-json\/wp\/v2\/posts\/16763\/revisions\/16767"}],"wp:featuredmedia":[{"embeddable":true,"href":"https:\/\/tintafresca.net\/index.php\/wp-json\/wp\/v2\/media\/12415"}],"wp:attachment":[{"href":"https:\/\/tintafresca.net\/index.php\/wp-json\/wp\/v2\/media?parent=16763"}],"wp:term":[{"taxonomy":"category","embeddable":true,"href":"https:\/\/tintafresca.net\/index.php\/wp-json\/wp\/v2\/categories?post=16763"},{"taxonomy":"post_tag","embeddable":true,"href":"https:\/\/tintafresca.net\/index.php\/wp-json\/wp\/v2\/tags?post=16763"}],"curies":[{"name":"wp","href":"https:\/\/api.w.org\/{rel}","templated":true}]}}