{"id":16788,"date":"2022-05-22T15:20:46","date_gmt":"2022-05-22T15:20:46","guid":{"rendered":"https:\/\/tintafresca.net\/?p=16788"},"modified":"2022-05-22T21:02:47","modified_gmt":"2022-05-22T21:02:47","slug":"decir-municipal-de-abrantes-ja-esta-em-funcoes-na-defesa-da-floresta-e-das-populacoes","status":"publish","type":"post","link":"https:\/\/tintafresca.net\/index.php\/2022\/05\/22\/decir-municipal-de-abrantes-ja-esta-em-funcoes-na-defesa-da-floresta-e-das-populacoes\/","title":{"rendered":"DECIR Municipal de Abrantes j\u00e1 est\u00e1 em fun\u00e7\u00f5es na defesa da floresta e das popula\u00e7\u00f5es"},"content":{"rendered":"<div id=\"attachment_16790\" style=\"width: 510px\" class=\"wp-caption alignleft\"><img loading=\"lazy\" decoding=\"async\" aria-describedby=\"caption-attachment-16790\" class=\"wp-image-16790 size-full\" src=\"https:\/\/tintafresca.net\/wp-content\/uploads\/2022\/05\/Abrantes_Protecao_Civil_DECIR20.jpg\" alt=\"\" width=\"500\" height=\"333\" srcset=\"https:\/\/tintafresca.net\/wp-content\/uploads\/2022\/05\/Abrantes_Protecao_Civil_DECIR20.jpg 500w, https:\/\/tintafresca.net\/wp-content\/uploads\/2022\/05\/Abrantes_Protecao_Civil_DECIR20-300x200.jpg 300w\" sizes=\"auto, (max-width: 500px) 100vw, 500px\" \/><p id=\"caption-attachment-16790\" class=\"wp-caption-text\">DECIR do concelho de Abrantes para a \u00e9poca de 2022 foi apresentado no campo de jogos de Carvalhal<\/p><\/div>\n<p>O Dispositivo Especial de Combate a Inc\u00eandios Rurais (DECIR) do concelho de Abrantes para a \u00e9poca de 2022 foi apresentado esta quarta-feira, 18 de maio, no campo de jogos de Carvalhal, e contou com a presen\u00e7a das v\u00e1rias entidades envolvidas no Dispositivo. Este ano, a C\u00e2mara Municipal de Abrantes refor\u00e7ou o apoio aos kits de primeira interven\u00e7\u00e3o contra inc\u00eandios com 175 mil euros, mais 15 mil do que em 2021, para a celebra\u00e7\u00e3o de contratos interadministrativos com as Juntas de Freguesia para fun\u00e7\u00f5es na \u00e1rea da Prote\u00e7\u00e3o Civil.<\/p>\n<p>Na apresenta\u00e7\u00e3o do DECIR Municipal, o Vice-Presidente da C\u00e2mara Municipal de Abrantes, Jo\u00e3o Gomes, come\u00e7ou por agradecer a presen\u00e7a de todos \u201cporque temos a problem\u00e1tica dos fogos rurais que, todos os anos, tem sido um processo complexo e s\u00f3 conseguimos ter resultados com o trabalho em conjunto de todos os operacionais que est\u00e3o aqui hoje, estas interven\u00e7\u00f5es s\u00f3 podem ser resolvidas quando h\u00e1 um trabalho de equipa efetivo no terreno e todas estas entidades s\u00e3o importantes no combate e nos meios que temos \u00e0 disposi\u00e7\u00e3o\u201d.<\/p>\n<p>A grande novidade deste ano \u00e9 o refor\u00e7o do dispositivo com mais duas freguesias: Fontes e Pego que se veem juntar \u00e0 Uni\u00e3o de Freguesias de Abrantes e Alferrarede (dois kits), Aldeia do Mato e Souto, Bemposta, Mouriscas, S. Facundo e Vale das M\u00f3s, Rio de Moinhos, Tramagal e Carvalhal.<\/p>\n<p>\u201cTodas as freguesias s\u00e3o importantes, mas a freguesia de Fontes era muito importante entrar neste dispositivo municipal porque tem um territ\u00f3rio que j\u00e1 foi muito fustigado com os inc\u00eandios\u201d, referiu o Vice-Presidente da C\u00e2mara Municipal de Abrantes salientando o investimento de 175 mil euros do Munic\u00edpio no apoio direto aos kits de 1\u00ba interven\u00e7\u00e3o das juntas de freguesia. \u201cAchamos que \u00e9 um dinheiro muito bem empregue porque estamos a salvaguardar as nossas florestas e as nossas pessoas\u201d.<\/p>\n<div id=\"attachment_16792\" style=\"width: 510px\" class=\"wp-caption alignleft\"><img loading=\"lazy\" decoding=\"async\" aria-describedby=\"caption-attachment-16792\" class=\"wp-image-16792 size-full\" src=\"https:\/\/tintafresca.net\/wp-content\/uploads\/2022\/05\/Abrantes_Protecao_Civil_DECIR10.jpg\" alt=\"\" width=\"500\" height=\"333\" srcset=\"https:\/\/tintafresca.net\/wp-content\/uploads\/2022\/05\/Abrantes_Protecao_Civil_DECIR10.jpg 500w, https:\/\/tintafresca.net\/wp-content\/uploads\/2022\/05\/Abrantes_Protecao_Civil_DECIR10-300x200.jpg 300w\" sizes=\"auto, (max-width: 500px) 100vw, 500px\" \/><p id=\"caption-attachment-16792\" class=\"wp-caption-text\">Martinchel, Aldeia do Mato e Souto, Carvalhal e Fontes ter\u00e3o um refor\u00e7o de meios em locais estrat\u00e9gicos para vigil\u00e2ncia<\/p><\/div>\n<p>Paulo Ferreira, Comandante Operacional Municipal, explicou que \u201ca zona norte do nosso concelho \u00e9 a que nos preocupa mais e estas quatro freguesias priorit\u00e1rias (Martinchel, Aldeia do Mato e Souto, Carvalhal e Fontes) ter\u00e3o um refor\u00e7o de meios em locais estrat\u00e9gicos para vigil\u00e2ncia e est\u00e3o a ser constitu\u00eddas aldeias seguras nestas freguesias\u201d.<\/p>\n<p>Jo\u00e3o Gomes referiu ainda o grupo de apoio ao DECIR Municipal, composto por entidades privadas e civis que, em caso de necessidade, \u201cfornecem m\u00e1quinas e cisternas para refor\u00e7ar os meios que aqui temos hoje representados e que tamb\u00e9m \u00e9 muito importante\u201d. \u201cEsperemos que n\u00e3o seja um ano com muita interven\u00e7\u00e3o, que tudo corra bem\u201d, afirmou Jo\u00e3o Gomes concluindo que \u201cs\u00f3 em conjunto com toda as equipas a trabalhar \u00e9 que conseguimos ter um bom trabalho\u201d.<\/p>\n<p>Salientamos que desde 2019, o Munic\u00edpio de Abrantes j\u00e1 investiu mais de meio milh\u00e3o de euros nos kits de primeira interven\u00e7\u00e3o para as Juntas de Freguesia.<\/p>\n<p><strong>\u00a0 \u00a0Fonte: GVDC|CMA<\/strong><\/p>\n","protected":false},"excerpt":{"rendered":"<p>O Dispositivo Especial de Combate a Inc\u00eandios Rurais (DECIR) do concelho de Abrantes para a \u00e9poca de 2022 foi apresentado esta quarta-feira, 18 de maio, no campo de jogos de Carvalhal, e contou com a presen\u00e7a das v\u00e1rias entidades envolvidas no Dispositivo. Este ano, a C\u00e2mara Municipal de Abrantes refor\u00e7ou o apoio aos kits de [&hellip;]<\/p>\n","protected":false},"author":2,"featured_media":16791,"comment_status":"open","ping_status":"open","sticky":false,"template":"","format":"standard","meta":{"footnotes":""},"categories":[9],"tags":[],"class_list":["post-16788","post","type-post","status-publish","format-standard","has-post-thumbnail","hentry","category-ambiente"],"_links":{"self":[{"href":"https:\/\/tintafresca.net\/index.php\/wp-json\/wp\/v2\/posts\/16788","targetHints":{"allow":["GET"]}}],"collection":[{"href":"https:\/\/tintafresca.net\/index.php\/wp-json\/wp\/v2\/posts"}],"about":[{"href":"https:\/\/tintafresca.net\/index.php\/wp-json\/wp\/v2\/types\/post"}],"author":[{"embeddable":true,"href":"https:\/\/tintafresca.net\/index.php\/wp-json\/wp\/v2\/users\/2"}],"replies":[{"embeddable":true,"href":"https:\/\/tintafresca.net\/index.php\/wp-json\/wp\/v2\/comments?post=16788"}],"version-history":[{"count":2,"href":"https:\/\/tintafresca.net\/index.php\/wp-json\/wp\/v2\/posts\/16788\/revisions"}],"predecessor-version":[{"id":16793,"href":"https:\/\/tintafresca.net\/index.php\/wp-json\/wp\/v2\/posts\/16788\/revisions\/16793"}],"wp:featuredmedia":[{"embeddable":true,"href":"https:\/\/tintafresca.net\/index.php\/wp-json\/wp\/v2\/media\/16791"}],"wp:attachment":[{"href":"https:\/\/tintafresca.net\/index.php\/wp-json\/wp\/v2\/media?parent=16788"}],"wp:term":[{"taxonomy":"category","embeddable":true,"href":"https:\/\/tintafresca.net\/index.php\/wp-json\/wp\/v2\/categories?post=16788"},{"taxonomy":"post_tag","embeddable":true,"href":"https:\/\/tintafresca.net\/index.php\/wp-json\/wp\/v2\/tags?post=16788"}],"curies":[{"name":"wp","href":"https:\/\/api.w.org\/{rel}","templated":true}]}}