{"id":16819,"date":"2022-05-23T20:02:08","date_gmt":"2022-05-23T20:02:08","guid":{"rendered":"https:\/\/tintafresca.net\/?p=16819"},"modified":"2022-05-23T22:13:21","modified_gmt":"2022-05-23T22:13:21","slug":"em-coordenacao-com-a-agencia-portuguesa-do-ambiente-e-capitania-do-porto-da-nazare","status":"publish","type":"post","link":"https:\/\/tintafresca.net\/index.php\/2022\/05\/23\/em-coordenacao-com-a-agencia-portuguesa-do-ambiente-e-capitania-do-porto-da-nazare\/","title":{"rendered":"Munic\u00edpio da Nazar\u00e9 instala barreiras de prote\u00e7\u00e3o \u00e0s arribas em dire\u00e7\u00e3o ao Forte de S\u00e3o Miguel Arcanjo."},"content":{"rendered":"<div id=\"attachment_16821\" style=\"width: 510px\" class=\"wp-caption alignleft\"><img loading=\"lazy\" decoding=\"async\" aria-describedby=\"caption-attachment-16821\" class=\"wp-image-16821 size-full\" src=\"https:\/\/tintafresca.net\/wp-content\/uploads\/2022\/05\/Nazare_vedacaopraiadonorte10.jpg\" alt=\"\" width=\"500\" height=\"374\" srcset=\"https:\/\/tintafresca.net\/wp-content\/uploads\/2022\/05\/Nazare_vedacaopraiadonorte10.jpg 500w, https:\/\/tintafresca.net\/wp-content\/uploads\/2022\/05\/Nazare_vedacaopraiadonorte10-300x224.jpg 300w\" sizes=\"auto, (max-width: 500px) 100vw, 500px\" \/><p id=\"caption-attachment-16821\" class=\"wp-caption-text\">Barreiras de prote\u00e7\u00e3o \u00e0s arribas junto ao Forte de S\u00e3o Miguel Arcanjo<\/p><\/div>\n<p>O Munic\u00edpio da Nazar\u00e9 instalou barreiras de prote\u00e7\u00e3o \u00e0s arribas em dire\u00e7\u00e3o ao Forte de S\u00e3o Miguel Arcanjo.<\/p>\n<p>A interven\u00e7\u00e3o, realizada pelo Gabinete de Ambiente e Servi\u00e7o Municipal de Prote\u00e7\u00e3o Civil do Munic\u00edpio da Nazar\u00e9, em coordena\u00e7\u00e3o com a Ag\u00eancia Portuguesa do Ambiente e Capitania do Porto da Nazar\u00e9, cobre uma extens\u00e3o de 200 metros.<\/p>\n<p>\u201cN\u00e3o sendo uma \u00e1rea sob a jurisdi\u00e7\u00e3o do Munic\u00edpio da Nazar\u00e9, t\u00ednhamos necessidade de implementar estas barreiras. Tendo em conta o hist\u00f3rico e a aflu\u00eancia de pessoas ao local, ach\u00e1mos que seria importante implementar estas medidas, feitas com o consentimento da APA \u2013 Ag\u00eancia Portuguesa do Ambiente\u201d, explicou o vereador da C\u00e2mara, Orlando Rodrigues, acrescentando que se trata de um projeto que n\u00e3o est\u00e1 fechado e que se insere no plano de a\u00e7\u00e3o que visa a reabilita\u00e7\u00e3o daquele espa\u00e7o.<\/p>\n<p>Desencadeada no final da semana passada, a veda\u00e7\u00e3o colocada a 10 metros das arribas tem um efeito dissuasor da aproxima\u00e7\u00e3o de pessoas a \u00e1reas sens\u00edveis, minimizando o risco de acidentes e incidentes naquela \u00e1rea.<\/p>\n<p>\u201cNa nossa opini\u00e3o, resolve uma parte do problema. \u00c9 necess\u00e1rio para a preven\u00e7\u00e3o e limita\u00e7\u00e3o da aproxima\u00e7\u00e3o de pessoas \u00e0s arribas\u201d.<\/p>\n<p><strong>\u00a0 \u00a0 \u00a0Fonte: SM|GCI|CMN<\/strong><\/p>\n","protected":false},"excerpt":{"rendered":"<p>O Munic\u00edpio da Nazar\u00e9 instalou barreiras de prote\u00e7\u00e3o \u00e0s arribas em dire\u00e7\u00e3o ao Forte de S\u00e3o Miguel Arcanjo. A interven\u00e7\u00e3o, realizada pelo Gabinete de Ambiente e Servi\u00e7o Municipal de Prote\u00e7\u00e3o Civil do Munic\u00edpio da Nazar\u00e9, em coordena\u00e7\u00e3o com a Ag\u00eancia Portuguesa do Ambiente e Capitania do Porto da Nazar\u00e9, cobre uma extens\u00e3o de 200 metros. [&hellip;]<\/p>\n","protected":false},"author":2,"featured_media":16823,"comment_status":"open","ping_status":"open","sticky":false,"template":"","format":"standard","meta":{"footnotes":""},"categories":[9],"tags":[],"class_list":["post-16819","post","type-post","status-publish","format-standard","has-post-thumbnail","hentry","category-ambiente"],"_links":{"self":[{"href":"https:\/\/tintafresca.net\/index.php\/wp-json\/wp\/v2\/posts\/16819","targetHints":{"allow":["GET"]}}],"collection":[{"href":"https:\/\/tintafresca.net\/index.php\/wp-json\/wp\/v2\/posts"}],"about":[{"href":"https:\/\/tintafresca.net\/index.php\/wp-json\/wp\/v2\/types\/post"}],"author":[{"embeddable":true,"href":"https:\/\/tintafresca.net\/index.php\/wp-json\/wp\/v2\/users\/2"}],"replies":[{"embeddable":true,"href":"https:\/\/tintafresca.net\/index.php\/wp-json\/wp\/v2\/comments?post=16819"}],"version-history":[{"count":3,"href":"https:\/\/tintafresca.net\/index.php\/wp-json\/wp\/v2\/posts\/16819\/revisions"}],"predecessor-version":[{"id":16830,"href":"https:\/\/tintafresca.net\/index.php\/wp-json\/wp\/v2\/posts\/16819\/revisions\/16830"}],"wp:featuredmedia":[{"embeddable":true,"href":"https:\/\/tintafresca.net\/index.php\/wp-json\/wp\/v2\/media\/16823"}],"wp:attachment":[{"href":"https:\/\/tintafresca.net\/index.php\/wp-json\/wp\/v2\/media?parent=16819"}],"wp:term":[{"taxonomy":"category","embeddable":true,"href":"https:\/\/tintafresca.net\/index.php\/wp-json\/wp\/v2\/categories?post=16819"},{"taxonomy":"post_tag","embeddable":true,"href":"https:\/\/tintafresca.net\/index.php\/wp-json\/wp\/v2\/tags?post=16819"}],"curies":[{"name":"wp","href":"https:\/\/api.w.org\/{rel}","templated":true}]}}